{"id":1955,"date":"2024-03-18T17:14:46","date_gmt":"2024-03-18T16:14:46","guid":{"rendered":"https:\/\/mocliege.be\/ciep-verviers\/?p=1955"},"modified":"2024-03-18T17:17:01","modified_gmt":"2024-03-18T16:17:01","slug":"verviers-27-03-24-atelier-grainotheque-leau-et-son-cycle","status":"publish","type":"post","link":"https:\/\/mocliege.be\/ciep-verviers\/verviers-27-03-24-atelier-grainotheque-leau-et-son-cycle\/","title":{"rendered":"Verviers | 27\/03\/24 | Atelier grainoth\u00e8que : l&rsquo;Eau et son cycle"},"content":{"rendered":"<div class=\"xdj266r x11i5rnm xat24cr x1mh8g0r x1vvkbs\">Profitons des Journ\u00e9es wallonnes de l&rsquo;eau pour en d\u00e9couvrir certains aspects :<\/div>\n<ul>\n<li class=\"x11i5rnm xat24cr x1mh8g0r x1vvkbs xtlvy1s\">D&rsquo;o\u00f9 vient notre eau du robinet ?<\/li>\n<li class=\"x11i5rnm xat24cr x1mh8g0r x1vvkbs xtlvy1s\">Quels traitements subit-elle avant qu&rsquo;on puisse la boire ?<\/li>\n<li class=\"x11i5rnm xat24cr x1mh8g0r x1vvkbs xtlvy1s\">Est-elle r\u00e9guli\u00e8rement analys\u00e9e ?<\/li>\n<li class=\"x11i5rnm xat24cr x1mh8g0r x1vvkbs xtlvy1s\">Comment arrive-t-elle jusqu&rsquo;\u00e0 chez nous ?<\/li>\n<li class=\"x11i5rnm xat24cr x1mh8g0r x1vvkbs xtlvy1s\">Et apr\u00e8s, que se passe-t-il ? O\u00f9 part l&rsquo;eau us\u00e9e et comment est-elle trait\u00e9e ?<\/li>\n<li class=\"x11i5rnm xat24cr x1mh8g0r x1vvkbs xtlvy1s\">Avaloirs\/Egouts, quelles diff\u00e9rences ?<\/li>\n<\/ul>\n<div class=\"x11i5rnm xat24cr x1mh8g0r x1vvkbs xtlvy1s\">Messieurs Thierry Goffin de la SWDE et Christophe Willemarck du Contrat Rivi\u00e8re Vesdre vous informeront concr\u00e8tement et r\u00e9pondront \u00e0 vos questions.<\/div>\n<p>&nbsp;<\/p>\n<div><strong>Informations pratiques :<\/strong><\/div>\n<div>Mercredi 27 mars \u00e0 19h30 \u00e0 la Biblioth\u00e8que de Spa (Rue Royale, 4900 SPA)<\/div>\n<div class=\"x11i5rnm xat24cr x1mh8g0r x1vvkbs xtlvy1s\">Animation gratuite, r\u00e9servation et informations au 087\/77-24-52 ou par mail (<a href=\"mailto:bibliotheque@villedespa.be\">bibliotheque@villedespa.be<\/a>)<\/div>\n<p>&nbsp;<\/p>\n<p><img loading=\"lazy\" decoding=\"async\" class=\"wp-image-1956 aligncenter\" src=\"https:\/\/mocliege.be\/ciep-verviers\/wp-content\/uploads\/sites\/6\/2024\/03\/Affiche-Leau-et-son-cycle-270324-1-212x300.jpg\" alt=\"\" width=\"435\" height=\"616\" srcset=\"https:\/\/mocliege.be\/ciep-verviers\/wp-content\/uploads\/sites\/6\/2024\/03\/Affiche-Leau-et-son-cycle-270324-1-212x300.jpg 212w, https:\/\/mocliege.be\/ciep-verviers\/wp-content\/uploads\/sites\/6\/2024\/03\/Affiche-Leau-et-son-cycle-270324-1-45x64.jpg 45w, https:\/\/mocliege.be\/ciep-verviers\/wp-content\/uploads\/sites\/6\/2024\/03\/Affiche-Leau-et-son-cycle-270324-1-177x250.jpg 177w, https:\/\/mocliege.be\/ciep-verviers\/wp-content\/uploads\/sites\/6\/2024\/03\/Affiche-Leau-et-son-cycle-270324-1-53x75.jpg 53w, https:\/\/mocliege.be\/ciep-verviers\/wp-content\/uploads\/sites\/6\/2024\/03\/Affiche-Leau-et-son-cycle-270324-1-150x212.jpg 150w\" sizes=\"(max-width: 435px) 100vw, 435px\" \/><\/p>\n<p>&nbsp;<\/p>\n","protected":false},"excerpt":{"rendered":"<p>Profitons des Journ\u00e9es wallonnes de l&rsquo;eau pour en d\u00e9couvrir certains aspects : D&rsquo;o\u00f9 vient notre [&hellip;]<\/p>\n","protected":false},"author":17,"featured_media":1956,"comment_status":"open","ping_status":"open","sticky":false,"template":"","format":"standard","meta":{"_monsterinsights_skip_tracking":false,"_monsterinsights_sitenote_active":false,"_monsterinsights_sitenote_note":"","_monsterinsights_sitenote_category":0,"footnotes":""},"categories":[1],"tags":[11],"acf":[],"yoast_head":"<!-- This site is optimized with the Yoast SEO plugin v19.14 - https:\/\/yoast.com\/wordpress\/plugins\/seo\/ -->\n<title>Verviers | 27\/03\/24 | Atelier grainoth\u00e8que : l&#039;Eau et son cycle - Ciep-verviers<\/title>\n<meta name=\"robots\" content=\"index, follow, max-snippet:-1, max-image-preview:large, max-video-preview:-1\" \/>\n<link rel=\"canonical\" href=\"https:\/\/mocliege.be\/ciep-verviers\/verviers-27-03-24-atelier-grainotheque-leau-et-son-cycle\/\" \/>\n<meta property=\"og:locale\" content=\"fr_FR\" \/>\n<meta property=\"og:type\" content=\"article\" \/>\n<meta property=\"og:title\" content=\"Verviers | 27\/03\/24 | Atelier grainoth\u00e8que : l&#039;Eau et son cycle - Ciep-verviers\" \/>\n<meta property=\"og:description\" content=\"Profitons des Journ\u00e9es wallonnes de l&rsquo;eau pour en d\u00e9couvrir certains aspects : D&rsquo;o\u00f9 vient notre [&hellip;]\" \/>\n<meta property=\"og:url\" content=\"https:\/\/mocliege.be\/ciep-verviers\/verviers-27-03-24-atelier-grainotheque-leau-et-son-cycle\/\" \/>\n<meta property=\"og:site_name\" content=\"Ciep-verviers\" \/>\n<meta property=\"article:published_time\" content=\"2024-03-18T16:14:46+00:00\" \/>\n<meta property=\"article:modified_time\" content=\"2024-03-18T16:17:01+00:00\" \/>\n<meta property=\"og:image\" content=\"https:\/\/mocliege.be\/ciep-verviers\/wp-content\/uploads\/sites\/6\/2024\/03\/Affiche-Leau-et-son-cycle-270324-1.jpg\" \/>\n\t<meta property=\"og:image:width\" content=\"796\" \/>\n\t<meta property=\"og:image:height\" content=\"1124\" \/>\n\t<meta property=\"og:image:type\" content=\"image\/jpeg\" \/>\n<meta name=\"author\" content=\"leysten\" \/>\n<meta name=\"twitter:card\" content=\"summary_large_image\" \/>\n<meta name=\"twitter:label1\" content=\"\u00c9crit par\" \/>\n\t<meta name=\"twitter:data1\" content=\"leysten\" \/>\n\t<meta name=\"twitter:label2\" content=\"Dur\u00e9e de lecture estim\u00e9e\" \/>\n\t<meta name=\"twitter:data2\" content=\"1 minute\" \/>\n<script type=\"application\/ld+json\" class=\"yoast-schema-graph\">{\"@context\":\"https:\/\/schema.org\",\"@graph\":[{\"@type\":\"WebPage\",\"@id\":\"https:\/\/mocliege.be\/ciep-verviers\/verviers-27-03-24-atelier-grainotheque-leau-et-son-cycle\/\",\"url\":\"https:\/\/mocliege.be\/ciep-verviers\/verviers-27-03-24-atelier-grainotheque-leau-et-son-cycle\/\",\"name\":\"Verviers | 27\/03\/24 | Atelier grainoth\u00e8que : l'Eau et son cycle - Ciep-verviers\",\"isPartOf\":{\"@id\":\"https:\/\/mocliege.be\/ciep-verviers\/#website\"},\"datePublished\":\"2024-03-18T16:14:46+00:00\",\"dateModified\":\"2024-03-18T16:17:01+00:00\",\"author\":{\"@id\":\"https:\/\/mocliege.be\/ciep-verviers\/#\/schema\/person\/7b93d1557a445ae7e3b25e6c34ac0a09\"},\"breadcrumb\":{\"@id\":\"https:\/\/mocliege.be\/ciep-verviers\/verviers-27-03-24-atelier-grainotheque-leau-et-son-cycle\/#breadcrumb\"},\"inLanguage\":\"fr-FR\",\"potentialAction\":[{\"@type\":\"ReadAction\",\"target\":[\"https:\/\/mocliege.be\/ciep-verviers\/verviers-27-03-24-atelier-grainotheque-leau-et-son-cycle\/\"]}]},{\"@type\":\"BreadcrumbList\",\"@id\":\"https:\/\/mocliege.be\/ciep-verviers\/verviers-27-03-24-atelier-grainotheque-leau-et-son-cycle\/#breadcrumb\",\"itemListElement\":[{\"@type\":\"ListItem\",\"position\":1,\"name\":\"Accueil\",\"item\":\"https:\/\/mocliege.be\/ciep-verviers\/\"},{\"@type\":\"ListItem\",\"position\":2,\"name\":\"Verviers | 27\/03\/24 | Atelier grainoth\u00e8que : l&rsquo;Eau et son cycle\"}]},{\"@type\":\"WebSite\",\"@id\":\"https:\/\/mocliege.be\/ciep-verviers\/#website\",\"url\":\"https:\/\/mocliege.be\/ciep-verviers\/\",\"name\":\"Ciep-verviers\",\"description\":\"Un site utilisant Sites du MOC - Li\u00e8ge\",\"potentialAction\":[{\"@type\":\"SearchAction\",\"target\":{\"@type\":\"EntryPoint\",\"urlTemplate\":\"https:\/\/mocliege.be\/ciep-verviers\/?s={search_term_string}\"},\"query-input\":\"required name=search_term_string\"}],\"inLanguage\":\"fr-FR\"},{\"@type\":\"Person\",\"@id\":\"https:\/\/mocliege.be\/ciep-verviers\/#\/schema\/person\/7b93d1557a445ae7e3b25e6c34ac0a09\",\"name\":\"leysten\",\"image\":{\"@type\":\"ImageObject\",\"inLanguage\":\"fr-FR\",\"@id\":\"https:\/\/mocliege.be\/ciep-verviers\/#\/schema\/person\/image\/\",\"url\":\"https:\/\/secure.gravatar.com\/avatar\/649ab73f8cfba33ce337612dfcf51c0d?s=96&d=mm&r=g\",\"contentUrl\":\"https:\/\/secure.gravatar.com\/avatar\/649ab73f8cfba33ce337612dfcf51c0d?s=96&d=mm&r=g\",\"caption\":\"leysten\"},\"url\":\"https:\/\/mocliege.be\/ciep-verviers\/author\/leysten\/\"}]}<\/script>\n<!-- \/ Yoast SEO plugin. -->","yoast_head_json":{"title":"Verviers | 27\/03\/24 | Atelier grainoth\u00e8que : l'Eau et son cycle - Ciep-verviers","robots":{"index":"index","follow":"follow","max-snippet":"max-snippet:-1","max-image-preview":"max-image-preview:large","max-video-preview":"max-video-preview:-1"},"canonical":"https:\/\/mocliege.be\/ciep-verviers\/verviers-27-03-24-atelier-grainotheque-leau-et-son-cycle\/","og_locale":"fr_FR","og_type":"article","og_title":"Verviers | 27\/03\/24 | Atelier grainoth\u00e8que : l'Eau et son cycle - Ciep-verviers","og_description":"Profitons des Journ\u00e9es wallonnes de l&rsquo;eau pour en d\u00e9couvrir certains aspects : D&rsquo;o\u00f9 vient notre [&hellip;]","og_url":"https:\/\/mocliege.be\/ciep-verviers\/verviers-27-03-24-atelier-grainotheque-leau-et-son-cycle\/","og_site_name":"Ciep-verviers","article_published_time":"2024-03-18T16:14:46+00:00","article_modified_time":"2024-03-18T16:17:01+00:00","og_image":[{"width":796,"height":1124,"url":"https:\/\/mocliege.be\/ciep-verviers\/wp-content\/uploads\/sites\/6\/2024\/03\/Affiche-Leau-et-son-cycle-270324-1.jpg","type":"image\/jpeg"}],"author":"leysten","twitter_card":"summary_large_image","twitter_misc":{"\u00c9crit par":"leysten","Dur\u00e9e de lecture estim\u00e9e":"1 minute"},"schema":{"@context":"https:\/\/schema.org","@graph":[{"@type":"WebPage","@id":"https:\/\/mocliege.be\/ciep-verviers\/verviers-27-03-24-atelier-grainotheque-leau-et-son-cycle\/","url":"https:\/\/mocliege.be\/ciep-verviers\/verviers-27-03-24-atelier-grainotheque-leau-et-son-cycle\/","name":"Verviers | 27\/03\/24 | Atelier grainoth\u00e8que : l'Eau et son cycle - Ciep-verviers","isPartOf":{"@id":"https:\/\/mocliege.be\/ciep-verviers\/#website"},"datePublished":"2024-03-18T16:14:46+00:00","dateModified":"2024-03-18T16:17:01+00:00","author":{"@id":"https:\/\/mocliege.be\/ciep-verviers\/#\/schema\/person\/7b93d1557a445ae7e3b25e6c34ac0a09"},"breadcrumb":{"@id":"https:\/\/mocliege.be\/ciep-verviers\/verviers-27-03-24-atelier-grainotheque-leau-et-son-cycle\/#breadcrumb"},"inLanguage":"fr-FR","potentialAction":[{"@type":"ReadAction","target":["https:\/\/mocliege.be\/ciep-verviers\/verviers-27-03-24-atelier-grainotheque-leau-et-son-cycle\/"]}]},{"@type":"BreadcrumbList","@id":"https:\/\/mocliege.be\/ciep-verviers\/verviers-27-03-24-atelier-grainotheque-leau-et-son-cycle\/#breadcrumb","itemListElement":[{"@type":"ListItem","position":1,"name":"Accueil","item":"https:\/\/mocliege.be\/ciep-verviers\/"},{"@type":"ListItem","position":2,"name":"Verviers | 27\/03\/24 | Atelier grainoth\u00e8que : l&rsquo;Eau et son cycle"}]},{"@type":"WebSite","@id":"https:\/\/mocliege.be\/ciep-verviers\/#website","url":"https:\/\/mocliege.be\/ciep-verviers\/","name":"Ciep-verviers","description":"Un site utilisant Sites du MOC - Li\u00e8ge","potentialAction":[{"@type":"SearchAction","target":{"@type":"EntryPoint","urlTemplate":"https:\/\/mocliege.be\/ciep-verviers\/?s={search_term_string}"},"query-input":"required name=search_term_string"}],"inLanguage":"fr-FR"},{"@type":"Person","@id":"https:\/\/mocliege.be\/ciep-verviers\/#\/schema\/person\/7b93d1557a445ae7e3b25e6c34ac0a09","name":"leysten","image":{"@type":"ImageObject","inLanguage":"fr-FR","@id":"https:\/\/mocliege.be\/ciep-verviers\/#\/schema\/person\/image\/","url":"https:\/\/secure.gravatar.com\/avatar\/649ab73f8cfba33ce337612dfcf51c0d?s=96&d=mm&r=g","contentUrl":"https:\/\/secure.gravatar.com\/avatar\/649ab73f8cfba33ce337612dfcf51c0d?s=96&d=mm&r=g","caption":"leysten"},"url":"https:\/\/mocliege.be\/ciep-verviers\/author\/leysten\/"}]}},"_links":{"self":[{"href":"https:\/\/mocliege.be\/ciep-verviers\/wp-json\/wp\/v2\/posts\/1955"}],"collection":[{"href":"https:\/\/mocliege.be\/ciep-verviers\/wp-json\/wp\/v2\/posts"}],"about":[{"href":"https:\/\/mocliege.be\/ciep-verviers\/wp-json\/wp\/v2\/types\/post"}],"author":[{"embeddable":true,"href":"https:\/\/mocliege.be\/ciep-verviers\/wp-json\/wp\/v2\/users\/17"}],"replies":[{"embeddable":true,"href":"https:\/\/mocliege.be\/ciep-verviers\/wp-json\/wp\/v2\/comments?post=1955"}],"version-history":[{"count":4,"href":"https:\/\/mocliege.be\/ciep-verviers\/wp-json\/wp\/v2\/posts\/1955\/revisions"}],"predecessor-version":[{"id":1959,"href":"https:\/\/mocliege.be\/ciep-verviers\/wp-json\/wp\/v2\/posts\/1955\/revisions\/1959"}],"wp:featuredmedia":[{"embeddable":true,"href":"https:\/\/mocliege.be\/ciep-verviers\/wp-json\/wp\/v2\/media\/1956"}],"wp:attachment":[{"href":"https:\/\/mocliege.be\/ciep-verviers\/wp-json\/wp\/v2\/media?parent=1955"}],"wp:term":[{"taxonomy":"category","embeddable":true,"href":"https:\/\/mocliege.be\/ciep-verviers\/wp-json\/wp\/v2\/categories?post=1955"},{"taxonomy":"post_tag","embeddable":true,"href":"https:\/\/mocliege.be\/ciep-verviers\/wp-json\/wp\/v2\/tags?post=1955"}],"curies":[{"name":"wp","href":"https:\/\/api.w.org\/{rel}","templated":true}]}}