{"id":1965,"date":"2024-04-24T09:50:53","date_gmt":"2024-04-24T07:50:53","guid":{"rendered":"https:\/\/mocliege.be\/ciep-verviers\/?p=1965"},"modified":"2024-04-24T09:52:37","modified_gmt":"2024-04-24T07:52:37","slug":"verviers-04-05-24-cafe-citoyen-la-vesdrienne","status":"publish","type":"post","link":"https:\/\/mocliege.be\/ciep-verviers\/verviers-04-05-24-cafe-citoyen-la-vesdrienne\/","title":{"rendered":"Verviers | 04\/05\/24 | Caf\u00e9-citoyen &#8211; La Vesdrienne"},"content":{"rendered":"<div>\n<p>Pour le caf\u00e9-citoyen du mois de mai, nous vous invitons \u00e0 une discussion autour de la <a href=\"https:\/\/www.verviers.be\/ma-ville\/grands-projets\/projets-en-developpement\/la-vesdrienne\">Vesdrienne<\/a>, cette voie cyclable qui vise \u00e0 connecter les grands p\u00f4les urbains que sont Li\u00e8ge et Aix-La-Chapelle via la vall\u00e9e de la Vesdre. Il s\u2019agit d\u2019un axe structurel auquel se connectera le reste du maillage cyclable de l\u2019arrondissement.<\/p>\n<p>&nbsp;<\/p>\n<p>Informations pratiques :<\/p>\n<\/div>\n<ul>\n<li>Quand ? Le samedi 4 mai \u00e0 10h<\/li>\n<li>O\u00f9 ? Au Croc\u2019Espace (Rue de la Station 35, Verviers)<\/li>\n<li>Une activit\u00e9 gratuite et ouverte \u00e0 tout le monde<\/li>\n<li><span class=\"OYPEnA text-decoration-none text-strikethrough-none\">Contact :\u00a0<\/span><a class=\"OYPEnA text-decoration-none text-strikethrough-none\" href=\"mailto:vavea@protonmail.com\" target=\"_blank\" rel=\"noopener\">vavea@protonmail.com<\/a><span class=\"OYPEnA text-decoration-none text-strikethrough-none\">\u00a0(0472 57 86 07)<\/span><\/li>\n<\/ul>\n<p><img loading=\"lazy\" decoding=\"async\" class=\"wp-image-1966 aligncenter\" src=\"https:\/\/mocliege.be\/ciep-verviers\/wp-content\/uploads\/sites\/6\/2024\/04\/Cafe-citoyen-1-212x300.jpg\" alt=\"\" width=\"425\" height=\"601\" srcset=\"https:\/\/mocliege.be\/ciep-verviers\/wp-content\/uploads\/sites\/6\/2024\/04\/Cafe-citoyen-1-212x300.jpg 212w, https:\/\/mocliege.be\/ciep-verviers\/wp-content\/uploads\/sites\/6\/2024\/04\/Cafe-citoyen-1-724x1024.jpg 724w, https:\/\/mocliege.be\/ciep-verviers\/wp-content\/uploads\/sites\/6\/2024\/04\/Cafe-citoyen-1-768x1086.jpg 768w, https:\/\/mocliege.be\/ciep-verviers\/wp-content\/uploads\/sites\/6\/2024\/04\/Cafe-citoyen-1-1086x1536.jpg 1086w, https:\/\/mocliege.be\/ciep-verviers\/wp-content\/uploads\/sites\/6\/2024\/04\/Cafe-citoyen-1-1448x2048.jpg 1448w, https:\/\/mocliege.be\/ciep-verviers\/wp-content\/uploads\/sites\/6\/2024\/04\/Cafe-citoyen-1-45x64.jpg 45w, https:\/\/mocliege.be\/ciep-verviers\/wp-content\/uploads\/sites\/6\/2024\/04\/Cafe-citoyen-1-177x250.jpg 177w, https:\/\/mocliege.be\/ciep-verviers\/wp-content\/uploads\/sites\/6\/2024\/04\/Cafe-citoyen-1-53x75.jpg 53w, https:\/\/mocliege.be\/ciep-verviers\/wp-content\/uploads\/sites\/6\/2024\/04\/Cafe-citoyen-1-150x212.jpg 150w, https:\/\/mocliege.be\/ciep-verviers\/wp-content\/uploads\/sites\/6\/2024\/04\/Cafe-citoyen-1-450x637.jpg 450w, https:\/\/mocliege.be\/ciep-verviers\/wp-content\/uploads\/sites\/6\/2024\/04\/Cafe-citoyen-1-600x849.jpg 600w, https:\/\/mocliege.be\/ciep-verviers\/wp-content\/uploads\/sites\/6\/2024\/04\/Cafe-citoyen-1-1200x1698.jpg 1200w, https:\/\/mocliege.be\/ciep-verviers\/wp-content\/uploads\/sites\/6\/2024\/04\/Cafe-citoyen-1.jpg 1587w\" sizes=\"(max-width: 425px) 100vw, 425px\" \/><\/p>\n","protected":false},"excerpt":{"rendered":"<p>Pour le caf\u00e9-citoyen du mois de mai, nous vous invitons \u00e0 une discussion autour de [&hellip;]<\/p>\n","protected":false},"author":17,"featured_media":1966,"comment_status":"open","ping_status":"open","sticky":false,"template":"","format":"standard","meta":{"_monsterinsights_skip_tracking":false,"_monsterinsights_sitenote_active":false,"_monsterinsights_sitenote_note":"","_monsterinsights_sitenote_category":0,"footnotes":""},"categories":[1],"tags":[11],"acf":[],"yoast_head":"<!-- This site is optimized with the Yoast SEO plugin v19.14 - https:\/\/yoast.com\/wordpress\/plugins\/seo\/ -->\n<title>Verviers | 04\/05\/24 | Caf\u00e9-citoyen - La Vesdrienne - Ciep-verviers<\/title>\n<meta name=\"robots\" content=\"index, follow, max-snippet:-1, max-image-preview:large, max-video-preview:-1\" \/>\n<link rel=\"canonical\" href=\"https:\/\/mocliege.be\/ciep-verviers\/verviers-04-05-24-cafe-citoyen-la-vesdrienne\/\" \/>\n<meta property=\"og:locale\" content=\"fr_FR\" \/>\n<meta property=\"og:type\" content=\"article\" \/>\n<meta property=\"og:title\" content=\"Verviers | 04\/05\/24 | Caf\u00e9-citoyen - La Vesdrienne - Ciep-verviers\" \/>\n<meta property=\"og:description\" content=\"Pour le caf\u00e9-citoyen du mois de mai, nous vous invitons \u00e0 une discussion autour de [&hellip;]\" \/>\n<meta property=\"og:url\" content=\"https:\/\/mocliege.be\/ciep-verviers\/verviers-04-05-24-cafe-citoyen-la-vesdrienne\/\" \/>\n<meta property=\"og:site_name\" content=\"Ciep-verviers\" \/>\n<meta property=\"article:published_time\" content=\"2024-04-24T07:50:53+00:00\" \/>\n<meta property=\"article:modified_time\" content=\"2024-04-24T07:52:37+00:00\" \/>\n<meta property=\"og:image\" content=\"https:\/\/mocliege.be\/ciep-verviers\/wp-content\/uploads\/sites\/6\/2024\/04\/Cafe-citoyen-1.jpg\" \/>\n\t<meta property=\"og:image:width\" content=\"1587\" \/>\n\t<meta property=\"og:image:height\" content=\"2245\" \/>\n\t<meta property=\"og:image:type\" content=\"image\/jpeg\" \/>\n<meta name=\"author\" content=\"leysten\" \/>\n<meta name=\"twitter:card\" content=\"summary_large_image\" \/>\n<meta name=\"twitter:label1\" content=\"\u00c9crit par\" \/>\n\t<meta name=\"twitter:data1\" content=\"leysten\" \/>\n<script type=\"application\/ld+json\" class=\"yoast-schema-graph\">{\"@context\":\"https:\/\/schema.org\",\"@graph\":[{\"@type\":\"WebPage\",\"@id\":\"https:\/\/mocliege.be\/ciep-verviers\/verviers-04-05-24-cafe-citoyen-la-vesdrienne\/\",\"url\":\"https:\/\/mocliege.be\/ciep-verviers\/verviers-04-05-24-cafe-citoyen-la-vesdrienne\/\",\"name\":\"Verviers | 04\/05\/24 | Caf\u00e9-citoyen - La Vesdrienne - Ciep-verviers\",\"isPartOf\":{\"@id\":\"https:\/\/mocliege.be\/ciep-verviers\/#website\"},\"datePublished\":\"2024-04-24T07:50:53+00:00\",\"dateModified\":\"2024-04-24T07:52:37+00:00\",\"author\":{\"@id\":\"https:\/\/mocliege.be\/ciep-verviers\/#\/schema\/person\/7b93d1557a445ae7e3b25e6c34ac0a09\"},\"breadcrumb\":{\"@id\":\"https:\/\/mocliege.be\/ciep-verviers\/verviers-04-05-24-cafe-citoyen-la-vesdrienne\/#breadcrumb\"},\"inLanguage\":\"fr-FR\",\"potentialAction\":[{\"@type\":\"ReadAction\",\"target\":[\"https:\/\/mocliege.be\/ciep-verviers\/verviers-04-05-24-cafe-citoyen-la-vesdrienne\/\"]}]},{\"@type\":\"BreadcrumbList\",\"@id\":\"https:\/\/mocliege.be\/ciep-verviers\/verviers-04-05-24-cafe-citoyen-la-vesdrienne\/#breadcrumb\",\"itemListElement\":[{\"@type\":\"ListItem\",\"position\":1,\"name\":\"Accueil\",\"item\":\"https:\/\/mocliege.be\/ciep-verviers\/\"},{\"@type\":\"ListItem\",\"position\":2,\"name\":\"Verviers | 04\/05\/24 | Caf\u00e9-citoyen &#8211; La Vesdrienne\"}]},{\"@type\":\"WebSite\",\"@id\":\"https:\/\/mocliege.be\/ciep-verviers\/#website\",\"url\":\"https:\/\/mocliege.be\/ciep-verviers\/\",\"name\":\"Ciep-verviers\",\"description\":\"Un site utilisant Sites du MOC - Li\u00e8ge\",\"potentialAction\":[{\"@type\":\"SearchAction\",\"target\":{\"@type\":\"EntryPoint\",\"urlTemplate\":\"https:\/\/mocliege.be\/ciep-verviers\/?s={search_term_string}\"},\"query-input\":\"required name=search_term_string\"}],\"inLanguage\":\"fr-FR\"},{\"@type\":\"Person\",\"@id\":\"https:\/\/mocliege.be\/ciep-verviers\/#\/schema\/person\/7b93d1557a445ae7e3b25e6c34ac0a09\",\"name\":\"leysten\",\"image\":{\"@type\":\"ImageObject\",\"inLanguage\":\"fr-FR\",\"@id\":\"https:\/\/mocliege.be\/ciep-verviers\/#\/schema\/person\/image\/\",\"url\":\"https:\/\/secure.gravatar.com\/avatar\/649ab73f8cfba33ce337612dfcf51c0d?s=96&d=mm&r=g\",\"contentUrl\":\"https:\/\/secure.gravatar.com\/avatar\/649ab73f8cfba33ce337612dfcf51c0d?s=96&d=mm&r=g\",\"caption\":\"leysten\"},\"url\":\"https:\/\/mocliege.be\/ciep-verviers\/author\/leysten\/\"}]}<\/script>\n<!-- \/ Yoast SEO plugin. -->","yoast_head_json":{"title":"Verviers | 04\/05\/24 | Caf\u00e9-citoyen - La Vesdrienne - Ciep-verviers","robots":{"index":"index","follow":"follow","max-snippet":"max-snippet:-1","max-image-preview":"max-image-preview:large","max-video-preview":"max-video-preview:-1"},"canonical":"https:\/\/mocliege.be\/ciep-verviers\/verviers-04-05-24-cafe-citoyen-la-vesdrienne\/","og_locale":"fr_FR","og_type":"article","og_title":"Verviers | 04\/05\/24 | Caf\u00e9-citoyen - La Vesdrienne - Ciep-verviers","og_description":"Pour le caf\u00e9-citoyen du mois de mai, nous vous invitons \u00e0 une discussion autour de [&hellip;]","og_url":"https:\/\/mocliege.be\/ciep-verviers\/verviers-04-05-24-cafe-citoyen-la-vesdrienne\/","og_site_name":"Ciep-verviers","article_published_time":"2024-04-24T07:50:53+00:00","article_modified_time":"2024-04-24T07:52:37+00:00","og_image":[{"width":1587,"height":2245,"url":"https:\/\/mocliege.be\/ciep-verviers\/wp-content\/uploads\/sites\/6\/2024\/04\/Cafe-citoyen-1.jpg","type":"image\/jpeg"}],"author":"leysten","twitter_card":"summary_large_image","twitter_misc":{"\u00c9crit par":"leysten"},"schema":{"@context":"https:\/\/schema.org","@graph":[{"@type":"WebPage","@id":"https:\/\/mocliege.be\/ciep-verviers\/verviers-04-05-24-cafe-citoyen-la-vesdrienne\/","url":"https:\/\/mocliege.be\/ciep-verviers\/verviers-04-05-24-cafe-citoyen-la-vesdrienne\/","name":"Verviers | 04\/05\/24 | Caf\u00e9-citoyen - La Vesdrienne - Ciep-verviers","isPartOf":{"@id":"https:\/\/mocliege.be\/ciep-verviers\/#website"},"datePublished":"2024-04-24T07:50:53+00:00","dateModified":"2024-04-24T07:52:37+00:00","author":{"@id":"https:\/\/mocliege.be\/ciep-verviers\/#\/schema\/person\/7b93d1557a445ae7e3b25e6c34ac0a09"},"breadcrumb":{"@id":"https:\/\/mocliege.be\/ciep-verviers\/verviers-04-05-24-cafe-citoyen-la-vesdrienne\/#breadcrumb"},"inLanguage":"fr-FR","potentialAction":[{"@type":"ReadAction","target":["https:\/\/mocliege.be\/ciep-verviers\/verviers-04-05-24-cafe-citoyen-la-vesdrienne\/"]}]},{"@type":"BreadcrumbList","@id":"https:\/\/mocliege.be\/ciep-verviers\/verviers-04-05-24-cafe-citoyen-la-vesdrienne\/#breadcrumb","itemListElement":[{"@type":"ListItem","position":1,"name":"Accueil","item":"https:\/\/mocliege.be\/ciep-verviers\/"},{"@type":"ListItem","position":2,"name":"Verviers | 04\/05\/24 | Caf\u00e9-citoyen &#8211; La Vesdrienne"}]},{"@type":"WebSite","@id":"https:\/\/mocliege.be\/ciep-verviers\/#website","url":"https:\/\/mocliege.be\/ciep-verviers\/","name":"Ciep-verviers","description":"Un site utilisant Sites du MOC - Li\u00e8ge","potentialAction":[{"@type":"SearchAction","target":{"@type":"EntryPoint","urlTemplate":"https:\/\/mocliege.be\/ciep-verviers\/?s={search_term_string}"},"query-input":"required name=search_term_string"}],"inLanguage":"fr-FR"},{"@type":"Person","@id":"https:\/\/mocliege.be\/ciep-verviers\/#\/schema\/person\/7b93d1557a445ae7e3b25e6c34ac0a09","name":"leysten","image":{"@type":"ImageObject","inLanguage":"fr-FR","@id":"https:\/\/mocliege.be\/ciep-verviers\/#\/schema\/person\/image\/","url":"https:\/\/secure.gravatar.com\/avatar\/649ab73f8cfba33ce337612dfcf51c0d?s=96&d=mm&r=g","contentUrl":"https:\/\/secure.gravatar.com\/avatar\/649ab73f8cfba33ce337612dfcf51c0d?s=96&d=mm&r=g","caption":"leysten"},"url":"https:\/\/mocliege.be\/ciep-verviers\/author\/leysten\/"}]}},"_links":{"self":[{"href":"https:\/\/mocliege.be\/ciep-verviers\/wp-json\/wp\/v2\/posts\/1965"}],"collection":[{"href":"https:\/\/mocliege.be\/ciep-verviers\/wp-json\/wp\/v2\/posts"}],"about":[{"href":"https:\/\/mocliege.be\/ciep-verviers\/wp-json\/wp\/v2\/types\/post"}],"author":[{"embeddable":true,"href":"https:\/\/mocliege.be\/ciep-verviers\/wp-json\/wp\/v2\/users\/17"}],"replies":[{"embeddable":true,"href":"https:\/\/mocliege.be\/ciep-verviers\/wp-json\/wp\/v2\/comments?post=1965"}],"version-history":[{"count":1,"href":"https:\/\/mocliege.be\/ciep-verviers\/wp-json\/wp\/v2\/posts\/1965\/revisions"}],"predecessor-version":[{"id":1967,"href":"https:\/\/mocliege.be\/ciep-verviers\/wp-json\/wp\/v2\/posts\/1965\/revisions\/1967"}],"wp:featuredmedia":[{"embeddable":true,"href":"https:\/\/mocliege.be\/ciep-verviers\/wp-json\/wp\/v2\/media\/1966"}],"wp:attachment":[{"href":"https:\/\/mocliege.be\/ciep-verviers\/wp-json\/wp\/v2\/media?parent=1965"}],"wp:term":[{"taxonomy":"category","embeddable":true,"href":"https:\/\/mocliege.be\/ciep-verviers\/wp-json\/wp\/v2\/categories?post=1965"},{"taxonomy":"post_tag","embeddable":true,"href":"https:\/\/mocliege.be\/ciep-verviers\/wp-json\/wp\/v2\/tags?post=1965"}],"curies":[{"name":"wp","href":"https:\/\/api.w.org\/{rel}","templated":true}]}}