{"id":2021,"date":"2024-08-19T10:54:18","date_gmt":"2024-08-19T08:54:18","guid":{"rendered":"https:\/\/mocliege.be\/ciep-verviers\/?p=2021"},"modified":"2025-08-05T14:42:07","modified_gmt":"2025-08-05T12:42:07","slug":"verviers-26-09-24-debat-citoyen-elections-communales-2024","status":"publish","type":"post","link":"https:\/\/mocliege.be\/ciep-verviers\/verviers-26-09-24-debat-citoyen-elections-communales-2024\/","title":{"rendered":"Verviers | 26\/09\/24 | D\u00e9bat citoyen &#8211; Elections communales 2024"},"content":{"rendered":"<h2><img loading=\"lazy\" decoding=\"async\" class=\"alignleft wp-image-2022\" src=\"https:\/\/mocliege.be\/ciep-verviers\/wp-content\/uploads\/sites\/6\/2024\/08\/Elections-communales-2024_Verviers-724x1024.jpg\" alt=\"\" width=\"602\" height=\"890\" \/>D\u00e9bat citoyen \u2013 \u00e9lections communales \u2013 Verviers<\/h2>\n<p>\u00c0 l\u2019approche des \u00e9lections communales du 13 octobre 2024, le MOC Verviers (rassemblant la <a href=\"https:\/\/www.lacsc.be\/\">CSC<\/a>, les\u00a0<a href=\"https:\/\/www.equipespopulaires.be\/\">Equipes Populaires<\/a>, la\u00a0<a href=\"https:\/\/www.mc.be\/fr\/bienvenue\">MC<\/a>, <a href=\"https:\/\/www.viefeminine.be\/\">Vie F\u00e9minine<\/a>, le <a href=\"https:\/\/www.crocespace.be\/\">Croc&rsquo;Espace<\/a>, <a href=\"https:\/\/mocliege.be\/cid\/\">Le CID<\/a> et le CIEP) organise un d\u00e9bat \u00e9lectoral \u00e0 Verviers.<\/p>\n<h3>Informations pratiques :<\/h3>\n<ul>\n<li>Quand ? Le 26 septembre \u00e0 18h<\/li>\n<li>O\u00f9 ? Au Th\u00e9\u00e2tre du Peign\u00e9 (Place du March\u00e9 12 4800 Verviers)<\/li>\n<li>Inscription souhait\u00e9e par mail (<a href=\"mailto:laermans@mocliege.org\">laermans@mocliege.org<\/a>) ou par t\u00e9l\u00e9phone (0498\/17.18.50)<\/li>\n<li>Ev\u00e8nement <a href=\"https:\/\/fb.me\/e\/6CvFeOeHH\">Facebook<\/a><\/li>\n<\/ul>\n<p>Des repr\u00e9sentants et repr\u00e9sentantes de diff\u00e9rentes listes seront pr\u00e9sents :<\/p>\n<ul>\n<li>Ensemble Verviers<\/li>\n<li>PS\/IC<\/li>\n<li>PTB<\/li>\n<li>Ecolo<\/li>\n<li>Eau Centre<\/li>\n<li>LRV<\/li>\n<\/ul>\n","protected":false},"excerpt":{"rendered":"<p>D\u00e9bat citoyen \u2013 \u00e9lections communales \u2013 Verviers \u00c0 l\u2019approche des \u00e9lections communales du 13 octobre [&hellip;]<\/p>\n","protected":false},"author":17,"featured_media":2022,"comment_status":"open","ping_status":"open","sticky":false,"template":"","format":"standard","meta":{"_monsterinsights_skip_tracking":false,"_monsterinsights_sitenote_active":false,"_monsterinsights_sitenote_note":"","_monsterinsights_sitenote_category":0,"footnotes":""},"categories":[1],"tags":[11],"acf":[],"yoast_head":"<!-- This site is optimized with the Yoast SEO plugin v19.14 - https:\/\/yoast.com\/wordpress\/plugins\/seo\/ -->\n<title>Verviers | 26\/09\/24 | D\u00e9bat citoyen - Elections communales 2024 - Ciep-verviers<\/title>\n<meta name=\"robots\" content=\"index, follow, max-snippet:-1, max-image-preview:large, max-video-preview:-1\" \/>\n<link rel=\"canonical\" href=\"https:\/\/mocliege.be\/ciep-verviers\/verviers-26-09-24-debat-citoyen-elections-communales-2024\/\" \/>\n<meta property=\"og:locale\" content=\"fr_FR\" \/>\n<meta property=\"og:type\" content=\"article\" \/>\n<meta property=\"og:title\" content=\"Verviers | 26\/09\/24 | D\u00e9bat citoyen - Elections communales 2024 - Ciep-verviers\" \/>\n<meta property=\"og:description\" content=\"D\u00e9bat citoyen \u2013 \u00e9lections communales \u2013 Verviers \u00c0 l\u2019approche des \u00e9lections communales du 13 octobre [&hellip;]\" \/>\n<meta property=\"og:url\" content=\"https:\/\/mocliege.be\/ciep-verviers\/verviers-26-09-24-debat-citoyen-elections-communales-2024\/\" \/>\n<meta property=\"og:site_name\" content=\"Ciep-verviers\" \/>\n<meta property=\"article:published_time\" content=\"2024-08-19T08:54:18+00:00\" \/>\n<meta property=\"article:modified_time\" content=\"2025-08-05T12:42:07+00:00\" \/>\n<meta property=\"og:image\" content=\"https:\/\/mocliege.be\/ciep-verviers\/wp-content\/uploads\/sites\/6\/2024\/08\/Elections-communales-2024_Verviers.jpg\" \/>\n\t<meta property=\"og:image:width\" content=\"1414\" \/>\n\t<meta property=\"og:image:height\" content=\"2000\" \/>\n\t<meta property=\"og:image:type\" content=\"image\/jpeg\" \/>\n<meta name=\"author\" content=\"leysten\" \/>\n<meta name=\"twitter:card\" content=\"summary_large_image\" \/>\n<meta name=\"twitter:label1\" content=\"\u00c9crit par\" \/>\n\t<meta name=\"twitter:data1\" content=\"leysten\" \/>\n<script type=\"application\/ld+json\" class=\"yoast-schema-graph\">{\"@context\":\"https:\/\/schema.org\",\"@graph\":[{\"@type\":\"WebPage\",\"@id\":\"https:\/\/mocliege.be\/ciep-verviers\/verviers-26-09-24-debat-citoyen-elections-communales-2024\/\",\"url\":\"https:\/\/mocliege.be\/ciep-verviers\/verviers-26-09-24-debat-citoyen-elections-communales-2024\/\",\"name\":\"Verviers | 26\/09\/24 | D\u00e9bat citoyen - Elections communales 2024 - Ciep-verviers\",\"isPartOf\":{\"@id\":\"https:\/\/mocliege.be\/ciep-verviers\/#website\"},\"datePublished\":\"2024-08-19T08:54:18+00:00\",\"dateModified\":\"2025-08-05T12:42:07+00:00\",\"author\":{\"@id\":\"https:\/\/mocliege.be\/ciep-verviers\/#\/schema\/person\/7b93d1557a445ae7e3b25e6c34ac0a09\"},\"breadcrumb\":{\"@id\":\"https:\/\/mocliege.be\/ciep-verviers\/verviers-26-09-24-debat-citoyen-elections-communales-2024\/#breadcrumb\"},\"inLanguage\":\"fr-FR\",\"potentialAction\":[{\"@type\":\"ReadAction\",\"target\":[\"https:\/\/mocliege.be\/ciep-verviers\/verviers-26-09-24-debat-citoyen-elections-communales-2024\/\"]}]},{\"@type\":\"BreadcrumbList\",\"@id\":\"https:\/\/mocliege.be\/ciep-verviers\/verviers-26-09-24-debat-citoyen-elections-communales-2024\/#breadcrumb\",\"itemListElement\":[{\"@type\":\"ListItem\",\"position\":1,\"name\":\"Accueil\",\"item\":\"https:\/\/mocliege.be\/ciep-verviers\/\"},{\"@type\":\"ListItem\",\"position\":2,\"name\":\"Verviers | 26\/09\/24 | D\u00e9bat citoyen &#8211; Elections communales 2024\"}]},{\"@type\":\"WebSite\",\"@id\":\"https:\/\/mocliege.be\/ciep-verviers\/#website\",\"url\":\"https:\/\/mocliege.be\/ciep-verviers\/\",\"name\":\"Ciep-verviers\",\"description\":\"Un site utilisant Sites du MOC - Li\u00e8ge\",\"potentialAction\":[{\"@type\":\"SearchAction\",\"target\":{\"@type\":\"EntryPoint\",\"urlTemplate\":\"https:\/\/mocliege.be\/ciep-verviers\/?s={search_term_string}\"},\"query-input\":\"required name=search_term_string\"}],\"inLanguage\":\"fr-FR\"},{\"@type\":\"Person\",\"@id\":\"https:\/\/mocliege.be\/ciep-verviers\/#\/schema\/person\/7b93d1557a445ae7e3b25e6c34ac0a09\",\"name\":\"leysten\",\"image\":{\"@type\":\"ImageObject\",\"inLanguage\":\"fr-FR\",\"@id\":\"https:\/\/mocliege.be\/ciep-verviers\/#\/schema\/person\/image\/\",\"url\":\"https:\/\/secure.gravatar.com\/avatar\/649ab73f8cfba33ce337612dfcf51c0d?s=96&d=mm&r=g\",\"contentUrl\":\"https:\/\/secure.gravatar.com\/avatar\/649ab73f8cfba33ce337612dfcf51c0d?s=96&d=mm&r=g\",\"caption\":\"leysten\"},\"url\":\"https:\/\/mocliege.be\/ciep-verviers\/author\/leysten\/\"}]}<\/script>\n<!-- \/ Yoast SEO plugin. -->","yoast_head_json":{"title":"Verviers | 26\/09\/24 | D\u00e9bat citoyen - Elections communales 2024 - Ciep-verviers","robots":{"index":"index","follow":"follow","max-snippet":"max-snippet:-1","max-image-preview":"max-image-preview:large","max-video-preview":"max-video-preview:-1"},"canonical":"https:\/\/mocliege.be\/ciep-verviers\/verviers-26-09-24-debat-citoyen-elections-communales-2024\/","og_locale":"fr_FR","og_type":"article","og_title":"Verviers | 26\/09\/24 | D\u00e9bat citoyen - Elections communales 2024 - Ciep-verviers","og_description":"D\u00e9bat citoyen \u2013 \u00e9lections communales \u2013 Verviers \u00c0 l\u2019approche des \u00e9lections communales du 13 octobre [&hellip;]","og_url":"https:\/\/mocliege.be\/ciep-verviers\/verviers-26-09-24-debat-citoyen-elections-communales-2024\/","og_site_name":"Ciep-verviers","article_published_time":"2024-08-19T08:54:18+00:00","article_modified_time":"2025-08-05T12:42:07+00:00","og_image":[{"width":1414,"height":2000,"url":"https:\/\/mocliege.be\/ciep-verviers\/wp-content\/uploads\/sites\/6\/2024\/08\/Elections-communales-2024_Verviers.jpg","type":"image\/jpeg"}],"author":"leysten","twitter_card":"summary_large_image","twitter_misc":{"\u00c9crit par":"leysten"},"schema":{"@context":"https:\/\/schema.org","@graph":[{"@type":"WebPage","@id":"https:\/\/mocliege.be\/ciep-verviers\/verviers-26-09-24-debat-citoyen-elections-communales-2024\/","url":"https:\/\/mocliege.be\/ciep-verviers\/verviers-26-09-24-debat-citoyen-elections-communales-2024\/","name":"Verviers | 26\/09\/24 | D\u00e9bat citoyen - Elections communales 2024 - Ciep-verviers","isPartOf":{"@id":"https:\/\/mocliege.be\/ciep-verviers\/#website"},"datePublished":"2024-08-19T08:54:18+00:00","dateModified":"2025-08-05T12:42:07+00:00","author":{"@id":"https:\/\/mocliege.be\/ciep-verviers\/#\/schema\/person\/7b93d1557a445ae7e3b25e6c34ac0a09"},"breadcrumb":{"@id":"https:\/\/mocliege.be\/ciep-verviers\/verviers-26-09-24-debat-citoyen-elections-communales-2024\/#breadcrumb"},"inLanguage":"fr-FR","potentialAction":[{"@type":"ReadAction","target":["https:\/\/mocliege.be\/ciep-verviers\/verviers-26-09-24-debat-citoyen-elections-communales-2024\/"]}]},{"@type":"BreadcrumbList","@id":"https:\/\/mocliege.be\/ciep-verviers\/verviers-26-09-24-debat-citoyen-elections-communales-2024\/#breadcrumb","itemListElement":[{"@type":"ListItem","position":1,"name":"Accueil","item":"https:\/\/mocliege.be\/ciep-verviers\/"},{"@type":"ListItem","position":2,"name":"Verviers | 26\/09\/24 | D\u00e9bat citoyen &#8211; Elections communales 2024"}]},{"@type":"WebSite","@id":"https:\/\/mocliege.be\/ciep-verviers\/#website","url":"https:\/\/mocliege.be\/ciep-verviers\/","name":"Ciep-verviers","description":"Un site utilisant Sites du MOC - Li\u00e8ge","potentialAction":[{"@type":"SearchAction","target":{"@type":"EntryPoint","urlTemplate":"https:\/\/mocliege.be\/ciep-verviers\/?s={search_term_string}"},"query-input":"required name=search_term_string"}],"inLanguage":"fr-FR"},{"@type":"Person","@id":"https:\/\/mocliege.be\/ciep-verviers\/#\/schema\/person\/7b93d1557a445ae7e3b25e6c34ac0a09","name":"leysten","image":{"@type":"ImageObject","inLanguage":"fr-FR","@id":"https:\/\/mocliege.be\/ciep-verviers\/#\/schema\/person\/image\/","url":"https:\/\/secure.gravatar.com\/avatar\/649ab73f8cfba33ce337612dfcf51c0d?s=96&d=mm&r=g","contentUrl":"https:\/\/secure.gravatar.com\/avatar\/649ab73f8cfba33ce337612dfcf51c0d?s=96&d=mm&r=g","caption":"leysten"},"url":"https:\/\/mocliege.be\/ciep-verviers\/author\/leysten\/"}]}},"_links":{"self":[{"href":"https:\/\/mocliege.be\/ciep-verviers\/wp-json\/wp\/v2\/posts\/2021"}],"collection":[{"href":"https:\/\/mocliege.be\/ciep-verviers\/wp-json\/wp\/v2\/posts"}],"about":[{"href":"https:\/\/mocliege.be\/ciep-verviers\/wp-json\/wp\/v2\/types\/post"}],"author":[{"embeddable":true,"href":"https:\/\/mocliege.be\/ciep-verviers\/wp-json\/wp\/v2\/users\/17"}],"replies":[{"embeddable":true,"href":"https:\/\/mocliege.be\/ciep-verviers\/wp-json\/wp\/v2\/comments?post=2021"}],"version-history":[{"count":8,"href":"https:\/\/mocliege.be\/ciep-verviers\/wp-json\/wp\/v2\/posts\/2021\/revisions"}],"predecessor-version":[{"id":2334,"href":"https:\/\/mocliege.be\/ciep-verviers\/wp-json\/wp\/v2\/posts\/2021\/revisions\/2334"}],"wp:featuredmedia":[{"embeddable":true,"href":"https:\/\/mocliege.be\/ciep-verviers\/wp-json\/wp\/v2\/media\/2022"}],"wp:attachment":[{"href":"https:\/\/mocliege.be\/ciep-verviers\/wp-json\/wp\/v2\/media?parent=2021"}],"wp:term":[{"taxonomy":"category","embeddable":true,"href":"https:\/\/mocliege.be\/ciep-verviers\/wp-json\/wp\/v2\/categories?post=2021"},{"taxonomy":"post_tag","embeddable":true,"href":"https:\/\/mocliege.be\/ciep-verviers\/wp-json\/wp\/v2\/tags?post=2021"}],"curies":[{"name":"wp","href":"https:\/\/api.w.org\/{rel}","templated":true}]}}