{"id":2027,"date":"2024-09-02T16:05:27","date_gmt":"2024-09-02T14:05:27","guid":{"rendered":"https:\/\/mocliege.be\/ciep-verviers\/?p=2027"},"modified":"2024-09-02T16:05:27","modified_gmt":"2024-09-02T14:05:27","slug":"verviers-12-10-24-repair-cafe-doctobre","status":"publish","type":"post","link":"https:\/\/mocliege.be\/ciep-verviers\/verviers-12-10-24-repair-cafe-doctobre\/","title":{"rendered":"Verviers | 12\/10\/24 | Repair caf\u00e9 d&rsquo;octobre"},"content":{"rendered":"<div class=\"xdj266r x11i5rnm xat24cr x1mh8g0r x1vvkbs\">Pour la premi\u00e8re fois de son histoire, le Repair Caf\u00e9 de Verviers se rend au Centre Culturel de Verviers, le 12 octobre de 13h \u00e0 16h (Boulevard des G\u00e9rardchamps 7c, 4800) !<\/div>\n<div class=\"x11i5rnm xat24cr x1mh8g0r x1vvkbs xtlvy1s\">Le Repair caf\u00e9, c&rsquo;est quoi ? C&rsquo;est un lieu o\u00f9 vous pouvez tenter de r\u00e9parer un objet d\u00e9fectueux au lieu de le jeter ! Et le Repair est gratuit (prix libre)&#8230; Un bon moyen de faire des petites \u00e9conomies mais aussi de lutter contre le gaspillage\u00a0<span class=\"html-span xexx8yu x4uap5 x18d9i69 xkhd6sd x1hl2dhg x16tdsg8 x1vvkbs x3nfvp2 x1j61x8r x1fcty0u xdj266r xat24cr xgzva0m xhhsvwb xxymvpz xlup9mm x1kky2od\"><img loading=\"lazy\" decoding=\"async\" class=\"xz74otr\" src=\"https:\/\/static.xx.fbcdn.net\/images\/emoji.php\/v9\/t5a\/1\/16\/1f5d1.png\" alt=\"\ud83d\uddd1\" width=\"16\" height=\"16\" \/><\/span><\/div>\n<div class=\"x11i5rnm xat24cr x1mh8g0r x1vvkbs xtlvy1s\">N&rsquo;h\u00e9sitez pas \u00e0 passer, les b\u00e9n\u00e9voles-r\u00e9parateurs tenteront de r\u00e9parer vos objets abim\u00e9s.<\/div>\n<p>&nbsp;<\/p>\n<h3>Nos ateliers :<\/h3>\n<ul>\n<li>Bois<\/li>\n<li>Petit-\u00e9lectro (pas les \u00e9crans plats, les smartphones et les gros \u00e9lectro du type machine \u00e0 lessiver)<\/li>\n<li>Informatique<\/li>\n<li>V\u00e9los<\/li>\n<li>Couture (pas les tirettes)<\/li>\n<li>Aff\u00fbtage<\/li>\n<\/ul>\n<p>&nbsp;<\/p>\n<p><strong><img loading=\"lazy\" decoding=\"async\" class=\"xz74otr\" src=\"https:\/\/static.xx.fbcdn.net\/images\/emoji.php\/v9\/tdc\/1\/16\/26a0.png\" alt=\"\u26a0\ufe0f\" width=\"16\" height=\"16\" \/>\u00a0Attention, nous n&rsquo;acceptons qu&rsquo;un seul objet par personne\u00a0<span class=\"html-span xexx8yu x4uap5 x18d9i69 xkhd6sd x1hl2dhg x16tdsg8 x1vvkbs x3nfvp2 x1j61x8r x1fcty0u xdj266r xat24cr xgzva0m xhhsvwb xxymvpz xlup9mm x1kky2od\"><img loading=\"lazy\" decoding=\"async\" class=\"xz74otr\" src=\"https:\/\/static.xx.fbcdn.net\/images\/emoji.php\/v9\/t50\/1\/16\/2757.png\" alt=\"\u2757\ufe0f\" width=\"16\" height=\"16\" \/><\/span><\/strong><\/p>\n<div class=\"x11i5rnm xat24cr x1mh8g0r x1vvkbs xtlvy1s\">Une occasion \u00e0 ne pas manquer pour redonner vie \u00e0 des objets pr\u00e9cieux, et tout cela dans un cadre chaleureux<\/div>\n<div class=\"x11i5rnm xat24cr x1mh8g0r x1vvkbs xtlvy1s\">Une co-organisation de : l\u2019ARC, La Belle Diversit\u00e9, le CIEP, le PAC, le Centre Culturel de Verviers et l\u2019\u00e9chevinat de l\u2019\u00e9galit\u00e9 des chances de la Ville de Verviers.<\/div>\n<p>&nbsp;<\/p>\n<div class=\"x11i5rnm xat24cr x1mh8g0r x1vvkbs xtlvy1s\"><strong>Contact<\/strong> : 087\/22.87.87 &#8211; Mail : <a href=\"mailto:repairverviers@gmail.com\">repairverviers@gmail.com<\/a><\/div>\n<div>Ev\u00e8nement <a href=\"https:\/\/fb.me\/e\/2kt5fSyl2\">Facebook<\/a><\/div>\n<div><\/div>\n<div class=\"x11i5rnm xat24cr x1mh8g0r x1vvkbs xtlvy1s\"><img loading=\"lazy\" decoding=\"async\" class=\"wp-image-2028 aligncenter\" src=\"https:\/\/mocliege.be\/ciep-verviers\/wp-content\/uploads\/sites\/6\/2024\/09\/Repair_Verviers_2024_10_12_JNG_A4-Copie-212x300.png\" alt=\"\" width=\"514\" height=\"727\" srcset=\"https:\/\/mocliege.be\/ciep-verviers\/wp-content\/uploads\/sites\/6\/2024\/09\/Repair_Verviers_2024_10_12_JNG_A4-Copie-212x300.png 212w, https:\/\/mocliege.be\/ciep-verviers\/wp-content\/uploads\/sites\/6\/2024\/09\/Repair_Verviers_2024_10_12_JNG_A4-Copie-45x64.png 45w, https:\/\/mocliege.be\/ciep-verviers\/wp-content\/uploads\/sites\/6\/2024\/09\/Repair_Verviers_2024_10_12_JNG_A4-Copie-177x250.png 177w, https:\/\/mocliege.be\/ciep-verviers\/wp-content\/uploads\/sites\/6\/2024\/09\/Repair_Verviers_2024_10_12_JNG_A4-Copie-53x75.png 53w, https:\/\/mocliege.be\/ciep-verviers\/wp-content\/uploads\/sites\/6\/2024\/09\/Repair_Verviers_2024_10_12_JNG_A4-Copie-150x212.png 150w, https:\/\/mocliege.be\/ciep-verviers\/wp-content\/uploads\/sites\/6\/2024\/09\/Repair_Verviers_2024_10_12_JNG_A4-Copie-450x636.png 450w, https:\/\/mocliege.be\/ciep-verviers\/wp-content\/uploads\/sites\/6\/2024\/09\/Repair_Verviers_2024_10_12_JNG_A4-Copie.png 596w\" sizes=\"(max-width: 514px) 100vw, 514px\" \/><\/div>\n","protected":false},"excerpt":{"rendered":"<p>Pour la premi\u00e8re fois de son histoire, le Repair Caf\u00e9 de Verviers se rend au [&hellip;]<\/p>\n","protected":false},"author":17,"featured_media":2028,"comment_status":"open","ping_status":"open","sticky":false,"template":"","format":"standard","meta":{"_monsterinsights_skip_tracking":false,"_monsterinsights_sitenote_active":false,"_monsterinsights_sitenote_note":"","_monsterinsights_sitenote_category":0,"footnotes":""},"categories":[1],"tags":[11],"acf":[],"yoast_head":"<!-- This site is optimized with the Yoast SEO plugin v19.14 - https:\/\/yoast.com\/wordpress\/plugins\/seo\/ -->\n<title>Verviers | 12\/10\/24 | Repair caf\u00e9 d&#039;octobre - Ciep-verviers<\/title>\n<meta name=\"robots\" content=\"index, follow, max-snippet:-1, max-image-preview:large, max-video-preview:-1\" \/>\n<link rel=\"canonical\" href=\"https:\/\/mocliege.be\/ciep-verviers\/verviers-12-10-24-repair-cafe-doctobre\/\" \/>\n<meta property=\"og:locale\" content=\"fr_FR\" \/>\n<meta property=\"og:type\" content=\"article\" \/>\n<meta property=\"og:title\" content=\"Verviers | 12\/10\/24 | Repair caf\u00e9 d&#039;octobre - Ciep-verviers\" \/>\n<meta property=\"og:description\" content=\"Pour la premi\u00e8re fois de son histoire, le Repair Caf\u00e9 de Verviers se rend au [&hellip;]\" \/>\n<meta property=\"og:url\" content=\"https:\/\/mocliege.be\/ciep-verviers\/verviers-12-10-24-repair-cafe-doctobre\/\" \/>\n<meta property=\"og:site_name\" content=\"Ciep-verviers\" \/>\n<meta property=\"article:published_time\" content=\"2024-09-02T14:05:27+00:00\" \/>\n<meta property=\"og:image\" content=\"https:\/\/mocliege.be\/ciep-verviers\/wp-content\/uploads\/sites\/6\/2024\/09\/Repair_Verviers_2024_10_12_JNG_A4-Copie.png\" \/>\n\t<meta property=\"og:image:width\" content=\"596\" \/>\n\t<meta property=\"og:image:height\" content=\"842\" \/>\n\t<meta property=\"og:image:type\" content=\"image\/png\" \/>\n<meta name=\"author\" content=\"leysten\" \/>\n<meta name=\"twitter:card\" content=\"summary_large_image\" \/>\n<meta name=\"twitter:label1\" content=\"\u00c9crit par\" \/>\n\t<meta name=\"twitter:data1\" content=\"leysten\" \/>\n\t<meta name=\"twitter:label2\" content=\"Dur\u00e9e de lecture estim\u00e9e\" \/>\n\t<meta name=\"twitter:data2\" content=\"1 minute\" \/>\n<script type=\"application\/ld+json\" class=\"yoast-schema-graph\">{\"@context\":\"https:\/\/schema.org\",\"@graph\":[{\"@type\":\"WebPage\",\"@id\":\"https:\/\/mocliege.be\/ciep-verviers\/verviers-12-10-24-repair-cafe-doctobre\/\",\"url\":\"https:\/\/mocliege.be\/ciep-verviers\/verviers-12-10-24-repair-cafe-doctobre\/\",\"name\":\"Verviers | 12\/10\/24 | Repair caf\u00e9 d'octobre - Ciep-verviers\",\"isPartOf\":{\"@id\":\"https:\/\/mocliege.be\/ciep-verviers\/#website\"},\"datePublished\":\"2024-09-02T14:05:27+00:00\",\"dateModified\":\"2024-09-02T14:05:27+00:00\",\"author\":{\"@id\":\"https:\/\/mocliege.be\/ciep-verviers\/#\/schema\/person\/7b93d1557a445ae7e3b25e6c34ac0a09\"},\"breadcrumb\":{\"@id\":\"https:\/\/mocliege.be\/ciep-verviers\/verviers-12-10-24-repair-cafe-doctobre\/#breadcrumb\"},\"inLanguage\":\"fr-FR\",\"potentialAction\":[{\"@type\":\"ReadAction\",\"target\":[\"https:\/\/mocliege.be\/ciep-verviers\/verviers-12-10-24-repair-cafe-doctobre\/\"]}]},{\"@type\":\"BreadcrumbList\",\"@id\":\"https:\/\/mocliege.be\/ciep-verviers\/verviers-12-10-24-repair-cafe-doctobre\/#breadcrumb\",\"itemListElement\":[{\"@type\":\"ListItem\",\"position\":1,\"name\":\"Accueil\",\"item\":\"https:\/\/mocliege.be\/ciep-verviers\/\"},{\"@type\":\"ListItem\",\"position\":2,\"name\":\"Verviers | 12\/10\/24 | Repair caf\u00e9 d&rsquo;octobre\"}]},{\"@type\":\"WebSite\",\"@id\":\"https:\/\/mocliege.be\/ciep-verviers\/#website\",\"url\":\"https:\/\/mocliege.be\/ciep-verviers\/\",\"name\":\"Ciep-verviers\",\"description\":\"Un site utilisant Sites du MOC - Li\u00e8ge\",\"potentialAction\":[{\"@type\":\"SearchAction\",\"target\":{\"@type\":\"EntryPoint\",\"urlTemplate\":\"https:\/\/mocliege.be\/ciep-verviers\/?s={search_term_string}\"},\"query-input\":\"required name=search_term_string\"}],\"inLanguage\":\"fr-FR\"},{\"@type\":\"Person\",\"@id\":\"https:\/\/mocliege.be\/ciep-verviers\/#\/schema\/person\/7b93d1557a445ae7e3b25e6c34ac0a09\",\"name\":\"leysten\",\"image\":{\"@type\":\"ImageObject\",\"inLanguage\":\"fr-FR\",\"@id\":\"https:\/\/mocliege.be\/ciep-verviers\/#\/schema\/person\/image\/\",\"url\":\"https:\/\/secure.gravatar.com\/avatar\/649ab73f8cfba33ce337612dfcf51c0d?s=96&d=mm&r=g\",\"contentUrl\":\"https:\/\/secure.gravatar.com\/avatar\/649ab73f8cfba33ce337612dfcf51c0d?s=96&d=mm&r=g\",\"caption\":\"leysten\"},\"url\":\"https:\/\/mocliege.be\/ciep-verviers\/author\/leysten\/\"}]}<\/script>\n<!-- \/ Yoast SEO plugin. -->","yoast_head_json":{"title":"Verviers | 12\/10\/24 | Repair caf\u00e9 d'octobre - Ciep-verviers","robots":{"index":"index","follow":"follow","max-snippet":"max-snippet:-1","max-image-preview":"max-image-preview:large","max-video-preview":"max-video-preview:-1"},"canonical":"https:\/\/mocliege.be\/ciep-verviers\/verviers-12-10-24-repair-cafe-doctobre\/","og_locale":"fr_FR","og_type":"article","og_title":"Verviers | 12\/10\/24 | Repair caf\u00e9 d'octobre - Ciep-verviers","og_description":"Pour la premi\u00e8re fois de son histoire, le Repair Caf\u00e9 de Verviers se rend au [&hellip;]","og_url":"https:\/\/mocliege.be\/ciep-verviers\/verviers-12-10-24-repair-cafe-doctobre\/","og_site_name":"Ciep-verviers","article_published_time":"2024-09-02T14:05:27+00:00","og_image":[{"width":596,"height":842,"url":"https:\/\/mocliege.be\/ciep-verviers\/wp-content\/uploads\/sites\/6\/2024\/09\/Repair_Verviers_2024_10_12_JNG_A4-Copie.png","type":"image\/png"}],"author":"leysten","twitter_card":"summary_large_image","twitter_misc":{"\u00c9crit par":"leysten","Dur\u00e9e de lecture estim\u00e9e":"1 minute"},"schema":{"@context":"https:\/\/schema.org","@graph":[{"@type":"WebPage","@id":"https:\/\/mocliege.be\/ciep-verviers\/verviers-12-10-24-repair-cafe-doctobre\/","url":"https:\/\/mocliege.be\/ciep-verviers\/verviers-12-10-24-repair-cafe-doctobre\/","name":"Verviers | 12\/10\/24 | Repair caf\u00e9 d'octobre - Ciep-verviers","isPartOf":{"@id":"https:\/\/mocliege.be\/ciep-verviers\/#website"},"datePublished":"2024-09-02T14:05:27+00:00","dateModified":"2024-09-02T14:05:27+00:00","author":{"@id":"https:\/\/mocliege.be\/ciep-verviers\/#\/schema\/person\/7b93d1557a445ae7e3b25e6c34ac0a09"},"breadcrumb":{"@id":"https:\/\/mocliege.be\/ciep-verviers\/verviers-12-10-24-repair-cafe-doctobre\/#breadcrumb"},"inLanguage":"fr-FR","potentialAction":[{"@type":"ReadAction","target":["https:\/\/mocliege.be\/ciep-verviers\/verviers-12-10-24-repair-cafe-doctobre\/"]}]},{"@type":"BreadcrumbList","@id":"https:\/\/mocliege.be\/ciep-verviers\/verviers-12-10-24-repair-cafe-doctobre\/#breadcrumb","itemListElement":[{"@type":"ListItem","position":1,"name":"Accueil","item":"https:\/\/mocliege.be\/ciep-verviers\/"},{"@type":"ListItem","position":2,"name":"Verviers | 12\/10\/24 | Repair caf\u00e9 d&rsquo;octobre"}]},{"@type":"WebSite","@id":"https:\/\/mocliege.be\/ciep-verviers\/#website","url":"https:\/\/mocliege.be\/ciep-verviers\/","name":"Ciep-verviers","description":"Un site utilisant Sites du MOC - Li\u00e8ge","potentialAction":[{"@type":"SearchAction","target":{"@type":"EntryPoint","urlTemplate":"https:\/\/mocliege.be\/ciep-verviers\/?s={search_term_string}"},"query-input":"required name=search_term_string"}],"inLanguage":"fr-FR"},{"@type":"Person","@id":"https:\/\/mocliege.be\/ciep-verviers\/#\/schema\/person\/7b93d1557a445ae7e3b25e6c34ac0a09","name":"leysten","image":{"@type":"ImageObject","inLanguage":"fr-FR","@id":"https:\/\/mocliege.be\/ciep-verviers\/#\/schema\/person\/image\/","url":"https:\/\/secure.gravatar.com\/avatar\/649ab73f8cfba33ce337612dfcf51c0d?s=96&d=mm&r=g","contentUrl":"https:\/\/secure.gravatar.com\/avatar\/649ab73f8cfba33ce337612dfcf51c0d?s=96&d=mm&r=g","caption":"leysten"},"url":"https:\/\/mocliege.be\/ciep-verviers\/author\/leysten\/"}]}},"_links":{"self":[{"href":"https:\/\/mocliege.be\/ciep-verviers\/wp-json\/wp\/v2\/posts\/2027"}],"collection":[{"href":"https:\/\/mocliege.be\/ciep-verviers\/wp-json\/wp\/v2\/posts"}],"about":[{"href":"https:\/\/mocliege.be\/ciep-verviers\/wp-json\/wp\/v2\/types\/post"}],"author":[{"embeddable":true,"href":"https:\/\/mocliege.be\/ciep-verviers\/wp-json\/wp\/v2\/users\/17"}],"replies":[{"embeddable":true,"href":"https:\/\/mocliege.be\/ciep-verviers\/wp-json\/wp\/v2\/comments?post=2027"}],"version-history":[{"count":5,"href":"https:\/\/mocliege.be\/ciep-verviers\/wp-json\/wp\/v2\/posts\/2027\/revisions"}],"predecessor-version":[{"id":2033,"href":"https:\/\/mocliege.be\/ciep-verviers\/wp-json\/wp\/v2\/posts\/2027\/revisions\/2033"}],"wp:featuredmedia":[{"embeddable":true,"href":"https:\/\/mocliege.be\/ciep-verviers\/wp-json\/wp\/v2\/media\/2028"}],"wp:attachment":[{"href":"https:\/\/mocliege.be\/ciep-verviers\/wp-json\/wp\/v2\/media?parent=2027"}],"wp:term":[{"taxonomy":"category","embeddable":true,"href":"https:\/\/mocliege.be\/ciep-verviers\/wp-json\/wp\/v2\/categories?post=2027"},{"taxonomy":"post_tag","embeddable":true,"href":"https:\/\/mocliege.be\/ciep-verviers\/wp-json\/wp\/v2\/tags?post=2027"}],"curies":[{"name":"wp","href":"https:\/\/api.w.org\/{rel}","templated":true}]}}