{"id":2080,"date":"2025-02-26T09:37:47","date_gmt":"2025-02-26T08:37:47","guid":{"rendered":"https:\/\/mocliege.be\/ciep-verviers\/?p=2080"},"modified":"2025-02-26T09:38:22","modified_gmt":"2025-02-26T08:38:22","slug":"verviers-01-03-25-cafe-citoyen-echange-de-graines-et-fabrication-de-semis","status":"publish","type":"post","link":"https:\/\/mocliege.be\/ciep-verviers\/verviers-01-03-25-cafe-citoyen-echange-de-graines-et-fabrication-de-semis\/","title":{"rendered":"Verviers | 01\/03\/25 | Caf\u00e9-citoyen &#8211; Echange de graines et fabrication de semis"},"content":{"rendered":"<div class=\"xdj266r x11i5rnm xat24cr x1mh8g0r x1vvkbs x126k92a\"><\/div>\n<div dir=\"auto\">Le caf\u00e9-citoyen de Verviers rassemble chaque premier samedi du mois des citoyens et citoyennes d\u00e9sirant discuter, \u00e9changer et d\u00e9battre sur des sujets d&rsquo;actualit\u00e9 ou en lien avec la transition.<\/div>\n<div dir=\"auto\">\n<div dir=\"auto\"><\/div>\n<div dir=\"auto\">A l&rsquo;approche du printemps et \u00e0 la demande des participants, un atelier un peu plus pratique est pr\u00e9vu pour le mois de mars ! Au programme :<\/div>\n<div class=\"x11i5rnm xat24cr x1mh8g0r x1vvkbs xtlvy1s x126k92a\">\n<ul>\n<li dir=\"auto\">Echange de graines<\/li>\n<li dir=\"auto\">Fabrication de semis<\/li>\n<\/ul>\n<\/div>\n<div dir=\"auto\">Informations pratiques :<\/div>\n<ul>\n<li dir=\"auto\">Au Croc&rsquo;Espace (Rue de la Station 35, 4800 Verviers)<\/li>\n<li dir=\"auto\">Samedi 1er mars de 10h \u00e0 13h<\/li>\n<li dir=\"auto\">Une activit\u00e9 gratuite mais l&rsquo;inscription est <strong>souhait\u00e9e<\/strong> pour une meilleure organisation de l&rsquo;\u00e9v\u00e8nement :\u00a0vavea@protonmail.com &#8211; 0472 57 86 07<\/li>\n<\/ul>\n<div dir=\"auto\"><\/div>\n<div dir=\"auto\"><img loading=\"lazy\" decoding=\"async\" class=\"wp-image-2081 aligncenter\" src=\"https:\/\/mocliege.be\/ciep-verviers\/wp-content\/uploads\/sites\/6\/2025\/02\/Cafe-citoyen-6-212x300.jpg\" alt=\"\" width=\"492\" height=\"696\" srcset=\"https:\/\/mocliege.be\/ciep-verviers\/wp-content\/uploads\/sites\/6\/2025\/02\/Cafe-citoyen-6-212x300.jpg 212w, https:\/\/mocliege.be\/ciep-verviers\/wp-content\/uploads\/sites\/6\/2025\/02\/Cafe-citoyen-6-724x1024.jpg 724w, https:\/\/mocliege.be\/ciep-verviers\/wp-content\/uploads\/sites\/6\/2025\/02\/Cafe-citoyen-6-768x1086.jpg 768w, https:\/\/mocliege.be\/ciep-verviers\/wp-content\/uploads\/sites\/6\/2025\/02\/Cafe-citoyen-6-1086x1536.jpg 1086w, https:\/\/mocliege.be\/ciep-verviers\/wp-content\/uploads\/sites\/6\/2025\/02\/Cafe-citoyen-6-1448x2048.jpg 1448w, https:\/\/mocliege.be\/ciep-verviers\/wp-content\/uploads\/sites\/6\/2025\/02\/Cafe-citoyen-6-45x64.jpg 45w, https:\/\/mocliege.be\/ciep-verviers\/wp-content\/uploads\/sites\/6\/2025\/02\/Cafe-citoyen-6-177x250.jpg 177w, https:\/\/mocliege.be\/ciep-verviers\/wp-content\/uploads\/sites\/6\/2025\/02\/Cafe-citoyen-6-53x75.jpg 53w, https:\/\/mocliege.be\/ciep-verviers\/wp-content\/uploads\/sites\/6\/2025\/02\/Cafe-citoyen-6-150x212.jpg 150w, https:\/\/mocliege.be\/ciep-verviers\/wp-content\/uploads\/sites\/6\/2025\/02\/Cafe-citoyen-6-450x637.jpg 450w, https:\/\/mocliege.be\/ciep-verviers\/wp-content\/uploads\/sites\/6\/2025\/02\/Cafe-citoyen-6-600x849.jpg 600w, https:\/\/mocliege.be\/ciep-verviers\/wp-content\/uploads\/sites\/6\/2025\/02\/Cafe-citoyen-6-1200x1698.jpg 1200w, https:\/\/mocliege.be\/ciep-verviers\/wp-content\/uploads\/sites\/6\/2025\/02\/Cafe-citoyen-6.jpg 1587w\" sizes=\"(max-width: 492px) 100vw, 492px\" \/><\/div>\n<div dir=\"auto\"><\/div>\n<div dir=\"auto\">Un projet men\u00e9 en partenariat avec Vavea (Semeurs de possibles) et l&rsquo;asbl Grappe<\/div>\n<div class=\"x11i5rnm xat24cr x1mh8g0r x1vvkbs xtlvy1s x126k92a\">\n<div dir=\"auto\"><\/div>\n<\/div>\n<\/div>\n","protected":false},"excerpt":{"rendered":"<p>Le caf\u00e9-citoyen de Verviers rassemble chaque premier samedi du mois des citoyens et citoyennes d\u00e9sirant [&hellip;]<\/p>\n","protected":false},"author":17,"featured_media":2081,"comment_status":"open","ping_status":"open","sticky":false,"template":"","format":"standard","meta":{"_monsterinsights_skip_tracking":false,"_monsterinsights_sitenote_active":false,"_monsterinsights_sitenote_note":"","_monsterinsights_sitenote_category":0,"footnotes":""},"categories":[1],"tags":[11],"acf":[],"yoast_head":"<!-- This site is optimized with the Yoast SEO plugin v19.14 - https:\/\/yoast.com\/wordpress\/plugins\/seo\/ -->\n<title>Verviers | 01\/03\/25 | Caf\u00e9-citoyen - Echange de graines et fabrication de semis - Ciep-verviers<\/title>\n<meta name=\"robots\" content=\"index, follow, max-snippet:-1, max-image-preview:large, max-video-preview:-1\" \/>\n<link rel=\"canonical\" href=\"https:\/\/mocliege.be\/ciep-verviers\/verviers-01-03-25-cafe-citoyen-echange-de-graines-et-fabrication-de-semis\/\" \/>\n<meta property=\"og:locale\" content=\"fr_FR\" \/>\n<meta property=\"og:type\" content=\"article\" \/>\n<meta property=\"og:title\" content=\"Verviers | 01\/03\/25 | Caf\u00e9-citoyen - Echange de graines et fabrication de semis - Ciep-verviers\" \/>\n<meta property=\"og:description\" content=\"Le caf\u00e9-citoyen de Verviers rassemble chaque premier samedi du mois des citoyens et citoyennes d\u00e9sirant [&hellip;]\" \/>\n<meta property=\"og:url\" content=\"https:\/\/mocliege.be\/ciep-verviers\/verviers-01-03-25-cafe-citoyen-echange-de-graines-et-fabrication-de-semis\/\" \/>\n<meta property=\"og:site_name\" content=\"Ciep-verviers\" \/>\n<meta property=\"article:published_time\" content=\"2025-02-26T08:37:47+00:00\" \/>\n<meta property=\"article:modified_time\" content=\"2025-02-26T08:38:22+00:00\" \/>\n<meta property=\"og:image\" content=\"https:\/\/mocliege.be\/ciep-verviers\/wp-content\/uploads\/sites\/6\/2025\/02\/Cafe-citoyen-6.jpg\" \/>\n\t<meta property=\"og:image:width\" content=\"1587\" \/>\n\t<meta property=\"og:image:height\" content=\"2245\" \/>\n\t<meta property=\"og:image:type\" content=\"image\/jpeg\" \/>\n<meta name=\"author\" content=\"leysten\" \/>\n<meta name=\"twitter:card\" content=\"summary_large_image\" \/>\n<meta name=\"twitter:label1\" content=\"\u00c9crit par\" \/>\n\t<meta name=\"twitter:data1\" content=\"leysten\" \/>\n\t<meta name=\"twitter:label2\" content=\"Dur\u00e9e de lecture estim\u00e9e\" \/>\n\t<meta name=\"twitter:data2\" content=\"1 minute\" \/>\n<script type=\"application\/ld+json\" class=\"yoast-schema-graph\">{\"@context\":\"https:\/\/schema.org\",\"@graph\":[{\"@type\":\"WebPage\",\"@id\":\"https:\/\/mocliege.be\/ciep-verviers\/verviers-01-03-25-cafe-citoyen-echange-de-graines-et-fabrication-de-semis\/\",\"url\":\"https:\/\/mocliege.be\/ciep-verviers\/verviers-01-03-25-cafe-citoyen-echange-de-graines-et-fabrication-de-semis\/\",\"name\":\"Verviers | 01\/03\/25 | Caf\u00e9-citoyen - Echange de graines et fabrication de semis - Ciep-verviers\",\"isPartOf\":{\"@id\":\"https:\/\/mocliege.be\/ciep-verviers\/#website\"},\"datePublished\":\"2025-02-26T08:37:47+00:00\",\"dateModified\":\"2025-02-26T08:38:22+00:00\",\"author\":{\"@id\":\"https:\/\/mocliege.be\/ciep-verviers\/#\/schema\/person\/7b93d1557a445ae7e3b25e6c34ac0a09\"},\"breadcrumb\":{\"@id\":\"https:\/\/mocliege.be\/ciep-verviers\/verviers-01-03-25-cafe-citoyen-echange-de-graines-et-fabrication-de-semis\/#breadcrumb\"},\"inLanguage\":\"fr-FR\",\"potentialAction\":[{\"@type\":\"ReadAction\",\"target\":[\"https:\/\/mocliege.be\/ciep-verviers\/verviers-01-03-25-cafe-citoyen-echange-de-graines-et-fabrication-de-semis\/\"]}]},{\"@type\":\"BreadcrumbList\",\"@id\":\"https:\/\/mocliege.be\/ciep-verviers\/verviers-01-03-25-cafe-citoyen-echange-de-graines-et-fabrication-de-semis\/#breadcrumb\",\"itemListElement\":[{\"@type\":\"ListItem\",\"position\":1,\"name\":\"Accueil\",\"item\":\"https:\/\/mocliege.be\/ciep-verviers\/\"},{\"@type\":\"ListItem\",\"position\":2,\"name\":\"Verviers | 01\/03\/25 | Caf\u00e9-citoyen &#8211; Echange de graines et fabrication de semis\"}]},{\"@type\":\"WebSite\",\"@id\":\"https:\/\/mocliege.be\/ciep-verviers\/#website\",\"url\":\"https:\/\/mocliege.be\/ciep-verviers\/\",\"name\":\"Ciep-verviers\",\"description\":\"Un site utilisant Sites du MOC - Li\u00e8ge\",\"potentialAction\":[{\"@type\":\"SearchAction\",\"target\":{\"@type\":\"EntryPoint\",\"urlTemplate\":\"https:\/\/mocliege.be\/ciep-verviers\/?s={search_term_string}\"},\"query-input\":\"required name=search_term_string\"}],\"inLanguage\":\"fr-FR\"},{\"@type\":\"Person\",\"@id\":\"https:\/\/mocliege.be\/ciep-verviers\/#\/schema\/person\/7b93d1557a445ae7e3b25e6c34ac0a09\",\"name\":\"leysten\",\"image\":{\"@type\":\"ImageObject\",\"inLanguage\":\"fr-FR\",\"@id\":\"https:\/\/mocliege.be\/ciep-verviers\/#\/schema\/person\/image\/\",\"url\":\"https:\/\/secure.gravatar.com\/avatar\/649ab73f8cfba33ce337612dfcf51c0d?s=96&d=mm&r=g\",\"contentUrl\":\"https:\/\/secure.gravatar.com\/avatar\/649ab73f8cfba33ce337612dfcf51c0d?s=96&d=mm&r=g\",\"caption\":\"leysten\"},\"url\":\"https:\/\/mocliege.be\/ciep-verviers\/author\/leysten\/\"}]}<\/script>\n<!-- \/ Yoast SEO plugin. -->","yoast_head_json":{"title":"Verviers | 01\/03\/25 | Caf\u00e9-citoyen - Echange de graines et fabrication de semis - Ciep-verviers","robots":{"index":"index","follow":"follow","max-snippet":"max-snippet:-1","max-image-preview":"max-image-preview:large","max-video-preview":"max-video-preview:-1"},"canonical":"https:\/\/mocliege.be\/ciep-verviers\/verviers-01-03-25-cafe-citoyen-echange-de-graines-et-fabrication-de-semis\/","og_locale":"fr_FR","og_type":"article","og_title":"Verviers | 01\/03\/25 | Caf\u00e9-citoyen - Echange de graines et fabrication de semis - Ciep-verviers","og_description":"Le caf\u00e9-citoyen de Verviers rassemble chaque premier samedi du mois des citoyens et citoyennes d\u00e9sirant [&hellip;]","og_url":"https:\/\/mocliege.be\/ciep-verviers\/verviers-01-03-25-cafe-citoyen-echange-de-graines-et-fabrication-de-semis\/","og_site_name":"Ciep-verviers","article_published_time":"2025-02-26T08:37:47+00:00","article_modified_time":"2025-02-26T08:38:22+00:00","og_image":[{"width":1587,"height":2245,"url":"https:\/\/mocliege.be\/ciep-verviers\/wp-content\/uploads\/sites\/6\/2025\/02\/Cafe-citoyen-6.jpg","type":"image\/jpeg"}],"author":"leysten","twitter_card":"summary_large_image","twitter_misc":{"\u00c9crit par":"leysten","Dur\u00e9e de lecture estim\u00e9e":"1 minute"},"schema":{"@context":"https:\/\/schema.org","@graph":[{"@type":"WebPage","@id":"https:\/\/mocliege.be\/ciep-verviers\/verviers-01-03-25-cafe-citoyen-echange-de-graines-et-fabrication-de-semis\/","url":"https:\/\/mocliege.be\/ciep-verviers\/verviers-01-03-25-cafe-citoyen-echange-de-graines-et-fabrication-de-semis\/","name":"Verviers | 01\/03\/25 | Caf\u00e9-citoyen - Echange de graines et fabrication de semis - Ciep-verviers","isPartOf":{"@id":"https:\/\/mocliege.be\/ciep-verviers\/#website"},"datePublished":"2025-02-26T08:37:47+00:00","dateModified":"2025-02-26T08:38:22+00:00","author":{"@id":"https:\/\/mocliege.be\/ciep-verviers\/#\/schema\/person\/7b93d1557a445ae7e3b25e6c34ac0a09"},"breadcrumb":{"@id":"https:\/\/mocliege.be\/ciep-verviers\/verviers-01-03-25-cafe-citoyen-echange-de-graines-et-fabrication-de-semis\/#breadcrumb"},"inLanguage":"fr-FR","potentialAction":[{"@type":"ReadAction","target":["https:\/\/mocliege.be\/ciep-verviers\/verviers-01-03-25-cafe-citoyen-echange-de-graines-et-fabrication-de-semis\/"]}]},{"@type":"BreadcrumbList","@id":"https:\/\/mocliege.be\/ciep-verviers\/verviers-01-03-25-cafe-citoyen-echange-de-graines-et-fabrication-de-semis\/#breadcrumb","itemListElement":[{"@type":"ListItem","position":1,"name":"Accueil","item":"https:\/\/mocliege.be\/ciep-verviers\/"},{"@type":"ListItem","position":2,"name":"Verviers | 01\/03\/25 | Caf\u00e9-citoyen &#8211; Echange de graines et fabrication de semis"}]},{"@type":"WebSite","@id":"https:\/\/mocliege.be\/ciep-verviers\/#website","url":"https:\/\/mocliege.be\/ciep-verviers\/","name":"Ciep-verviers","description":"Un site utilisant Sites du MOC - Li\u00e8ge","potentialAction":[{"@type":"SearchAction","target":{"@type":"EntryPoint","urlTemplate":"https:\/\/mocliege.be\/ciep-verviers\/?s={search_term_string}"},"query-input":"required name=search_term_string"}],"inLanguage":"fr-FR"},{"@type":"Person","@id":"https:\/\/mocliege.be\/ciep-verviers\/#\/schema\/person\/7b93d1557a445ae7e3b25e6c34ac0a09","name":"leysten","image":{"@type":"ImageObject","inLanguage":"fr-FR","@id":"https:\/\/mocliege.be\/ciep-verviers\/#\/schema\/person\/image\/","url":"https:\/\/secure.gravatar.com\/avatar\/649ab73f8cfba33ce337612dfcf51c0d?s=96&d=mm&r=g","contentUrl":"https:\/\/secure.gravatar.com\/avatar\/649ab73f8cfba33ce337612dfcf51c0d?s=96&d=mm&r=g","caption":"leysten"},"url":"https:\/\/mocliege.be\/ciep-verviers\/author\/leysten\/"}]}},"_links":{"self":[{"href":"https:\/\/mocliege.be\/ciep-verviers\/wp-json\/wp\/v2\/posts\/2080"}],"collection":[{"href":"https:\/\/mocliege.be\/ciep-verviers\/wp-json\/wp\/v2\/posts"}],"about":[{"href":"https:\/\/mocliege.be\/ciep-verviers\/wp-json\/wp\/v2\/types\/post"}],"author":[{"embeddable":true,"href":"https:\/\/mocliege.be\/ciep-verviers\/wp-json\/wp\/v2\/users\/17"}],"replies":[{"embeddable":true,"href":"https:\/\/mocliege.be\/ciep-verviers\/wp-json\/wp\/v2\/comments?post=2080"}],"version-history":[{"count":2,"href":"https:\/\/mocliege.be\/ciep-verviers\/wp-json\/wp\/v2\/posts\/2080\/revisions"}],"predecessor-version":[{"id":2083,"href":"https:\/\/mocliege.be\/ciep-verviers\/wp-json\/wp\/v2\/posts\/2080\/revisions\/2083"}],"wp:featuredmedia":[{"embeddable":true,"href":"https:\/\/mocliege.be\/ciep-verviers\/wp-json\/wp\/v2\/media\/2081"}],"wp:attachment":[{"href":"https:\/\/mocliege.be\/ciep-verviers\/wp-json\/wp\/v2\/media?parent=2080"}],"wp:term":[{"taxonomy":"category","embeddable":true,"href":"https:\/\/mocliege.be\/ciep-verviers\/wp-json\/wp\/v2\/categories?post=2080"},{"taxonomy":"post_tag","embeddable":true,"href":"https:\/\/mocliege.be\/ciep-verviers\/wp-json\/wp\/v2\/tags?post=2080"}],"curies":[{"name":"wp","href":"https:\/\/api.w.org\/{rel}","templated":true}]}}