{"id":2139,"date":"2025-04-15T16:30:09","date_gmt":"2025-04-15T14:30:09","guid":{"rendered":"https:\/\/mocliege.be\/ciep-verviers\/?p=2139"},"modified":"2025-04-15T16:30:09","modified_gmt":"2025-04-15T14:30:09","slug":"verviers-26-05-25-carrefour-des-ccca-de-larrondissement-vervietois","status":"publish","type":"post","link":"https:\/\/mocliege.be\/ciep-verviers\/verviers-26-05-25-carrefour-des-ccca-de-larrondissement-vervietois\/","title":{"rendered":"Verviers | 26\/05\/25 | Carrefour des CCCA de l&rsquo;arrondissement vervi\u00e9tois"},"content":{"rendered":"<h3>Lancement du Carrefour des CCCA de l&rsquo;arrondissement vervi\u00e9tois !<\/h3>\n<div>\n<p><span data-olk-copy-source=\"MessageBody\">Les nouveaux CCCA (<em>Conseil Consultatif Communal des A\u00een\u00e9s<\/em>) se mettent en place au sein de l&rsquo;arrondissement vervi\u00e9tois. Dans ce cadre, le CIEP Verviers organise un \u00ab\u00a0<b><span class=\"markmhqjlzkui\" data-markjs=\"true\" data-ogac=\"\" data-ogab=\"\" data-ogsc=\"\" data-ogsb=\"\">Carrefour<\/span>\u00a0des CCCA de\u00a0l&rsquo;arrondissement vervi\u00e9tois<\/b>\u00ab\u00a0. L&rsquo;objectif de cette premi\u00e8re rencontre est d&rsquo;\u00e9changer, de partager et, si besoin, d&rsquo;\u00e9claircir le r\u00f4le et le fonctionnement des CCCA.\u00a0<\/span><\/p>\n<\/div>\n<p>&nbsp;<\/p>\n<p>&nbsp;<\/p>\n<div>\n<p><u>Pour qui ?\u00a0<\/u><\/p>\n<\/div>\n<div>\n<ul>\n<li>\n<div>Pour tous les ain\u00e9s int\u00e9ress\u00e9s ou impliqu\u00e9s de pr\u00e8s ou de loin\u00a0aux CCCA de l&rsquo;arrondissement de Verviers<\/div>\n<\/li>\n<\/ul>\n<\/div>\n<div>\n<p><u>Quand ?\u00a0<\/u><\/p>\n<\/div>\n<div>\n<ul>\n<li>\n<div>Une premi\u00e8re rencontre toute conviviale autour d\u2019un caf\u00e9 aura lieu le lundi 26 mai \u00e0 14h.<\/div>\n<\/li>\n<\/ul>\n<\/div>\n<div>\n<p><u>O\u00f9 ?\u00a0<\/u><\/p>\n<\/div>\n<div>\n<ul>\n<li>Au CIEP Verviers (Rue du Palais 25, 4800 Verviers)<\/li>\n<\/ul>\n<\/div>\n<div>\n<p>&nbsp;<\/p>\n<\/div>\n<div>\n<p><u>Inscription obligatoire :\u00a0<\/u><\/p>\n<\/div>\n<div>\n<ul>\n<li>Par mail :\u00a0<a id=\"LPlnkOWAaa4b9cba-78aa-9a54-b5ec-25993c49c9a0\" title=\"mailto:leysten@mocliege.org\" href=\"mailto:leysten@mocliege.org\" data-linkindex=\"0\">leysten@mocliege.org <\/a><\/li>\n<li>Par t\u00e9l\u00e9phone : 0484 30 99 12<\/li>\n<\/ul>\n<\/div>\n<div><\/div>\n<div>\n<p>&nbsp;<\/p>\n<\/div>\n<div>\n<p>L&rsquo;activit\u00e9 est gratuite. Nous restons \u00e9videmment \u00e0 votre disposition en cas de questions.<\/p>\n<\/div>\n<p>&nbsp;<\/p>\n<p><img loading=\"lazy\" decoding=\"async\" class=\"wp-image-2140 aligncenter\" src=\"https:\/\/mocliege.be\/ciep-verviers\/wp-content\/uploads\/sites\/6\/2025\/04\/Carrefour-des-CCCA-212x300.jpg\" alt=\"\" width=\"444\" height=\"628\" srcset=\"https:\/\/mocliege.be\/ciep-verviers\/wp-content\/uploads\/sites\/6\/2025\/04\/Carrefour-des-CCCA-212x300.jpg 212w, https:\/\/mocliege.be\/ciep-verviers\/wp-content\/uploads\/sites\/6\/2025\/04\/Carrefour-des-CCCA-724x1024.jpg 724w, https:\/\/mocliege.be\/ciep-verviers\/wp-content\/uploads\/sites\/6\/2025\/04\/Carrefour-des-CCCA-768x1086.jpg 768w, https:\/\/mocliege.be\/ciep-verviers\/wp-content\/uploads\/sites\/6\/2025\/04\/Carrefour-des-CCCA-1086x1536.jpg 1086w, https:\/\/mocliege.be\/ciep-verviers\/wp-content\/uploads\/sites\/6\/2025\/04\/Carrefour-des-CCCA-45x64.jpg 45w, https:\/\/mocliege.be\/ciep-verviers\/wp-content\/uploads\/sites\/6\/2025\/04\/Carrefour-des-CCCA-177x250.jpg 177w, https:\/\/mocliege.be\/ciep-verviers\/wp-content\/uploads\/sites\/6\/2025\/04\/Carrefour-des-CCCA-53x75.jpg 53w, https:\/\/mocliege.be\/ciep-verviers\/wp-content\/uploads\/sites\/6\/2025\/04\/Carrefour-des-CCCA-150x212.jpg 150w, https:\/\/mocliege.be\/ciep-verviers\/wp-content\/uploads\/sites\/6\/2025\/04\/Carrefour-des-CCCA-450x636.jpg 450w, https:\/\/mocliege.be\/ciep-verviers\/wp-content\/uploads\/sites\/6\/2025\/04\/Carrefour-des-CCCA-600x849.jpg 600w, https:\/\/mocliege.be\/ciep-verviers\/wp-content\/uploads\/sites\/6\/2025\/04\/Carrefour-des-CCCA-1200x1697.jpg 1200w, https:\/\/mocliege.be\/ciep-verviers\/wp-content\/uploads\/sites\/6\/2025\/04\/Carrefour-des-CCCA.jpg 1414w\" sizes=\"(max-width: 444px) 100vw, 444px\" \/><\/p>\n<p>&nbsp;<\/p>\n","protected":false},"excerpt":{"rendered":"<p>Lancement du Carrefour des CCCA de l&rsquo;arrondissement vervi\u00e9tois ! Les nouveaux CCCA (Conseil Consultatif Communal [&hellip;]<\/p>\n","protected":false},"author":17,"featured_media":2140,"comment_status":"open","ping_status":"open","sticky":false,"template":"","format":"standard","meta":{"_monsterinsights_skip_tracking":false,"_monsterinsights_sitenote_active":false,"_monsterinsights_sitenote_note":"","_monsterinsights_sitenote_category":0,"footnotes":""},"categories":[1],"tags":[11],"acf":[],"yoast_head":"<!-- This site is optimized with the Yoast SEO plugin v19.14 - https:\/\/yoast.com\/wordpress\/plugins\/seo\/ -->\n<title>Verviers | 26\/05\/25 | Carrefour des CCCA de l&#039;arrondissement vervi\u00e9tois - Ciep-verviers<\/title>\n<meta name=\"robots\" content=\"index, follow, max-snippet:-1, max-image-preview:large, max-video-preview:-1\" \/>\n<link rel=\"canonical\" href=\"https:\/\/mocliege.be\/ciep-verviers\/verviers-26-05-25-carrefour-des-ccca-de-larrondissement-vervietois\/\" \/>\n<meta property=\"og:locale\" content=\"fr_FR\" \/>\n<meta property=\"og:type\" content=\"article\" \/>\n<meta property=\"og:title\" content=\"Verviers | 26\/05\/25 | Carrefour des CCCA de l&#039;arrondissement vervi\u00e9tois - Ciep-verviers\" \/>\n<meta property=\"og:description\" content=\"Lancement du Carrefour des CCCA de l&rsquo;arrondissement vervi\u00e9tois ! Les nouveaux CCCA (Conseil Consultatif Communal [&hellip;]\" \/>\n<meta property=\"og:url\" content=\"https:\/\/mocliege.be\/ciep-verviers\/verviers-26-05-25-carrefour-des-ccca-de-larrondissement-vervietois\/\" \/>\n<meta property=\"og:site_name\" content=\"Ciep-verviers\" \/>\n<meta property=\"article:published_time\" content=\"2025-04-15T14:30:09+00:00\" \/>\n<meta property=\"og:image\" content=\"https:\/\/mocliege.be\/ciep-verviers\/wp-content\/uploads\/sites\/6\/2025\/04\/Carrefour-des-CCCA.jpg\" \/>\n\t<meta property=\"og:image:width\" content=\"1414\" \/>\n\t<meta property=\"og:image:height\" content=\"2000\" \/>\n\t<meta property=\"og:image:type\" content=\"image\/jpeg\" \/>\n<meta name=\"author\" content=\"leysten\" \/>\n<meta name=\"twitter:card\" content=\"summary_large_image\" \/>\n<meta name=\"twitter:label1\" content=\"\u00c9crit par\" \/>\n\t<meta name=\"twitter:data1\" content=\"leysten\" \/>\n\t<meta name=\"twitter:label2\" content=\"Dur\u00e9e de lecture estim\u00e9e\" \/>\n\t<meta name=\"twitter:data2\" content=\"1 minute\" \/>\n<script type=\"application\/ld+json\" class=\"yoast-schema-graph\">{\"@context\":\"https:\/\/schema.org\",\"@graph\":[{\"@type\":\"WebPage\",\"@id\":\"https:\/\/mocliege.be\/ciep-verviers\/verviers-26-05-25-carrefour-des-ccca-de-larrondissement-vervietois\/\",\"url\":\"https:\/\/mocliege.be\/ciep-verviers\/verviers-26-05-25-carrefour-des-ccca-de-larrondissement-vervietois\/\",\"name\":\"Verviers | 26\/05\/25 | Carrefour des CCCA de l'arrondissement vervi\u00e9tois - Ciep-verviers\",\"isPartOf\":{\"@id\":\"https:\/\/mocliege.be\/ciep-verviers\/#website\"},\"datePublished\":\"2025-04-15T14:30:09+00:00\",\"dateModified\":\"2025-04-15T14:30:09+00:00\",\"author\":{\"@id\":\"https:\/\/mocliege.be\/ciep-verviers\/#\/schema\/person\/7b93d1557a445ae7e3b25e6c34ac0a09\"},\"breadcrumb\":{\"@id\":\"https:\/\/mocliege.be\/ciep-verviers\/verviers-26-05-25-carrefour-des-ccca-de-larrondissement-vervietois\/#breadcrumb\"},\"inLanguage\":\"fr-FR\",\"potentialAction\":[{\"@type\":\"ReadAction\",\"target\":[\"https:\/\/mocliege.be\/ciep-verviers\/verviers-26-05-25-carrefour-des-ccca-de-larrondissement-vervietois\/\"]}]},{\"@type\":\"BreadcrumbList\",\"@id\":\"https:\/\/mocliege.be\/ciep-verviers\/verviers-26-05-25-carrefour-des-ccca-de-larrondissement-vervietois\/#breadcrumb\",\"itemListElement\":[{\"@type\":\"ListItem\",\"position\":1,\"name\":\"Accueil\",\"item\":\"https:\/\/mocliege.be\/ciep-verviers\/\"},{\"@type\":\"ListItem\",\"position\":2,\"name\":\"Verviers | 26\/05\/25 | Carrefour des CCCA de l&rsquo;arrondissement vervi\u00e9tois\"}]},{\"@type\":\"WebSite\",\"@id\":\"https:\/\/mocliege.be\/ciep-verviers\/#website\",\"url\":\"https:\/\/mocliege.be\/ciep-verviers\/\",\"name\":\"Ciep-verviers\",\"description\":\"Un site utilisant Sites du MOC - Li\u00e8ge\",\"potentialAction\":[{\"@type\":\"SearchAction\",\"target\":{\"@type\":\"EntryPoint\",\"urlTemplate\":\"https:\/\/mocliege.be\/ciep-verviers\/?s={search_term_string}\"},\"query-input\":\"required name=search_term_string\"}],\"inLanguage\":\"fr-FR\"},{\"@type\":\"Person\",\"@id\":\"https:\/\/mocliege.be\/ciep-verviers\/#\/schema\/person\/7b93d1557a445ae7e3b25e6c34ac0a09\",\"name\":\"leysten\",\"image\":{\"@type\":\"ImageObject\",\"inLanguage\":\"fr-FR\",\"@id\":\"https:\/\/mocliege.be\/ciep-verviers\/#\/schema\/person\/image\/\",\"url\":\"https:\/\/secure.gravatar.com\/avatar\/649ab73f8cfba33ce337612dfcf51c0d?s=96&d=mm&r=g\",\"contentUrl\":\"https:\/\/secure.gravatar.com\/avatar\/649ab73f8cfba33ce337612dfcf51c0d?s=96&d=mm&r=g\",\"caption\":\"leysten\"},\"url\":\"https:\/\/mocliege.be\/ciep-verviers\/author\/leysten\/\"}]}<\/script>\n<!-- \/ Yoast SEO plugin. -->","yoast_head_json":{"title":"Verviers | 26\/05\/25 | Carrefour des CCCA de l'arrondissement vervi\u00e9tois - Ciep-verviers","robots":{"index":"index","follow":"follow","max-snippet":"max-snippet:-1","max-image-preview":"max-image-preview:large","max-video-preview":"max-video-preview:-1"},"canonical":"https:\/\/mocliege.be\/ciep-verviers\/verviers-26-05-25-carrefour-des-ccca-de-larrondissement-vervietois\/","og_locale":"fr_FR","og_type":"article","og_title":"Verviers | 26\/05\/25 | Carrefour des CCCA de l'arrondissement vervi\u00e9tois - Ciep-verviers","og_description":"Lancement du Carrefour des CCCA de l&rsquo;arrondissement vervi\u00e9tois ! Les nouveaux CCCA (Conseil Consultatif Communal [&hellip;]","og_url":"https:\/\/mocliege.be\/ciep-verviers\/verviers-26-05-25-carrefour-des-ccca-de-larrondissement-vervietois\/","og_site_name":"Ciep-verviers","article_published_time":"2025-04-15T14:30:09+00:00","og_image":[{"width":1414,"height":2000,"url":"https:\/\/mocliege.be\/ciep-verviers\/wp-content\/uploads\/sites\/6\/2025\/04\/Carrefour-des-CCCA.jpg","type":"image\/jpeg"}],"author":"leysten","twitter_card":"summary_large_image","twitter_misc":{"\u00c9crit par":"leysten","Dur\u00e9e de lecture estim\u00e9e":"1 minute"},"schema":{"@context":"https:\/\/schema.org","@graph":[{"@type":"WebPage","@id":"https:\/\/mocliege.be\/ciep-verviers\/verviers-26-05-25-carrefour-des-ccca-de-larrondissement-vervietois\/","url":"https:\/\/mocliege.be\/ciep-verviers\/verviers-26-05-25-carrefour-des-ccca-de-larrondissement-vervietois\/","name":"Verviers | 26\/05\/25 | Carrefour des CCCA de l'arrondissement vervi\u00e9tois - Ciep-verviers","isPartOf":{"@id":"https:\/\/mocliege.be\/ciep-verviers\/#website"},"datePublished":"2025-04-15T14:30:09+00:00","dateModified":"2025-04-15T14:30:09+00:00","author":{"@id":"https:\/\/mocliege.be\/ciep-verviers\/#\/schema\/person\/7b93d1557a445ae7e3b25e6c34ac0a09"},"breadcrumb":{"@id":"https:\/\/mocliege.be\/ciep-verviers\/verviers-26-05-25-carrefour-des-ccca-de-larrondissement-vervietois\/#breadcrumb"},"inLanguage":"fr-FR","potentialAction":[{"@type":"ReadAction","target":["https:\/\/mocliege.be\/ciep-verviers\/verviers-26-05-25-carrefour-des-ccca-de-larrondissement-vervietois\/"]}]},{"@type":"BreadcrumbList","@id":"https:\/\/mocliege.be\/ciep-verviers\/verviers-26-05-25-carrefour-des-ccca-de-larrondissement-vervietois\/#breadcrumb","itemListElement":[{"@type":"ListItem","position":1,"name":"Accueil","item":"https:\/\/mocliege.be\/ciep-verviers\/"},{"@type":"ListItem","position":2,"name":"Verviers | 26\/05\/25 | Carrefour des CCCA de l&rsquo;arrondissement vervi\u00e9tois"}]},{"@type":"WebSite","@id":"https:\/\/mocliege.be\/ciep-verviers\/#website","url":"https:\/\/mocliege.be\/ciep-verviers\/","name":"Ciep-verviers","description":"Un site utilisant Sites du MOC - Li\u00e8ge","potentialAction":[{"@type":"SearchAction","target":{"@type":"EntryPoint","urlTemplate":"https:\/\/mocliege.be\/ciep-verviers\/?s={search_term_string}"},"query-input":"required name=search_term_string"}],"inLanguage":"fr-FR"},{"@type":"Person","@id":"https:\/\/mocliege.be\/ciep-verviers\/#\/schema\/person\/7b93d1557a445ae7e3b25e6c34ac0a09","name":"leysten","image":{"@type":"ImageObject","inLanguage":"fr-FR","@id":"https:\/\/mocliege.be\/ciep-verviers\/#\/schema\/person\/image\/","url":"https:\/\/secure.gravatar.com\/avatar\/649ab73f8cfba33ce337612dfcf51c0d?s=96&d=mm&r=g","contentUrl":"https:\/\/secure.gravatar.com\/avatar\/649ab73f8cfba33ce337612dfcf51c0d?s=96&d=mm&r=g","caption":"leysten"},"url":"https:\/\/mocliege.be\/ciep-verviers\/author\/leysten\/"}]}},"_links":{"self":[{"href":"https:\/\/mocliege.be\/ciep-verviers\/wp-json\/wp\/v2\/posts\/2139"}],"collection":[{"href":"https:\/\/mocliege.be\/ciep-verviers\/wp-json\/wp\/v2\/posts"}],"about":[{"href":"https:\/\/mocliege.be\/ciep-verviers\/wp-json\/wp\/v2\/types\/post"}],"author":[{"embeddable":true,"href":"https:\/\/mocliege.be\/ciep-verviers\/wp-json\/wp\/v2\/users\/17"}],"replies":[{"embeddable":true,"href":"https:\/\/mocliege.be\/ciep-verviers\/wp-json\/wp\/v2\/comments?post=2139"}],"version-history":[{"count":2,"href":"https:\/\/mocliege.be\/ciep-verviers\/wp-json\/wp\/v2\/posts\/2139\/revisions"}],"predecessor-version":[{"id":2142,"href":"https:\/\/mocliege.be\/ciep-verviers\/wp-json\/wp\/v2\/posts\/2139\/revisions\/2142"}],"wp:featuredmedia":[{"embeddable":true,"href":"https:\/\/mocliege.be\/ciep-verviers\/wp-json\/wp\/v2\/media\/2140"}],"wp:attachment":[{"href":"https:\/\/mocliege.be\/ciep-verviers\/wp-json\/wp\/v2\/media?parent=2139"}],"wp:term":[{"taxonomy":"category","embeddable":true,"href":"https:\/\/mocliege.be\/ciep-verviers\/wp-json\/wp\/v2\/categories?post=2139"},{"taxonomy":"post_tag","embeddable":true,"href":"https:\/\/mocliege.be\/ciep-verviers\/wp-json\/wp\/v2\/tags?post=2139"}],"curies":[{"name":"wp","href":"https:\/\/api.w.org\/{rel}","templated":true}]}}