{"id":2346,"date":"2025-09-02T11:20:25","date_gmt":"2025-09-02T09:20:25","guid":{"rendered":"https:\/\/mocliege.be\/ciep-verviers\/?p=2346"},"modified":"2025-09-03T16:58:03","modified_gmt":"2025-09-03T14:58:03","slug":"verviers-30-09-25-no-other-land-cine-debat","status":"publish","type":"post","link":"https:\/\/mocliege.be\/ciep-verviers\/verviers-30-09-25-no-other-land-cine-debat\/","title":{"rendered":"Verviers | 30\/09\/25 |  No Other Land &#8211; Cin\u00e9-d\u00e9bat"},"content":{"rendered":"<h4><em>Film documentaire de Basel Adra, Hamdan Ballal, Yuval Abraham &amp; Rachel Szor &#8211; <\/em><strong>Oscar 2025 du meilleur film documentaire.<\/strong><\/h4>\n<p>&nbsp;<\/p>\n<h3>Synopsis :<\/h3>\n<p>Basel Adra, jeune activiste palestinien originaire de Masafer Yatta, en Cisjordanie, m\u00e8ne depuis son plus jeune \u00e2ge une lutte acharn\u00e9e contre l\u2019expulsion forc\u00e9e de sa communaut\u00e9 par les autorit\u00e9s isra\u00e9liennes. Il documente avec rigueur la destruction progressive des villages de sa r\u00e9gion, o\u00f9 les soldats isra\u00e9liens d\u00e9molissent les habitations et chassent les r\u00e9sidents.<\/p>\n<p>Au cours de son combat, il croise le chemin de Yuval, un journaliste isra\u00e9lien qui d\u00e9cide de l\u2019\u00e9pauler. Une alliance inattendue voit le jour entre eux. N\u00e9anmoins, leur relation est mise \u00e0 rude \u00e9preuve par l\u2019immense disparit\u00e9 qui les s\u00e9pare : Basel vit sous occupation militaire, tandis que Yuval jouit d\u2019une libert\u00e9 totale, sans contraintes.<\/p>\n<p>Ce film, r\u00e9alis\u00e9 par un collectif palestino-isra\u00e9lien compos\u00e9 de quatre jeunes activistes, s\u2019impose comme un acte de r\u00e9sistance cr\u00e9ative en qu\u00eate de justice.<\/p>\n<p>&nbsp;<\/p>\n<h3>Informations pratiques :<\/h3>\n<p>Le mardi 30 septembre \u00e0 19h30 au Centre culturel de Verviers\/Espace Duesberg (<span class=\"mec-address\">Boulevard de G\u00e9rardchamps 7c, 4800 Verviers)<\/span><\/p>\n<p>Dur\u00e9e de la projection : 1h35\u2032 + d\u00e9bat\/\u00e9changes<\/p>\n<p><strong>Prix libre \u00e0 partir de 3\u20ac | Article 27 : 1,25\u20ac<\/strong><\/p>\n<p>Billetterie <a href=\"https:\/\/shop.utick.net\/?module=QUANTITY&amp;q=BCACE52B-770C-004D-2E2B-85D836E7B22F&amp;pos=CCVERVIERSBE\">ici<\/a>.<\/p>\n<p>Bande d&rsquo;annonce <a href=\"https:\/\/www.youtube.com\/watch?v=NWPxg4cdzLM&amp;embeds_referring_euri=https%3A%2F%2Fwww.ccverviers.be%2F&amp;source_ve_path=MzY4NDIsMjM4NTE\">ici<\/a>.<\/p>\n<p><img loading=\"lazy\" decoding=\"async\" class=\"wp-image-2372 aligncenter\" src=\"https:\/\/mocliege.be\/ciep-verviers\/wp-content\/uploads\/sites\/6\/2025\/08\/25_aff_No-Other-land-212x300.jpg\" alt=\"\" width=\"417\" height=\"590\" srcset=\"https:\/\/mocliege.be\/ciep-verviers\/wp-content\/uploads\/sites\/6\/2025\/08\/25_aff_No-Other-land-212x300.jpg 212w, https:\/\/mocliege.be\/ciep-verviers\/wp-content\/uploads\/sites\/6\/2025\/08\/25_aff_No-Other-land-724x1024.jpg 724w, https:\/\/mocliege.be\/ciep-verviers\/wp-content\/uploads\/sites\/6\/2025\/08\/25_aff_No-Other-land-768x1086.jpg 768w, https:\/\/mocliege.be\/ciep-verviers\/wp-content\/uploads\/sites\/6\/2025\/08\/25_aff_No-Other-land-1086x1536.jpg 1086w, https:\/\/mocliege.be\/ciep-verviers\/wp-content\/uploads\/sites\/6\/2025\/08\/25_aff_No-Other-land-1448x2048.jpg 1448w, https:\/\/mocliege.be\/ciep-verviers\/wp-content\/uploads\/sites\/6\/2025\/08\/25_aff_No-Other-land-45x64.jpg 45w, https:\/\/mocliege.be\/ciep-verviers\/wp-content\/uploads\/sites\/6\/2025\/08\/25_aff_No-Other-land-177x250.jpg 177w, https:\/\/mocliege.be\/ciep-verviers\/wp-content\/uploads\/sites\/6\/2025\/08\/25_aff_No-Other-land-53x75.jpg 53w, https:\/\/mocliege.be\/ciep-verviers\/wp-content\/uploads\/sites\/6\/2025\/08\/25_aff_No-Other-land-150x212.jpg 150w, https:\/\/mocliege.be\/ciep-verviers\/wp-content\/uploads\/sites\/6\/2025\/08\/25_aff_No-Other-land-450x636.jpg 450w, https:\/\/mocliege.be\/ciep-verviers\/wp-content\/uploads\/sites\/6\/2025\/08\/25_aff_No-Other-land-600x848.jpg 600w, https:\/\/mocliege.be\/ciep-verviers\/wp-content\/uploads\/sites\/6\/2025\/08\/25_aff_No-Other-land-1200x1697.jpg 1200w, https:\/\/mocliege.be\/ciep-verviers\/wp-content\/uploads\/sites\/6\/2025\/08\/25_aff_No-Other-land.jpg 1754w\" sizes=\"(max-width: 417px) 100vw, 417px\" \/><\/p>\n<p><em>Un cin\u00e9-d\u00e9bat propos\u00e9 en collaboration avec <a href=\"https:\/\/www.facebook.com\/CIEPVerviers?locale=fr_FR\" target=\"_blank\" rel=\"noopener\">le CIEP Verviers<\/a>,\u00a0<a href=\"https:\/\/www.facebook.com\/equipespopulairesregionaleverviers?locale=fr_FR\" target=\"_blank\" rel=\"noopener\">Les Equipes Populaires de Verviers,<\/a><\/em>\u00a0\u00a0<em><a href=\"https:\/\/www.facebook.com\/Jocverviers\/?locale=fr_FR\" target=\"_blank\" rel=\"noopener\">la JOC de Verviers<\/a> le <a href=\"https:\/\/www.ccverviers.be\/events\/no-other-land-cine-debat\/\">Centre Culturel de Verviers<\/a> et <a href=\"https:\/\/entraide.be\/?gad_source=1&amp;gad_campaignid=12108653190&amp;gbraid=0AAAAADQWXkylymBNhpqZRsrHWrnBqF042&amp;gclid=Cj0KCQjwzt_FBhCEARIsAJGFWVmY7bRVuiSsqk4iLj6ezJSkPAhgR7U9jdwq0Vkmkbwu8PLLq--U0CsaAlLdEALw_wcB\">Entraide &amp; Fraternit\u00e9<\/a>\u00a0<\/em><\/p>\n","protected":false},"excerpt":{"rendered":"<p>Film documentaire de Basel Adra, Hamdan Ballal, Yuval Abraham &amp; Rachel Szor &#8211; Oscar 2025 [&hellip;]<\/p>\n","protected":false},"author":17,"featured_media":2347,"comment_status":"open","ping_status":"open","sticky":false,"template":"","format":"standard","meta":{"_monsterinsights_skip_tracking":false,"_monsterinsights_sitenote_active":false,"_monsterinsights_sitenote_note":"","_monsterinsights_sitenote_category":0,"footnotes":""},"categories":[1],"tags":[11],"acf":[],"yoast_head":"<!-- This site is optimized with the Yoast SEO plugin v19.14 - https:\/\/yoast.com\/wordpress\/plugins\/seo\/ -->\n<title>Verviers | 30\/09\/25 | No Other Land - Cin\u00e9-d\u00e9bat - Ciep-verviers<\/title>\n<meta name=\"robots\" content=\"index, follow, max-snippet:-1, max-image-preview:large, max-video-preview:-1\" \/>\n<link rel=\"canonical\" href=\"https:\/\/mocliege.be\/ciep-verviers\/verviers-30-09-25-no-other-land-cine-debat\/\" \/>\n<meta property=\"og:locale\" content=\"fr_FR\" \/>\n<meta property=\"og:type\" content=\"article\" \/>\n<meta property=\"og:title\" content=\"Verviers | 30\/09\/25 | No Other Land - Cin\u00e9-d\u00e9bat - Ciep-verviers\" \/>\n<meta property=\"og:description\" content=\"Film documentaire de Basel Adra, Hamdan Ballal, Yuval Abraham &amp; Rachel Szor &#8211; Oscar 2025 [&hellip;]\" \/>\n<meta property=\"og:url\" content=\"https:\/\/mocliege.be\/ciep-verviers\/verviers-30-09-25-no-other-land-cine-debat\/\" \/>\n<meta property=\"og:site_name\" content=\"Ciep-verviers\" \/>\n<meta property=\"article:published_time\" content=\"2025-09-02T09:20:25+00:00\" \/>\n<meta property=\"article:modified_time\" content=\"2025-09-03T14:58:03+00:00\" \/>\n<meta property=\"og:image\" content=\"https:\/\/mocliege.be\/ciep-verviers\/wp-content\/uploads\/sites\/6\/2025\/08\/No-Other-Land-affiche.jpg\" \/>\n\t<meta property=\"og:image:width\" content=\"1200\" \/>\n\t<meta property=\"og:image:height\" content=\"1634\" \/>\n\t<meta property=\"og:image:type\" content=\"image\/jpeg\" \/>\n<meta name=\"author\" content=\"leysten\" \/>\n<meta name=\"twitter:card\" content=\"summary_large_image\" \/>\n<meta name=\"twitter:label1\" content=\"\u00c9crit par\" \/>\n\t<meta name=\"twitter:data1\" content=\"leysten\" \/>\n\t<meta name=\"twitter:label2\" content=\"Dur\u00e9e de lecture estim\u00e9e\" \/>\n\t<meta name=\"twitter:data2\" content=\"1 minute\" \/>\n<script type=\"application\/ld+json\" class=\"yoast-schema-graph\">{\"@context\":\"https:\/\/schema.org\",\"@graph\":[{\"@type\":\"WebPage\",\"@id\":\"https:\/\/mocliege.be\/ciep-verviers\/verviers-30-09-25-no-other-land-cine-debat\/\",\"url\":\"https:\/\/mocliege.be\/ciep-verviers\/verviers-30-09-25-no-other-land-cine-debat\/\",\"name\":\"Verviers | 30\/09\/25 | No Other Land - Cin\u00e9-d\u00e9bat - Ciep-verviers\",\"isPartOf\":{\"@id\":\"https:\/\/mocliege.be\/ciep-verviers\/#website\"},\"datePublished\":\"2025-09-02T09:20:25+00:00\",\"dateModified\":\"2025-09-03T14:58:03+00:00\",\"author\":{\"@id\":\"https:\/\/mocliege.be\/ciep-verviers\/#\/schema\/person\/7b93d1557a445ae7e3b25e6c34ac0a09\"},\"breadcrumb\":{\"@id\":\"https:\/\/mocliege.be\/ciep-verviers\/verviers-30-09-25-no-other-land-cine-debat\/#breadcrumb\"},\"inLanguage\":\"fr-FR\",\"potentialAction\":[{\"@type\":\"ReadAction\",\"target\":[\"https:\/\/mocliege.be\/ciep-verviers\/verviers-30-09-25-no-other-land-cine-debat\/\"]}]},{\"@type\":\"BreadcrumbList\",\"@id\":\"https:\/\/mocliege.be\/ciep-verviers\/verviers-30-09-25-no-other-land-cine-debat\/#breadcrumb\",\"itemListElement\":[{\"@type\":\"ListItem\",\"position\":1,\"name\":\"Accueil\",\"item\":\"https:\/\/mocliege.be\/ciep-verviers\/\"},{\"@type\":\"ListItem\",\"position\":2,\"name\":\"Verviers | 30\/09\/25 | No Other Land &#8211; Cin\u00e9-d\u00e9bat\"}]},{\"@type\":\"WebSite\",\"@id\":\"https:\/\/mocliege.be\/ciep-verviers\/#website\",\"url\":\"https:\/\/mocliege.be\/ciep-verviers\/\",\"name\":\"Ciep-verviers\",\"description\":\"Un site utilisant Sites du MOC - Li\u00e8ge\",\"potentialAction\":[{\"@type\":\"SearchAction\",\"target\":{\"@type\":\"EntryPoint\",\"urlTemplate\":\"https:\/\/mocliege.be\/ciep-verviers\/?s={search_term_string}\"},\"query-input\":\"required name=search_term_string\"}],\"inLanguage\":\"fr-FR\"},{\"@type\":\"Person\",\"@id\":\"https:\/\/mocliege.be\/ciep-verviers\/#\/schema\/person\/7b93d1557a445ae7e3b25e6c34ac0a09\",\"name\":\"leysten\",\"image\":{\"@type\":\"ImageObject\",\"inLanguage\":\"fr-FR\",\"@id\":\"https:\/\/mocliege.be\/ciep-verviers\/#\/schema\/person\/image\/\",\"url\":\"https:\/\/secure.gravatar.com\/avatar\/649ab73f8cfba33ce337612dfcf51c0d?s=96&d=mm&r=g\",\"contentUrl\":\"https:\/\/secure.gravatar.com\/avatar\/649ab73f8cfba33ce337612dfcf51c0d?s=96&d=mm&r=g\",\"caption\":\"leysten\"},\"url\":\"https:\/\/mocliege.be\/ciep-verviers\/author\/leysten\/\"}]}<\/script>\n<!-- \/ Yoast SEO plugin. -->","yoast_head_json":{"title":"Verviers | 30\/09\/25 | No Other Land - Cin\u00e9-d\u00e9bat - Ciep-verviers","robots":{"index":"index","follow":"follow","max-snippet":"max-snippet:-1","max-image-preview":"max-image-preview:large","max-video-preview":"max-video-preview:-1"},"canonical":"https:\/\/mocliege.be\/ciep-verviers\/verviers-30-09-25-no-other-land-cine-debat\/","og_locale":"fr_FR","og_type":"article","og_title":"Verviers | 30\/09\/25 | No Other Land - Cin\u00e9-d\u00e9bat - Ciep-verviers","og_description":"Film documentaire de Basel Adra, Hamdan Ballal, Yuval Abraham &amp; Rachel Szor &#8211; Oscar 2025 [&hellip;]","og_url":"https:\/\/mocliege.be\/ciep-verviers\/verviers-30-09-25-no-other-land-cine-debat\/","og_site_name":"Ciep-verviers","article_published_time":"2025-09-02T09:20:25+00:00","article_modified_time":"2025-09-03T14:58:03+00:00","og_image":[{"width":1200,"height":1634,"url":"https:\/\/mocliege.be\/ciep-verviers\/wp-content\/uploads\/sites\/6\/2025\/08\/No-Other-Land-affiche.jpg","type":"image\/jpeg"}],"author":"leysten","twitter_card":"summary_large_image","twitter_misc":{"\u00c9crit par":"leysten","Dur\u00e9e de lecture estim\u00e9e":"1 minute"},"schema":{"@context":"https:\/\/schema.org","@graph":[{"@type":"WebPage","@id":"https:\/\/mocliege.be\/ciep-verviers\/verviers-30-09-25-no-other-land-cine-debat\/","url":"https:\/\/mocliege.be\/ciep-verviers\/verviers-30-09-25-no-other-land-cine-debat\/","name":"Verviers | 30\/09\/25 | No Other Land - Cin\u00e9-d\u00e9bat - Ciep-verviers","isPartOf":{"@id":"https:\/\/mocliege.be\/ciep-verviers\/#website"},"datePublished":"2025-09-02T09:20:25+00:00","dateModified":"2025-09-03T14:58:03+00:00","author":{"@id":"https:\/\/mocliege.be\/ciep-verviers\/#\/schema\/person\/7b93d1557a445ae7e3b25e6c34ac0a09"},"breadcrumb":{"@id":"https:\/\/mocliege.be\/ciep-verviers\/verviers-30-09-25-no-other-land-cine-debat\/#breadcrumb"},"inLanguage":"fr-FR","potentialAction":[{"@type":"ReadAction","target":["https:\/\/mocliege.be\/ciep-verviers\/verviers-30-09-25-no-other-land-cine-debat\/"]}]},{"@type":"BreadcrumbList","@id":"https:\/\/mocliege.be\/ciep-verviers\/verviers-30-09-25-no-other-land-cine-debat\/#breadcrumb","itemListElement":[{"@type":"ListItem","position":1,"name":"Accueil","item":"https:\/\/mocliege.be\/ciep-verviers\/"},{"@type":"ListItem","position":2,"name":"Verviers | 30\/09\/25 | No Other Land &#8211; Cin\u00e9-d\u00e9bat"}]},{"@type":"WebSite","@id":"https:\/\/mocliege.be\/ciep-verviers\/#website","url":"https:\/\/mocliege.be\/ciep-verviers\/","name":"Ciep-verviers","description":"Un site utilisant Sites du MOC - Li\u00e8ge","potentialAction":[{"@type":"SearchAction","target":{"@type":"EntryPoint","urlTemplate":"https:\/\/mocliege.be\/ciep-verviers\/?s={search_term_string}"},"query-input":"required name=search_term_string"}],"inLanguage":"fr-FR"},{"@type":"Person","@id":"https:\/\/mocliege.be\/ciep-verviers\/#\/schema\/person\/7b93d1557a445ae7e3b25e6c34ac0a09","name":"leysten","image":{"@type":"ImageObject","inLanguage":"fr-FR","@id":"https:\/\/mocliege.be\/ciep-verviers\/#\/schema\/person\/image\/","url":"https:\/\/secure.gravatar.com\/avatar\/649ab73f8cfba33ce337612dfcf51c0d?s=96&d=mm&r=g","contentUrl":"https:\/\/secure.gravatar.com\/avatar\/649ab73f8cfba33ce337612dfcf51c0d?s=96&d=mm&r=g","caption":"leysten"},"url":"https:\/\/mocliege.be\/ciep-verviers\/author\/leysten\/"}]}},"_links":{"self":[{"href":"https:\/\/mocliege.be\/ciep-verviers\/wp-json\/wp\/v2\/posts\/2346"}],"collection":[{"href":"https:\/\/mocliege.be\/ciep-verviers\/wp-json\/wp\/v2\/posts"}],"about":[{"href":"https:\/\/mocliege.be\/ciep-verviers\/wp-json\/wp\/v2\/types\/post"}],"author":[{"embeddable":true,"href":"https:\/\/mocliege.be\/ciep-verviers\/wp-json\/wp\/v2\/users\/17"}],"replies":[{"embeddable":true,"href":"https:\/\/mocliege.be\/ciep-verviers\/wp-json\/wp\/v2\/comments?post=2346"}],"version-history":[{"count":6,"href":"https:\/\/mocliege.be\/ciep-verviers\/wp-json\/wp\/v2\/posts\/2346\/revisions"}],"predecessor-version":[{"id":2379,"href":"https:\/\/mocliege.be\/ciep-verviers\/wp-json\/wp\/v2\/posts\/2346\/revisions\/2379"}],"wp:featuredmedia":[{"embeddable":true,"href":"https:\/\/mocliege.be\/ciep-verviers\/wp-json\/wp\/v2\/media\/2347"}],"wp:attachment":[{"href":"https:\/\/mocliege.be\/ciep-verviers\/wp-json\/wp\/v2\/media?parent=2346"}],"wp:term":[{"taxonomy":"category","embeddable":true,"href":"https:\/\/mocliege.be\/ciep-verviers\/wp-json\/wp\/v2\/categories?post=2346"},{"taxonomy":"post_tag","embeddable":true,"href":"https:\/\/mocliege.be\/ciep-verviers\/wp-json\/wp\/v2\/tags?post=2346"}],"curies":[{"name":"wp","href":"https:\/\/api.w.org\/{rel}","templated":true}]}}