{"id":2359,"date":"2025-09-02T11:32:40","date_gmt":"2025-09-02T09:32:40","guid":{"rendered":"https:\/\/mocliege.be\/ciep-verviers\/?p=2359"},"modified":"2025-09-08T12:11:47","modified_gmt":"2025-09-08T10:11:47","slug":"la-grainotheque-fait-sa-rentree-a-verviers-et-a-spa","status":"publish","type":"post","link":"https:\/\/mocliege.be\/ciep-verviers\/la-grainotheque-fait-sa-rentree-a-verviers-et-a-spa\/","title":{"rendered":"20\/09 &#038; 24\/09 | Notre Grainoth\u00e8que fait sa grande rentr\u00e9e \u00e0 Verviers et \u00e0 Spa"},"content":{"rendered":"<p data-start=\"149\" data-end=\"414\"><img loading=\"lazy\" decoding=\"async\" class=\" wp-image-2362 alignright\" src=\"https:\/\/mocliege.be\/ciep-verviers\/wp-content\/uploads\/sites\/6\/2025\/09\/Affiche-sur-la-marre-septembre-2025-724x1024.jpg\" alt=\"\" width=\"324\" height=\"458\" srcset=\"https:\/\/mocliege.be\/ciep-verviers\/wp-content\/uploads\/sites\/6\/2025\/09\/Affiche-sur-la-marre-septembre-2025-724x1024.jpg 724w, https:\/\/mocliege.be\/ciep-verviers\/wp-content\/uploads\/sites\/6\/2025\/09\/Affiche-sur-la-marre-septembre-2025-212x300.jpg 212w, https:\/\/mocliege.be\/ciep-verviers\/wp-content\/uploads\/sites\/6\/2025\/09\/Affiche-sur-la-marre-septembre-2025-768x1086.jpg 768w, https:\/\/mocliege.be\/ciep-verviers\/wp-content\/uploads\/sites\/6\/2025\/09\/Affiche-sur-la-marre-septembre-2025-1086x1536.jpg 1086w, https:\/\/mocliege.be\/ciep-verviers\/wp-content\/uploads\/sites\/6\/2025\/09\/Affiche-sur-la-marre-septembre-2025-45x64.jpg 45w, https:\/\/mocliege.be\/ciep-verviers\/wp-content\/uploads\/sites\/6\/2025\/09\/Affiche-sur-la-marre-septembre-2025-177x250.jpg 177w, https:\/\/mocliege.be\/ciep-verviers\/wp-content\/uploads\/sites\/6\/2025\/09\/Affiche-sur-la-marre-septembre-2025-53x75.jpg 53w, https:\/\/mocliege.be\/ciep-verviers\/wp-content\/uploads\/sites\/6\/2025\/09\/Affiche-sur-la-marre-septembre-2025-150x212.jpg 150w, https:\/\/mocliege.be\/ciep-verviers\/wp-content\/uploads\/sites\/6\/2025\/09\/Affiche-sur-la-marre-septembre-2025-450x636.jpg 450w, https:\/\/mocliege.be\/ciep-verviers\/wp-content\/uploads\/sites\/6\/2025\/09\/Affiche-sur-la-marre-septembre-2025-600x849.jpg 600w, https:\/\/mocliege.be\/ciep-verviers\/wp-content\/uploads\/sites\/6\/2025\/09\/Affiche-sur-la-marre-septembre-2025.jpg 1200w\" sizes=\"(max-width: 324px) 100vw, 324px\" \/>Apr\u00e8s la pause estivale, la Grainoth\u00e8que reprend ses activit\u00e9s avec deux rendez-vous \u00e0 ne pas manquer en septembre. Port\u00e9e par le CIEP Verviers et ses partenaires, la Grainoth\u00e8que s\u2019inscrit dans une d\u00e9marche collective de partage, d\u2019\u00e9changes et de sensibilisation \u00e0 la biodiversit\u00e9.<\/p>\n<h2 data-start=\"416\" data-end=\"458\"><strong>\u00c0 Verviers : cr\u00e9er une mare au jardin<\/strong><\/h2>\n<p data-start=\"459\" data-end=\"861\">Le <strong data-start=\"462\" data-end=\"498\">samedi 20 septembre 2025 d\u00e8s 10h<\/strong>, rendez-vous au <a href=\"https:\/\/revert.be\/jardin-patati-patata\/\"><strong data-start=\"515\" data-end=\"539\">Jardin Patati Patata<\/strong><\/a> (Crapaurue 118-120, ruelle du Mar\u00e9chal) pour d\u00e9couvrir, en situation concr\u00e8te, comment <strong data-start=\"628\" data-end=\"666\">installer une mare dans son jardin<\/strong>. Cet atelier gratuit est organis\u00e9 en collaboration avec la <a href=\"https:\/\/bibliotheque.verviers.be\/\"><strong data-start=\"726\" data-end=\"754\">Biblioth\u00e8que de Verviers<\/strong><\/a> et le <strong data-start=\"761\" data-end=\"785\">Jardin Patati Patata<\/strong>.<\/p>\n<ul>\n<li data-start=\"459\" data-end=\"861\"><strong>Infos et r\u00e9servations :<\/strong> <a href=\"mailto:francoise.bernardi@verviers.be\">francoise.bernardi@verviers.be<\/a> \/ 087 325 335<\/li>\n<\/ul>\n<h2 data-start=\"863\" data-end=\"906\"><strong>\u00c0 Spa : la Grainoth\u00e8que f\u00eate ses 3 ans<\/strong><\/h2>\n<p data-start=\"907\" data-end=\"1126\">Le <strong data-start=\"910\" data-end=\"953\">mercredi 24 septembre 2025 de 19h \u00e0 21h<\/strong>, la <a href=\"https:\/\/www.villedespa.be\/loisirs\/culture\/bibliotheque\"><strong data-start=\"958\" data-end=\"1002\">Biblioth\u00e8que-Ludoth\u00e8que communale de Spa<\/strong> <\/a>et le <a href=\"https:\/\/www.villedespa.be\/ma-ville\/polesocial\/cpas\/nos-services\/services-sociaux\/plan-de-cohesion-sociale\"><strong data-start=\"1009\" data-end=\"1046\">Plan de Coh\u00e9sion Sociale (P.C.S.)<\/strong><\/a> vous invitent \u00e0 c\u00e9l\u00e9brer les <strong data-start=\"1076\" data-end=\"1108\">trois ans de la Grainoth\u00e8que<\/strong>. Au programme :<\/p>\n<h2 data-start=\"863\" data-end=\"906\"><strong><img loading=\"lazy\" decoding=\"async\" class=\" wp-image-2364 alignright\" src=\"https:\/\/mocliege.be\/ciep-verviers\/wp-content\/uploads\/sites\/6\/2025\/09\/Septembre2025-724x1024.jpg\" alt=\"\" width=\"325\" height=\"460\" srcset=\"https:\/\/mocliege.be\/ciep-verviers\/wp-content\/uploads\/sites\/6\/2025\/09\/Septembre2025-724x1024.jpg 724w, https:\/\/mocliege.be\/ciep-verviers\/wp-content\/uploads\/sites\/6\/2025\/09\/Septembre2025-212x300.jpg 212w, https:\/\/mocliege.be\/ciep-verviers\/wp-content\/uploads\/sites\/6\/2025\/09\/Septembre2025-768x1086.jpg 768w, https:\/\/mocliege.be\/ciep-verviers\/wp-content\/uploads\/sites\/6\/2025\/09\/Septembre2025-1086x1536.jpg 1086w, https:\/\/mocliege.be\/ciep-verviers\/wp-content\/uploads\/sites\/6\/2025\/09\/Septembre2025-45x64.jpg 45w, https:\/\/mocliege.be\/ciep-verviers\/wp-content\/uploads\/sites\/6\/2025\/09\/Septembre2025-177x250.jpg 177w, https:\/\/mocliege.be\/ciep-verviers\/wp-content\/uploads\/sites\/6\/2025\/09\/Septembre2025-53x75.jpg 53w, https:\/\/mocliege.be\/ciep-verviers\/wp-content\/uploads\/sites\/6\/2025\/09\/Septembre2025-150x212.jpg 150w, https:\/\/mocliege.be\/ciep-verviers\/wp-content\/uploads\/sites\/6\/2025\/09\/Septembre2025-450x637.jpg 450w, https:\/\/mocliege.be\/ciep-verviers\/wp-content\/uploads\/sites\/6\/2025\/09\/Septembre2025-600x849.jpg 600w, https:\/\/mocliege.be\/ciep-verviers\/wp-content\/uploads\/sites\/6\/2025\/09\/Septembre2025-1200x1697.jpg 1200w, https:\/\/mocliege.be\/ciep-verviers\/wp-content\/uploads\/sites\/6\/2025\/09\/Septembre2025.jpg 1240w\" sizes=\"(max-width: 325px) 100vw, 325px\" \/><\/strong><\/h2>\n<ul data-start=\"1127\" data-end=\"1302\">\n<li data-start=\"1127\" data-end=\"1155\">\n<p data-start=\"1129\" data-end=\"1155\">une br\u00e8ve r\u00e9trospective<\/p>\n<\/li>\n<li data-start=\"1156\" data-end=\"1244\">\n<p data-start=\"1158\" data-end=\"1244\">un \u00e9change participatif pour d\u00e9finir ensemble les th\u00e8mes de la Grainoth\u00e8que en 2026<\/p>\n<\/li>\n<li data-start=\"1245\" data-end=\"1302\">\n<p data-start=\"1247\" data-end=\"1302\">et un moment convivial autour d\u2019un verre de l\u2019amiti\u00e9<\/p>\n<\/li>\n<li data-start=\"1245\" data-end=\"1302\"><strong>Infos :<\/strong> 087 77 24 52<\/li>\n<\/ul>\n<p data-start=\"1304\" data-end=\"1434\">Les participants sont \u00e9galement invit\u00e9s \u00e0 apporter des graines pour enrichir la grainoth\u00e8que et assurer la continuit\u00e9 du projet.<\/p>\n<p data-start=\"1480\" data-end=\"1696\">Que vous soyez passionn\u00e9 de nature, amateur de jardinage ou simplement curieux, ces rendez-vous sont l\u2019occasion id\u00e9ale de rejoindre une dynamique citoyenne et \u00e9cologique au service du partage et de la convivialit\u00e9.<\/p>\n","protected":false},"excerpt":{"rendered":"<p>Apr\u00e8s la pause estivale, la Grainoth\u00e8que reprend ses activit\u00e9s avec deux rendez-vous \u00e0 ne pas [&hellip;]<\/p>\n","protected":false},"author":9,"featured_media":2360,"comment_status":"open","ping_status":"open","sticky":false,"template":"","format":"standard","meta":{"_monsterinsights_skip_tracking":false,"_monsterinsights_sitenote_active":false,"_monsterinsights_sitenote_note":"","_monsterinsights_sitenote_category":0,"footnotes":""},"categories":[1],"tags":[11],"acf":[],"yoast_head":"<!-- This site is optimized with the Yoast SEO plugin v19.14 - https:\/\/yoast.com\/wordpress\/plugins\/seo\/ -->\n<title>20\/09 &amp; 24\/09 | Notre Grainoth\u00e8que fait sa grande rentr\u00e9e \u00e0 Verviers et \u00e0 Spa - Ciep-verviers<\/title>\n<meta name=\"robots\" content=\"index, follow, max-snippet:-1, max-image-preview:large, max-video-preview:-1\" \/>\n<link rel=\"canonical\" href=\"https:\/\/mocliege.be\/ciep-verviers\/la-grainotheque-fait-sa-rentree-a-verviers-et-a-spa\/\" \/>\n<meta property=\"og:locale\" content=\"fr_FR\" \/>\n<meta property=\"og:type\" content=\"article\" \/>\n<meta property=\"og:title\" content=\"20\/09 &amp; 24\/09 | Notre Grainoth\u00e8que fait sa grande rentr\u00e9e \u00e0 Verviers et \u00e0 Spa - Ciep-verviers\" \/>\n<meta property=\"og:description\" content=\"Apr\u00e8s la pause estivale, la Grainoth\u00e8que reprend ses activit\u00e9s avec deux rendez-vous \u00e0 ne pas [&hellip;]\" \/>\n<meta property=\"og:url\" content=\"https:\/\/mocliege.be\/ciep-verviers\/la-grainotheque-fait-sa-rentree-a-verviers-et-a-spa\/\" \/>\n<meta property=\"og:site_name\" content=\"Ciep-verviers\" \/>\n<meta property=\"article:published_time\" content=\"2025-09-02T09:32:40+00:00\" \/>\n<meta property=\"article:modified_time\" content=\"2025-09-08T10:11:47+00:00\" \/>\n<meta property=\"og:image\" content=\"https:\/\/mocliege.be\/ciep-verviers\/wp-content\/uploads\/sites\/6\/2025\/09\/Miniatures-articles-site-23.jpg\" \/>\n\t<meta property=\"og:image:width\" content=\"1002\" \/>\n\t<meta property=\"og:image:height\" content=\"482\" \/>\n\t<meta property=\"og:image:type\" content=\"image\/jpeg\" \/>\n<meta name=\"author\" content=\"nlaermans\" \/>\n<meta name=\"twitter:card\" content=\"summary_large_image\" \/>\n<meta name=\"twitter:label1\" content=\"\u00c9crit par\" \/>\n\t<meta name=\"twitter:data1\" content=\"nlaermans\" \/>\n\t<meta name=\"twitter:label2\" content=\"Dur\u00e9e de lecture estim\u00e9e\" \/>\n\t<meta name=\"twitter:data2\" content=\"1 minute\" \/>\n<script type=\"application\/ld+json\" class=\"yoast-schema-graph\">{\"@context\":\"https:\/\/schema.org\",\"@graph\":[{\"@type\":\"WebPage\",\"@id\":\"https:\/\/mocliege.be\/ciep-verviers\/la-grainotheque-fait-sa-rentree-a-verviers-et-a-spa\/\",\"url\":\"https:\/\/mocliege.be\/ciep-verviers\/la-grainotheque-fait-sa-rentree-a-verviers-et-a-spa\/\",\"name\":\"20\/09 & 24\/09 | Notre Grainoth\u00e8que fait sa grande rentr\u00e9e \u00e0 Verviers et \u00e0 Spa - Ciep-verviers\",\"isPartOf\":{\"@id\":\"https:\/\/mocliege.be\/ciep-verviers\/#website\"},\"datePublished\":\"2025-09-02T09:32:40+00:00\",\"dateModified\":\"2025-09-08T10:11:47+00:00\",\"author\":{\"@id\":\"https:\/\/mocliege.be\/ciep-verviers\/#\/schema\/person\/26283e812b371323e9e5f18fbdd33d6b\"},\"breadcrumb\":{\"@id\":\"https:\/\/mocliege.be\/ciep-verviers\/la-grainotheque-fait-sa-rentree-a-verviers-et-a-spa\/#breadcrumb\"},\"inLanguage\":\"fr-FR\",\"potentialAction\":[{\"@type\":\"ReadAction\",\"target\":[\"https:\/\/mocliege.be\/ciep-verviers\/la-grainotheque-fait-sa-rentree-a-verviers-et-a-spa\/\"]}]},{\"@type\":\"BreadcrumbList\",\"@id\":\"https:\/\/mocliege.be\/ciep-verviers\/la-grainotheque-fait-sa-rentree-a-verviers-et-a-spa\/#breadcrumb\",\"itemListElement\":[{\"@type\":\"ListItem\",\"position\":1,\"name\":\"Accueil\",\"item\":\"https:\/\/mocliege.be\/ciep-verviers\/\"},{\"@type\":\"ListItem\",\"position\":2,\"name\":\"20\/09 &#038; 24\/09 | Notre Grainoth\u00e8que fait sa grande rentr\u00e9e \u00e0 Verviers et \u00e0 Spa\"}]},{\"@type\":\"WebSite\",\"@id\":\"https:\/\/mocliege.be\/ciep-verviers\/#website\",\"url\":\"https:\/\/mocliege.be\/ciep-verviers\/\",\"name\":\"Ciep-verviers\",\"description\":\"Un site utilisant Sites du MOC - Li\u00e8ge\",\"potentialAction\":[{\"@type\":\"SearchAction\",\"target\":{\"@type\":\"EntryPoint\",\"urlTemplate\":\"https:\/\/mocliege.be\/ciep-verviers\/?s={search_term_string}\"},\"query-input\":\"required name=search_term_string\"}],\"inLanguage\":\"fr-FR\"},{\"@type\":\"Person\",\"@id\":\"https:\/\/mocliege.be\/ciep-verviers\/#\/schema\/person\/26283e812b371323e9e5f18fbdd33d6b\",\"name\":\"nlaermans\",\"image\":{\"@type\":\"ImageObject\",\"inLanguage\":\"fr-FR\",\"@id\":\"https:\/\/mocliege.be\/ciep-verviers\/#\/schema\/person\/image\/\",\"url\":\"https:\/\/secure.gravatar.com\/avatar\/bbefd6fbf0498a667ea40c2b873b73ea?s=96&d=mm&r=g\",\"contentUrl\":\"https:\/\/secure.gravatar.com\/avatar\/bbefd6fbf0498a667ea40c2b873b73ea?s=96&d=mm&r=g\",\"caption\":\"nlaermans\"},\"url\":\"https:\/\/mocliege.be\/ciep-verviers\/author\/nlaermans\/\"}]}<\/script>\n<!-- \/ Yoast SEO plugin. -->","yoast_head_json":{"title":"20\/09 & 24\/09 | Notre Grainoth\u00e8que fait sa grande rentr\u00e9e \u00e0 Verviers et \u00e0 Spa - Ciep-verviers","robots":{"index":"index","follow":"follow","max-snippet":"max-snippet:-1","max-image-preview":"max-image-preview:large","max-video-preview":"max-video-preview:-1"},"canonical":"https:\/\/mocliege.be\/ciep-verviers\/la-grainotheque-fait-sa-rentree-a-verviers-et-a-spa\/","og_locale":"fr_FR","og_type":"article","og_title":"20\/09 & 24\/09 | Notre Grainoth\u00e8que fait sa grande rentr\u00e9e \u00e0 Verviers et \u00e0 Spa - Ciep-verviers","og_description":"Apr\u00e8s la pause estivale, la Grainoth\u00e8que reprend ses activit\u00e9s avec deux rendez-vous \u00e0 ne pas [&hellip;]","og_url":"https:\/\/mocliege.be\/ciep-verviers\/la-grainotheque-fait-sa-rentree-a-verviers-et-a-spa\/","og_site_name":"Ciep-verviers","article_published_time":"2025-09-02T09:32:40+00:00","article_modified_time":"2025-09-08T10:11:47+00:00","og_image":[{"width":1002,"height":482,"url":"https:\/\/mocliege.be\/ciep-verviers\/wp-content\/uploads\/sites\/6\/2025\/09\/Miniatures-articles-site-23.jpg","type":"image\/jpeg"}],"author":"nlaermans","twitter_card":"summary_large_image","twitter_misc":{"\u00c9crit par":"nlaermans","Dur\u00e9e de lecture estim\u00e9e":"1 minute"},"schema":{"@context":"https:\/\/schema.org","@graph":[{"@type":"WebPage","@id":"https:\/\/mocliege.be\/ciep-verviers\/la-grainotheque-fait-sa-rentree-a-verviers-et-a-spa\/","url":"https:\/\/mocliege.be\/ciep-verviers\/la-grainotheque-fait-sa-rentree-a-verviers-et-a-spa\/","name":"20\/09 & 24\/09 | Notre Grainoth\u00e8que fait sa grande rentr\u00e9e \u00e0 Verviers et \u00e0 Spa - Ciep-verviers","isPartOf":{"@id":"https:\/\/mocliege.be\/ciep-verviers\/#website"},"datePublished":"2025-09-02T09:32:40+00:00","dateModified":"2025-09-08T10:11:47+00:00","author":{"@id":"https:\/\/mocliege.be\/ciep-verviers\/#\/schema\/person\/26283e812b371323e9e5f18fbdd33d6b"},"breadcrumb":{"@id":"https:\/\/mocliege.be\/ciep-verviers\/la-grainotheque-fait-sa-rentree-a-verviers-et-a-spa\/#breadcrumb"},"inLanguage":"fr-FR","potentialAction":[{"@type":"ReadAction","target":["https:\/\/mocliege.be\/ciep-verviers\/la-grainotheque-fait-sa-rentree-a-verviers-et-a-spa\/"]}]},{"@type":"BreadcrumbList","@id":"https:\/\/mocliege.be\/ciep-verviers\/la-grainotheque-fait-sa-rentree-a-verviers-et-a-spa\/#breadcrumb","itemListElement":[{"@type":"ListItem","position":1,"name":"Accueil","item":"https:\/\/mocliege.be\/ciep-verviers\/"},{"@type":"ListItem","position":2,"name":"20\/09 &#038; 24\/09 | Notre Grainoth\u00e8que fait sa grande rentr\u00e9e \u00e0 Verviers et \u00e0 Spa"}]},{"@type":"WebSite","@id":"https:\/\/mocliege.be\/ciep-verviers\/#website","url":"https:\/\/mocliege.be\/ciep-verviers\/","name":"Ciep-verviers","description":"Un site utilisant Sites du MOC - Li\u00e8ge","potentialAction":[{"@type":"SearchAction","target":{"@type":"EntryPoint","urlTemplate":"https:\/\/mocliege.be\/ciep-verviers\/?s={search_term_string}"},"query-input":"required name=search_term_string"}],"inLanguage":"fr-FR"},{"@type":"Person","@id":"https:\/\/mocliege.be\/ciep-verviers\/#\/schema\/person\/26283e812b371323e9e5f18fbdd33d6b","name":"nlaermans","image":{"@type":"ImageObject","inLanguage":"fr-FR","@id":"https:\/\/mocliege.be\/ciep-verviers\/#\/schema\/person\/image\/","url":"https:\/\/secure.gravatar.com\/avatar\/bbefd6fbf0498a667ea40c2b873b73ea?s=96&d=mm&r=g","contentUrl":"https:\/\/secure.gravatar.com\/avatar\/bbefd6fbf0498a667ea40c2b873b73ea?s=96&d=mm&r=g","caption":"nlaermans"},"url":"https:\/\/mocliege.be\/ciep-verviers\/author\/nlaermans\/"}]}},"_links":{"self":[{"href":"https:\/\/mocliege.be\/ciep-verviers\/wp-json\/wp\/v2\/posts\/2359"}],"collection":[{"href":"https:\/\/mocliege.be\/ciep-verviers\/wp-json\/wp\/v2\/posts"}],"about":[{"href":"https:\/\/mocliege.be\/ciep-verviers\/wp-json\/wp\/v2\/types\/post"}],"author":[{"embeddable":true,"href":"https:\/\/mocliege.be\/ciep-verviers\/wp-json\/wp\/v2\/users\/9"}],"replies":[{"embeddable":true,"href":"https:\/\/mocliege.be\/ciep-verviers\/wp-json\/wp\/v2\/comments?post=2359"}],"version-history":[{"count":8,"href":"https:\/\/mocliege.be\/ciep-verviers\/wp-json\/wp\/v2\/posts\/2359\/revisions"}],"predecessor-version":[{"id":2394,"href":"https:\/\/mocliege.be\/ciep-verviers\/wp-json\/wp\/v2\/posts\/2359\/revisions\/2394"}],"wp:featuredmedia":[{"embeddable":true,"href":"https:\/\/mocliege.be\/ciep-verviers\/wp-json\/wp\/v2\/media\/2360"}],"wp:attachment":[{"href":"https:\/\/mocliege.be\/ciep-verviers\/wp-json\/wp\/v2\/media?parent=2359"}],"wp:term":[{"taxonomy":"category","embeddable":true,"href":"https:\/\/mocliege.be\/ciep-verviers\/wp-json\/wp\/v2\/categories?post=2359"},{"taxonomy":"post_tag","embeddable":true,"href":"https:\/\/mocliege.be\/ciep-verviers\/wp-json\/wp\/v2\/tags?post=2359"}],"curies":[{"name":"wp","href":"https:\/\/api.w.org\/{rel}","templated":true}]}}