{"id":2406,"date":"2025-09-30T08:55:23","date_gmt":"2025-09-30T06:55:23","guid":{"rendered":"https:\/\/mocliege.be\/ciep-verviers\/?p=2406"},"modified":"2025-09-30T09:38:14","modified_gmt":"2025-09-30T07:38:14","slug":"creer-une-mare-dans-son-jardin-retour-sur-un-atelier-inspirant-au-jardin-patati-patata","status":"publish","type":"post","link":"https:\/\/mocliege.be\/ciep-verviers\/creer-une-mare-dans-son-jardin-retour-sur-un-atelier-inspirant-au-jardin-patati-patata\/","title":{"rendered":"Cr\u00e9er une mare dans son jardin : retour sur une grainoth\u00e8que inspirante \u00e0 Verviers !"},"content":{"rendered":"<p>Il y a quelques jours, notre grainoth\u00e8que a pris un tournant original et passionnant : nous avons consacr\u00e9 une rencontre \u00e0 la cr\u00e9ation d\u2019une mare naturelle. Pendant deux heures, une dizaine de participants se sont retrouv\u00e9s au <a href=\"https:\/\/www.facebook.com\/jardin.patati.patata\">Jardin Patati Patata<\/a>, en plein c\u0153ur de Verviers, pour b\u00e9n\u00e9ficier des conseils d\u2019un sp\u00e9cialiste. Ce dernier est \u00e0 l\u2019origine de la mare qui embellit d\u00e9j\u00e0 le jardin partag\u00e9 et y favorise la biodiversit\u00e9. Un jardin partag\u00e9 qui permet aux habitants qui ne disposent pas de jardin de cultiver fruits et l\u00e9gumes dans des box. V\u00e9ritable havre de verdure en ville, il accueille aussi des activit\u00e9s conviviales autour de l\u2019\u00e9cologie et de la nature.<\/p>\n<div class=\"row gallery\">\n\t\t<div class=\"col-6 col-md-4\">\n\t\t<div class=\"gallery-image-wrap\">\n\t\t<a data-gallery=\"gallery\" href=\"https:\/\/mocliege.be\/ciep-verviers\/wp-content\/uploads\/sites\/6\/2025\/09\/1.jpg\">\n\t\t<img decoding=\"async\" src=\"https:\/\/mocliege.be\/ciep-verviers\/wp-content\/uploads\/sites\/6\/2025\/09\/1.jpg\" alt=\"\" class=\"img-responsive\">\n\t\t<\/a>\n\t\t<\/div>\n\t\t<\/div>\n\t\t<div class=\"col-6 col-md-4\">\n\t\t<div class=\"gallery-image-wrap\">\n\t\t<a data-gallery=\"gallery\" href=\"https:\/\/mocliege.be\/ciep-verviers\/wp-content\/uploads\/sites\/6\/2025\/09\/10.jpg\">\n\t\t<img decoding=\"async\" src=\"https:\/\/mocliege.be\/ciep-verviers\/wp-content\/uploads\/sites\/6\/2025\/09\/10.jpg\" alt=\"\" class=\"img-responsive\">\n\t\t<\/a>\n\t\t<\/div>\n\t\t<\/div>\n\t\t<div class=\"col-6 col-md-4\">\n\t\t<div class=\"gallery-image-wrap\">\n\t\t<a data-gallery=\"gallery\" href=\"https:\/\/mocliege.be\/ciep-verviers\/wp-content\/uploads\/sites\/6\/2025\/09\/12.jpg\">\n\t\t<img decoding=\"async\" src=\"https:\/\/mocliege.be\/ciep-verviers\/wp-content\/uploads\/sites\/6\/2025\/09\/12.jpg\" alt=\"\" class=\"img-responsive\">\n\t\t<\/a>\n\t\t<\/div>\n\t\t<\/div><\/div>\n<h2><strong>Pourquoi cr\u00e9er une mare chez soi ?<\/strong><\/h2>\n<p>Cr\u00e9er une mare ne se r\u00e9sume pas \u00e0 creuser un trou et y ajouter de l\u2019eau. C\u2019est une d\u00e9marche \u00e9cologique qui permet de :<\/p>\n<ul>\n<li>Apporter fra\u00eecheur et beaut\u00e9 au jardin<\/li>\n<li>Contribuer au retour et \u00e0 la pr\u00e9servation de la biodiversit\u00e9 en milieu urbain (insectes, amphibiens, oiseaux, plantes aquatiques)<\/li>\n<li>Offrir un espace d\u2019observation et de d\u00e9tente pour petits et grands<\/li>\n<\/ul>\n<p>Une mare est donc bien plus qu\u2019un \u00e9l\u00e9ment d\u00e9coratif : c\u2019est un v\u00e9ritable \u00e9cosyst\u00e8me miniature qui soutient la vie locale. La mise en place d\u2019une mare, est un petit geste pour la biodiversit\u00e9 mais il participe \u00e0 un grand \u00e9lan\u00a0 de \u00ab citoyennet\u00e9 participative et solidaire \u00bb pour la protection d\u2019un environnement pour tous !<\/p>\n<div class=\"row gallery\">\n\t\t<div class=\"col-6 col-md-4\">\n\t\t<div class=\"gallery-image-wrap\">\n\t\t<a data-gallery=\"gallery\" href=\"https:\/\/mocliege.be\/ciep-verviers\/wp-content\/uploads\/sites\/6\/2025\/09\/2.jpg\">\n\t\t<img decoding=\"async\" src=\"https:\/\/mocliege.be\/ciep-verviers\/wp-content\/uploads\/sites\/6\/2025\/09\/2.jpg\" alt=\"\" class=\"img-responsive\">\n\t\t<\/a>\n\t\t<\/div>\n\t\t<\/div>\n\t\t<div class=\"col-6 col-md-4\">\n\t\t<div class=\"gallery-image-wrap\">\n\t\t<a data-gallery=\"gallery\" href=\"https:\/\/mocliege.be\/ciep-verviers\/wp-content\/uploads\/sites\/6\/2025\/09\/13.jpg\">\n\t\t<img decoding=\"async\" src=\"https:\/\/mocliege.be\/ciep-verviers\/wp-content\/uploads\/sites\/6\/2025\/09\/13.jpg\" alt=\"\" class=\"img-responsive\">\n\t\t<\/a>\n\t\t<\/div>\n\t\t<\/div>\n\t\t<div class=\"col-6 col-md-4\">\n\t\t<div class=\"gallery-image-wrap\">\n\t\t<a data-gallery=\"gallery\" href=\"https:\/\/mocliege.be\/ciep-verviers\/wp-content\/uploads\/sites\/6\/2025\/09\/14.jpg\">\n\t\t<img decoding=\"async\" src=\"https:\/\/mocliege.be\/ciep-verviers\/wp-content\/uploads\/sites\/6\/2025\/09\/14.jpg\" alt=\"\" class=\"img-responsive\">\n\t\t<\/a>\n\t\t<\/div>\n\t\t<\/div><\/div>\n<h2><strong>Un atelier riche en \u00e9changes et en d\u00e9couvertes<\/strong><\/h2>\n<p>La matin\u00e9e a d\u00e9but\u00e9 par une s\u00e9ance de questions-r\u00e9ponses o\u00f9 chacun a pu exprimer ses doutes :<\/p>\n<ul>\n<li>Quelle taille donner \u00e0 la mare ?<\/li>\n<li>Quel rev\u00eatement choisir pour le fond ?<\/li>\n<li>Faut-il pr\u00e9voir diff\u00e9rentes profondeurs ?<\/li>\n<li>Quelles plantes et quels animaux introduire ?<\/li>\n<\/ul>\n<p>Ensuite, les participants se sont r\u00e9unis autour de la mare pour observer la vie qui s\u2019y est install\u00e9e au fil des ann\u00e9es. Grenouilles, plantes aquatiques, insectes : un monde fascinant !<\/p>\n<div class=\"row gallery\">\n\t\t<div class=\"col-6 col-md-4\">\n\t\t<div class=\"gallery-image-wrap\">\n\t\t<a data-gallery=\"gallery\" href=\"https:\/\/mocliege.be\/ciep-verviers\/wp-content\/uploads\/sites\/6\/2025\/09\/4.jpg\">\n\t\t<img decoding=\"async\" src=\"https:\/\/mocliege.be\/ciep-verviers\/wp-content\/uploads\/sites\/6\/2025\/09\/4.jpg\" alt=\"\" class=\"img-responsive\">\n\t\t<\/a>\n\t\t<\/div>\n\t\t<\/div>\n\t\t<div class=\"col-6 col-md-4\">\n\t\t<div class=\"gallery-image-wrap\">\n\t\t<a data-gallery=\"gallery\" href=\"https:\/\/mocliege.be\/ciep-verviers\/wp-content\/uploads\/sites\/6\/2025\/09\/6.jpg\">\n\t\t<img decoding=\"async\" src=\"https:\/\/mocliege.be\/ciep-verviers\/wp-content\/uploads\/sites\/6\/2025\/09\/6.jpg\" alt=\"\" class=\"img-responsive\">\n\t\t<\/a>\n\t\t<\/div>\n\t\t<\/div>\n\t\t<div class=\"col-6 col-md-4\">\n\t\t<div class=\"gallery-image-wrap\">\n\t\t<a data-gallery=\"gallery\" href=\"https:\/\/mocliege.be\/ciep-verviers\/wp-content\/uploads\/sites\/6\/2025\/09\/5.jpg\">\n\t\t<img decoding=\"async\" src=\"https:\/\/mocliege.be\/ciep-verviers\/wp-content\/uploads\/sites\/6\/2025\/09\/5.jpg\" alt=\"\" class=\"img-responsive\">\n\t\t<\/a>\n\t\t<\/div>\n\t\t<\/div><\/div>\n<h2><strong>Un \u00e9lan pour passer \u00e0 l\u2019action<\/strong><\/h2>\n<p>L\u2019atelier s\u2019est cl\u00f4tur\u00e9 peu apr\u00e8s midi, avec des participants repartis motiv\u00e9s et mieux arm\u00e9s pour se lancer. Certains poss\u00e9daient d\u00e9j\u00e0 une mare et ont trouv\u00e9 des pistes pour l\u2019am\u00e9liorer, tandis que d\u2019autres ont nourri le projet d\u2019en cr\u00e9er une dans leur propre jardin. Si vous souhaitez vous lancer, n&rsquo;h\u00e9sitez pas \u00e0 vous renseigner et \u00e0 rejoindre les prochaines activit\u00e9s du Jardin Patati Patata. Notre objectif est d\u2019offrir \u00e0 chacun la possibilit\u00e9 de d\u00e9couvrir l\u2019\u00e9cologie \u00e0 travers des activit\u00e9s conviviales et accessibles, tout en encourageant le partage de graines locales en partenariat avec la <a href=\"https:\/\/bibliotheque.verviers.be\/\">Biblioth\u00e8que de Verviers<\/a>.<\/p>\n<p>Ensemble, faisons de nos espaces verts des refuges de biodiversit\u00e9 !<\/p>\n<h2><\/h2>\n<h2><strong>Nos prochains rendez-vous<\/strong><\/h2>\n<p>La prochaine rencontre des Ateliers de la Grainoth\u00e8que de Verviers aura lieu\u00a0 le <strong>18 novembre \u00e0 19H<\/strong> pour la conf\u00e9rence\/d\u00e9bat : \u00ab\u00a0<strong>La v\u00e9g\u00e9talisation urbaine, utopie ou r\u00e9alit\u00e9 au service du citoyen\u00a0?<\/strong> \u00bb<\/p>\n<p>A cette occasion, Benjamin Robinson, architecte chez ARTAU nous aidera \u00e0 r\u00e9pondre \u00e0 ces questions\u00a0:<\/p>\n<ol>\n<li>Qu\u2019est-ce que la v\u00e9g\u00e9talisation urbaine\u00a0?<\/li>\n<li>Comment s\u2019inscrit elle dans une vision syst\u00e9mique de la probl\u00e9matique des inondations et du r\u00e9chauffement des villes\u00a0?<\/li>\n<li>Comment impliquer le citoyen dans les projets pour qu\u2019ils soient compris et soutenus \u00a0?<\/li>\n<li>Quelle sont les r\u00e9alisations concr\u00e8tes en cours ou en projet qui illustrent cette v\u00e9g\u00e9talisation urbaine \u00e0 Verviers\u00a0?<\/li>\n<\/ol>\n<div class=\"row gallery\">\n\t\t<div class=\"col-6 col-md-4\">\n\t\t<div class=\"gallery-image-wrap\">\n\t\t<a data-gallery=\"gallery\" href=\"https:\/\/mocliege.be\/ciep-verviers\/wp-content\/uploads\/sites\/6\/2025\/09\/9.jpg\">\n\t\t<img decoding=\"async\" src=\"https:\/\/mocliege.be\/ciep-verviers\/wp-content\/uploads\/sites\/6\/2025\/09\/9.jpg\" alt=\"\" class=\"img-responsive\">\n\t\t<\/a>\n\t\t<\/div>\n\t\t<\/div>\n\t\t<div class=\"col-6 col-md-4\">\n\t\t<div class=\"gallery-image-wrap\">\n\t\t<a data-gallery=\"gallery\" href=\"https:\/\/mocliege.be\/ciep-verviers\/wp-content\/uploads\/sites\/6\/2025\/09\/8.jpg\">\n\t\t<img decoding=\"async\" src=\"https:\/\/mocliege.be\/ciep-verviers\/wp-content\/uploads\/sites\/6\/2025\/09\/8.jpg\" alt=\"\" class=\"img-responsive\">\n\t\t<\/a>\n\t\t<\/div>\n\t\t<\/div>\n\t\t<div class=\"col-6 col-md-4\">\n\t\t<div class=\"gallery-image-wrap\">\n\t\t<a data-gallery=\"gallery\" href=\"https:\/\/mocliege.be\/ciep-verviers\/wp-content\/uploads\/sites\/6\/2025\/09\/15.jpg\">\n\t\t<img decoding=\"async\" src=\"https:\/\/mocliege.be\/ciep-verviers\/wp-content\/uploads\/sites\/6\/2025\/09\/15.jpg\" alt=\"\" class=\"img-responsive\">\n\t\t<\/a>\n\t\t<\/div>\n\t\t<\/div><\/div>\n","protected":false},"excerpt":{"rendered":"<p>Il y a quelques jours, notre grainoth\u00e8que a pris un tournant original et passionnant : [&hellip;]<\/p>\n","protected":false},"author":9,"featured_media":2419,"comment_status":"open","ping_status":"open","sticky":false,"template":"","format":"standard","meta":{"_monsterinsights_skip_tracking":false,"_monsterinsights_sitenote_active":false,"_monsterinsights_sitenote_note":"","_monsterinsights_sitenote_category":0,"footnotes":""},"categories":[1],"tags":[11],"acf":[],"yoast_head":"<!-- This site is optimized with the Yoast SEO plugin v19.14 - https:\/\/yoast.com\/wordpress\/plugins\/seo\/ -->\n<title>Cr\u00e9er une mare dans son jardin : retour sur une grainoth\u00e8que inspirante \u00e0 Verviers ! - Ciep-verviers<\/title>\n<meta name=\"robots\" content=\"index, follow, max-snippet:-1, max-image-preview:large, max-video-preview:-1\" \/>\n<link rel=\"canonical\" href=\"https:\/\/mocliege.be\/ciep-verviers\/creer-une-mare-dans-son-jardin-retour-sur-un-atelier-inspirant-au-jardin-patati-patata\/\" \/>\n<meta property=\"og:locale\" content=\"fr_FR\" \/>\n<meta property=\"og:type\" content=\"article\" \/>\n<meta property=\"og:title\" content=\"Cr\u00e9er une mare dans son jardin : retour sur une grainoth\u00e8que inspirante \u00e0 Verviers ! - Ciep-verviers\" \/>\n<meta property=\"og:description\" content=\"Il y a quelques jours, notre grainoth\u00e8que a pris un tournant original et passionnant : [&hellip;]\" \/>\n<meta property=\"og:url\" content=\"https:\/\/mocliege.be\/ciep-verviers\/creer-une-mare-dans-son-jardin-retour-sur-un-atelier-inspirant-au-jardin-patati-patata\/\" \/>\n<meta property=\"og:site_name\" content=\"Ciep-verviers\" \/>\n<meta property=\"article:published_time\" content=\"2025-09-30T06:55:23+00:00\" \/>\n<meta property=\"article:modified_time\" content=\"2025-09-30T07:38:14+00:00\" \/>\n<meta property=\"og:image\" content=\"https:\/\/mocliege.be\/ciep-verviers\/wp-content\/uploads\/sites\/6\/2025\/09\/Miniatures-articles-site-31.jpg\" \/>\n\t<meta property=\"og:image:width\" content=\"501\" \/>\n\t<meta property=\"og:image:height\" content=\"241\" \/>\n\t<meta property=\"og:image:type\" content=\"image\/jpeg\" \/>\n<meta name=\"author\" content=\"nlaermans\" \/>\n<meta name=\"twitter:card\" content=\"summary_large_image\" \/>\n<meta name=\"twitter:label1\" content=\"\u00c9crit par\" \/>\n\t<meta name=\"twitter:data1\" content=\"nlaermans\" \/>\n\t<meta name=\"twitter:label2\" content=\"Dur\u00e9e de lecture estim\u00e9e\" \/>\n\t<meta name=\"twitter:data2\" content=\"3 minutes\" \/>\n<script type=\"application\/ld+json\" class=\"yoast-schema-graph\">{\"@context\":\"https:\/\/schema.org\",\"@graph\":[{\"@type\":\"WebPage\",\"@id\":\"https:\/\/mocliege.be\/ciep-verviers\/creer-une-mare-dans-son-jardin-retour-sur-un-atelier-inspirant-au-jardin-patati-patata\/\",\"url\":\"https:\/\/mocliege.be\/ciep-verviers\/creer-une-mare-dans-son-jardin-retour-sur-un-atelier-inspirant-au-jardin-patati-patata\/\",\"name\":\"Cr\u00e9er une mare dans son jardin : retour sur une grainoth\u00e8que inspirante \u00e0 Verviers ! - Ciep-verviers\",\"isPartOf\":{\"@id\":\"https:\/\/mocliege.be\/ciep-verviers\/#website\"},\"datePublished\":\"2025-09-30T06:55:23+00:00\",\"dateModified\":\"2025-09-30T07:38:14+00:00\",\"author\":{\"@id\":\"https:\/\/mocliege.be\/ciep-verviers\/#\/schema\/person\/26283e812b371323e9e5f18fbdd33d6b\"},\"breadcrumb\":{\"@id\":\"https:\/\/mocliege.be\/ciep-verviers\/creer-une-mare-dans-son-jardin-retour-sur-un-atelier-inspirant-au-jardin-patati-patata\/#breadcrumb\"},\"inLanguage\":\"fr-FR\",\"potentialAction\":[{\"@type\":\"ReadAction\",\"target\":[\"https:\/\/mocliege.be\/ciep-verviers\/creer-une-mare-dans-son-jardin-retour-sur-un-atelier-inspirant-au-jardin-patati-patata\/\"]}]},{\"@type\":\"BreadcrumbList\",\"@id\":\"https:\/\/mocliege.be\/ciep-verviers\/creer-une-mare-dans-son-jardin-retour-sur-un-atelier-inspirant-au-jardin-patati-patata\/#breadcrumb\",\"itemListElement\":[{\"@type\":\"ListItem\",\"position\":1,\"name\":\"Accueil\",\"item\":\"https:\/\/mocliege.be\/ciep-verviers\/\"},{\"@type\":\"ListItem\",\"position\":2,\"name\":\"Cr\u00e9er une mare dans son jardin : retour sur une grainoth\u00e8que inspirante \u00e0 Verviers !\"}]},{\"@type\":\"WebSite\",\"@id\":\"https:\/\/mocliege.be\/ciep-verviers\/#website\",\"url\":\"https:\/\/mocliege.be\/ciep-verviers\/\",\"name\":\"Ciep-verviers\",\"description\":\"Un site utilisant Sites du MOC - Li\u00e8ge\",\"potentialAction\":[{\"@type\":\"SearchAction\",\"target\":{\"@type\":\"EntryPoint\",\"urlTemplate\":\"https:\/\/mocliege.be\/ciep-verviers\/?s={search_term_string}\"},\"query-input\":\"required name=search_term_string\"}],\"inLanguage\":\"fr-FR\"},{\"@type\":\"Person\",\"@id\":\"https:\/\/mocliege.be\/ciep-verviers\/#\/schema\/person\/26283e812b371323e9e5f18fbdd33d6b\",\"name\":\"nlaermans\",\"image\":{\"@type\":\"ImageObject\",\"inLanguage\":\"fr-FR\",\"@id\":\"https:\/\/mocliege.be\/ciep-verviers\/#\/schema\/person\/image\/\",\"url\":\"https:\/\/secure.gravatar.com\/avatar\/bbefd6fbf0498a667ea40c2b873b73ea?s=96&d=mm&r=g\",\"contentUrl\":\"https:\/\/secure.gravatar.com\/avatar\/bbefd6fbf0498a667ea40c2b873b73ea?s=96&d=mm&r=g\",\"caption\":\"nlaermans\"},\"url\":\"https:\/\/mocliege.be\/ciep-verviers\/author\/nlaermans\/\"}]}<\/script>\n<!-- \/ Yoast SEO plugin. -->","yoast_head_json":{"title":"Cr\u00e9er une mare dans son jardin : retour sur une grainoth\u00e8que inspirante \u00e0 Verviers ! - Ciep-verviers","robots":{"index":"index","follow":"follow","max-snippet":"max-snippet:-1","max-image-preview":"max-image-preview:large","max-video-preview":"max-video-preview:-1"},"canonical":"https:\/\/mocliege.be\/ciep-verviers\/creer-une-mare-dans-son-jardin-retour-sur-un-atelier-inspirant-au-jardin-patati-patata\/","og_locale":"fr_FR","og_type":"article","og_title":"Cr\u00e9er une mare dans son jardin : retour sur une grainoth\u00e8que inspirante \u00e0 Verviers ! - Ciep-verviers","og_description":"Il y a quelques jours, notre grainoth\u00e8que a pris un tournant original et passionnant : [&hellip;]","og_url":"https:\/\/mocliege.be\/ciep-verviers\/creer-une-mare-dans-son-jardin-retour-sur-un-atelier-inspirant-au-jardin-patati-patata\/","og_site_name":"Ciep-verviers","article_published_time":"2025-09-30T06:55:23+00:00","article_modified_time":"2025-09-30T07:38:14+00:00","og_image":[{"width":501,"height":241,"url":"https:\/\/mocliege.be\/ciep-verviers\/wp-content\/uploads\/sites\/6\/2025\/09\/Miniatures-articles-site-31.jpg","type":"image\/jpeg"}],"author":"nlaermans","twitter_card":"summary_large_image","twitter_misc":{"\u00c9crit par":"nlaermans","Dur\u00e9e de lecture estim\u00e9e":"3 minutes"},"schema":{"@context":"https:\/\/schema.org","@graph":[{"@type":"WebPage","@id":"https:\/\/mocliege.be\/ciep-verviers\/creer-une-mare-dans-son-jardin-retour-sur-un-atelier-inspirant-au-jardin-patati-patata\/","url":"https:\/\/mocliege.be\/ciep-verviers\/creer-une-mare-dans-son-jardin-retour-sur-un-atelier-inspirant-au-jardin-patati-patata\/","name":"Cr\u00e9er une mare dans son jardin : retour sur une grainoth\u00e8que inspirante \u00e0 Verviers ! - Ciep-verviers","isPartOf":{"@id":"https:\/\/mocliege.be\/ciep-verviers\/#website"},"datePublished":"2025-09-30T06:55:23+00:00","dateModified":"2025-09-30T07:38:14+00:00","author":{"@id":"https:\/\/mocliege.be\/ciep-verviers\/#\/schema\/person\/26283e812b371323e9e5f18fbdd33d6b"},"breadcrumb":{"@id":"https:\/\/mocliege.be\/ciep-verviers\/creer-une-mare-dans-son-jardin-retour-sur-un-atelier-inspirant-au-jardin-patati-patata\/#breadcrumb"},"inLanguage":"fr-FR","potentialAction":[{"@type":"ReadAction","target":["https:\/\/mocliege.be\/ciep-verviers\/creer-une-mare-dans-son-jardin-retour-sur-un-atelier-inspirant-au-jardin-patati-patata\/"]}]},{"@type":"BreadcrumbList","@id":"https:\/\/mocliege.be\/ciep-verviers\/creer-une-mare-dans-son-jardin-retour-sur-un-atelier-inspirant-au-jardin-patati-patata\/#breadcrumb","itemListElement":[{"@type":"ListItem","position":1,"name":"Accueil","item":"https:\/\/mocliege.be\/ciep-verviers\/"},{"@type":"ListItem","position":2,"name":"Cr\u00e9er une mare dans son jardin : retour sur une grainoth\u00e8que inspirante \u00e0 Verviers !"}]},{"@type":"WebSite","@id":"https:\/\/mocliege.be\/ciep-verviers\/#website","url":"https:\/\/mocliege.be\/ciep-verviers\/","name":"Ciep-verviers","description":"Un site utilisant Sites du MOC - Li\u00e8ge","potentialAction":[{"@type":"SearchAction","target":{"@type":"EntryPoint","urlTemplate":"https:\/\/mocliege.be\/ciep-verviers\/?s={search_term_string}"},"query-input":"required name=search_term_string"}],"inLanguage":"fr-FR"},{"@type":"Person","@id":"https:\/\/mocliege.be\/ciep-verviers\/#\/schema\/person\/26283e812b371323e9e5f18fbdd33d6b","name":"nlaermans","image":{"@type":"ImageObject","inLanguage":"fr-FR","@id":"https:\/\/mocliege.be\/ciep-verviers\/#\/schema\/person\/image\/","url":"https:\/\/secure.gravatar.com\/avatar\/bbefd6fbf0498a667ea40c2b873b73ea?s=96&d=mm&r=g","contentUrl":"https:\/\/secure.gravatar.com\/avatar\/bbefd6fbf0498a667ea40c2b873b73ea?s=96&d=mm&r=g","caption":"nlaermans"},"url":"https:\/\/mocliege.be\/ciep-verviers\/author\/nlaermans\/"}]}},"_links":{"self":[{"href":"https:\/\/mocliege.be\/ciep-verviers\/wp-json\/wp\/v2\/posts\/2406"}],"collection":[{"href":"https:\/\/mocliege.be\/ciep-verviers\/wp-json\/wp\/v2\/posts"}],"about":[{"href":"https:\/\/mocliege.be\/ciep-verviers\/wp-json\/wp\/v2\/types\/post"}],"author":[{"embeddable":true,"href":"https:\/\/mocliege.be\/ciep-verviers\/wp-json\/wp\/v2\/users\/9"}],"replies":[{"embeddable":true,"href":"https:\/\/mocliege.be\/ciep-verviers\/wp-json\/wp\/v2\/comments?post=2406"}],"version-history":[{"count":5,"href":"https:\/\/mocliege.be\/ciep-verviers\/wp-json\/wp\/v2\/posts\/2406\/revisions"}],"predecessor-version":[{"id":2424,"href":"https:\/\/mocliege.be\/ciep-verviers\/wp-json\/wp\/v2\/posts\/2406\/revisions\/2424"}],"wp:featuredmedia":[{"embeddable":true,"href":"https:\/\/mocliege.be\/ciep-verviers\/wp-json\/wp\/v2\/media\/2419"}],"wp:attachment":[{"href":"https:\/\/mocliege.be\/ciep-verviers\/wp-json\/wp\/v2\/media?parent=2406"}],"wp:term":[{"taxonomy":"category","embeddable":true,"href":"https:\/\/mocliege.be\/ciep-verviers\/wp-json\/wp\/v2\/categories?post=2406"},{"taxonomy":"post_tag","embeddable":true,"href":"https:\/\/mocliege.be\/ciep-verviers\/wp-json\/wp\/v2\/tags?post=2406"}],"curies":[{"name":"wp","href":"https:\/\/api.w.org\/{rel}","templated":true}]}}