{"id":2437,"date":"2025-11-18T09:00:31","date_gmt":"2025-11-18T08:00:31","guid":{"rendered":"https:\/\/mocliege.be\/ciep-verviers\/?p=2437"},"modified":"2025-11-18T10:45:53","modified_gmt":"2025-11-18T09:45:53","slug":"malmedy-20-11-seance-dinformation-sur-lexclusion-du-chomage","status":"publish","type":"post","link":"https:\/\/mocliege.be\/ciep-verviers\/malmedy-20-11-seance-dinformation-sur-lexclusion-du-chomage\/","title":{"rendered":"Malmedy | 20\/11 | S\u00e9ance d&rsquo;information sur l&rsquo;exclusion du ch\u00f4mage"},"content":{"rendered":"<h2 class=\"whitespace-break-spaces\"><strong>S\u00e9ance d\u2019information : La nouvelle mesure d\u2019exclusion du ch\u00f4mage en Belgique<\/strong><\/h2>\n<p class=\"whitespace-break-spaces\">Cette s\u00e9ance vise \u00e0 vous informer sur la <strong>nouvelle mesure d\u2019exclusion du ch\u00f4mage<\/strong> qui entrera bient\u00f4t en vigueur en Belgique. Cette r\u00e9forme, souvent source d\u2019interrogations et d\u2019inqui\u00e9tudes, modifie les conditions d\u2019acc\u00e8s aux allocations de ch\u00f4mage pour certains demandeurs d\u2019emploi.<\/p>\n<p class=\"whitespace-break-spaces\">Cette s\u00e9ance vous permettra de mieux comprendre vos droits, d\u2019anticiper les cons\u00e9quences de cette mesure et de poser toutes vos questions \u00e0 des experts du domaine.<\/p>\n<p><em>Avec les interventions de la CSC, de la Mutualit\u00e9 Chr\u00e9tienne et du CPAS de Malmedy.<\/em><\/p>\n<p>&nbsp;<\/p>\n<h3>Informations pratiques<\/h3>\n<ul>\n<li>Le 20 novembre \u00e0 14h<\/li>\n<li>Salle de la Fraternit\u00e9 (Place de la Fraternit\u00e9 2, 4960 Malmedy)<\/li>\n<li>Entr\u00e9e gratuite<\/li>\n<\/ul>\n<div>\n<div>\n<p>&nbsp;<\/p>\n<\/div>\n<p><em>Une activit\u00e9 organis\u00e9e par le GAL (Groupe d\u2019action local) de Malmedy compos\u00e9 du CIEP, de la CSC, de la Mutualit\u00e9 chr\u00e9tienne et des Equipes Populaires (avec le soutien du CPAS de Malmedy).\u00a0<\/em><\/p>\n<\/div>\n<p>&nbsp;<\/p>\n<p>&nbsp;<\/p>\n","protected":false},"excerpt":{"rendered":"<p>S\u00e9ance d\u2019information : La nouvelle mesure d\u2019exclusion du ch\u00f4mage en Belgique Cette s\u00e9ance vise \u00e0 [&hellip;]<\/p>\n","protected":false},"author":17,"featured_media":2457,"comment_status":"open","ping_status":"open","sticky":false,"template":"","format":"standard","meta":{"_monsterinsights_skip_tracking":false,"_monsterinsights_sitenote_active":false,"_monsterinsights_sitenote_note":"","_monsterinsights_sitenote_category":0,"footnotes":""},"categories":[1],"tags":[11],"acf":[],"yoast_head":"<!-- This site is optimized with the Yoast SEO plugin v19.14 - https:\/\/yoast.com\/wordpress\/plugins\/seo\/ -->\n<title>Malmedy | 20\/11 | S\u00e9ance d&#039;information sur l&#039;exclusion du ch\u00f4mage - Ciep-verviers<\/title>\n<meta name=\"robots\" content=\"index, follow, max-snippet:-1, max-image-preview:large, max-video-preview:-1\" \/>\n<link rel=\"canonical\" href=\"https:\/\/mocliege.be\/ciep-verviers\/malmedy-20-11-seance-dinformation-sur-lexclusion-du-chomage\/\" \/>\n<meta property=\"og:locale\" content=\"fr_FR\" \/>\n<meta property=\"og:type\" content=\"article\" \/>\n<meta property=\"og:title\" content=\"Malmedy | 20\/11 | S\u00e9ance d&#039;information sur l&#039;exclusion du ch\u00f4mage - Ciep-verviers\" \/>\n<meta property=\"og:description\" content=\"S\u00e9ance d\u2019information : La nouvelle mesure d\u2019exclusion du ch\u00f4mage en Belgique Cette s\u00e9ance vise \u00e0 [&hellip;]\" \/>\n<meta property=\"og:url\" content=\"https:\/\/mocliege.be\/ciep-verviers\/malmedy-20-11-seance-dinformation-sur-lexclusion-du-chomage\/\" \/>\n<meta property=\"og:site_name\" content=\"Ciep-verviers\" \/>\n<meta property=\"article:published_time\" content=\"2025-11-18T08:00:31+00:00\" \/>\n<meta property=\"article:modified_time\" content=\"2025-11-18T09:45:53+00:00\" \/>\n<meta property=\"og:image\" content=\"https:\/\/mocliege.be\/ciep-verviers\/wp-content\/uploads\/sites\/6\/2025\/10\/GAL-Malmedy-9.jpg\" \/>\n\t<meta property=\"og:image:width\" content=\"1587\" \/>\n\t<meta property=\"og:image:height\" content=\"2245\" \/>\n\t<meta property=\"og:image:type\" content=\"image\/jpeg\" \/>\n<meta name=\"author\" content=\"leysten\" \/>\n<meta name=\"twitter:card\" content=\"summary_large_image\" \/>\n<meta name=\"twitter:label1\" content=\"\u00c9crit par\" \/>\n\t<meta name=\"twitter:data1\" content=\"leysten\" \/>\n\t<meta name=\"twitter:label2\" content=\"Dur\u00e9e de lecture estim\u00e9e\" \/>\n\t<meta name=\"twitter:data2\" content=\"1 minute\" \/>\n<script type=\"application\/ld+json\" class=\"yoast-schema-graph\">{\"@context\":\"https:\/\/schema.org\",\"@graph\":[{\"@type\":\"WebPage\",\"@id\":\"https:\/\/mocliege.be\/ciep-verviers\/malmedy-20-11-seance-dinformation-sur-lexclusion-du-chomage\/\",\"url\":\"https:\/\/mocliege.be\/ciep-verviers\/malmedy-20-11-seance-dinformation-sur-lexclusion-du-chomage\/\",\"name\":\"Malmedy | 20\/11 | S\u00e9ance d'information sur l'exclusion du ch\u00f4mage - Ciep-verviers\",\"isPartOf\":{\"@id\":\"https:\/\/mocliege.be\/ciep-verviers\/#website\"},\"datePublished\":\"2025-11-18T08:00:31+00:00\",\"dateModified\":\"2025-11-18T09:45:53+00:00\",\"author\":{\"@id\":\"https:\/\/mocliege.be\/ciep-verviers\/#\/schema\/person\/7b93d1557a445ae7e3b25e6c34ac0a09\"},\"breadcrumb\":{\"@id\":\"https:\/\/mocliege.be\/ciep-verviers\/malmedy-20-11-seance-dinformation-sur-lexclusion-du-chomage\/#breadcrumb\"},\"inLanguage\":\"fr-FR\",\"potentialAction\":[{\"@type\":\"ReadAction\",\"target\":[\"https:\/\/mocliege.be\/ciep-verviers\/malmedy-20-11-seance-dinformation-sur-lexclusion-du-chomage\/\"]}]},{\"@type\":\"BreadcrumbList\",\"@id\":\"https:\/\/mocliege.be\/ciep-verviers\/malmedy-20-11-seance-dinformation-sur-lexclusion-du-chomage\/#breadcrumb\",\"itemListElement\":[{\"@type\":\"ListItem\",\"position\":1,\"name\":\"Accueil\",\"item\":\"https:\/\/mocliege.be\/ciep-verviers\/\"},{\"@type\":\"ListItem\",\"position\":2,\"name\":\"Malmedy | 20\/11 | S\u00e9ance d&rsquo;information sur l&rsquo;exclusion du ch\u00f4mage\"}]},{\"@type\":\"WebSite\",\"@id\":\"https:\/\/mocliege.be\/ciep-verviers\/#website\",\"url\":\"https:\/\/mocliege.be\/ciep-verviers\/\",\"name\":\"Ciep-verviers\",\"description\":\"Un site utilisant Sites du MOC - Li\u00e8ge\",\"potentialAction\":[{\"@type\":\"SearchAction\",\"target\":{\"@type\":\"EntryPoint\",\"urlTemplate\":\"https:\/\/mocliege.be\/ciep-verviers\/?s={search_term_string}\"},\"query-input\":\"required name=search_term_string\"}],\"inLanguage\":\"fr-FR\"},{\"@type\":\"Person\",\"@id\":\"https:\/\/mocliege.be\/ciep-verviers\/#\/schema\/person\/7b93d1557a445ae7e3b25e6c34ac0a09\",\"name\":\"leysten\",\"image\":{\"@type\":\"ImageObject\",\"inLanguage\":\"fr-FR\",\"@id\":\"https:\/\/mocliege.be\/ciep-verviers\/#\/schema\/person\/image\/\",\"url\":\"https:\/\/secure.gravatar.com\/avatar\/649ab73f8cfba33ce337612dfcf51c0d?s=96&d=mm&r=g\",\"contentUrl\":\"https:\/\/secure.gravatar.com\/avatar\/649ab73f8cfba33ce337612dfcf51c0d?s=96&d=mm&r=g\",\"caption\":\"leysten\"},\"url\":\"https:\/\/mocliege.be\/ciep-verviers\/author\/leysten\/\"}]}<\/script>\n<!-- \/ Yoast SEO plugin. -->","yoast_head_json":{"title":"Malmedy | 20\/11 | S\u00e9ance d'information sur l'exclusion du ch\u00f4mage - Ciep-verviers","robots":{"index":"index","follow":"follow","max-snippet":"max-snippet:-1","max-image-preview":"max-image-preview:large","max-video-preview":"max-video-preview:-1"},"canonical":"https:\/\/mocliege.be\/ciep-verviers\/malmedy-20-11-seance-dinformation-sur-lexclusion-du-chomage\/","og_locale":"fr_FR","og_type":"article","og_title":"Malmedy | 20\/11 | S\u00e9ance d'information sur l'exclusion du ch\u00f4mage - Ciep-verviers","og_description":"S\u00e9ance d\u2019information : La nouvelle mesure d\u2019exclusion du ch\u00f4mage en Belgique Cette s\u00e9ance vise \u00e0 [&hellip;]","og_url":"https:\/\/mocliege.be\/ciep-verviers\/malmedy-20-11-seance-dinformation-sur-lexclusion-du-chomage\/","og_site_name":"Ciep-verviers","article_published_time":"2025-11-18T08:00:31+00:00","article_modified_time":"2025-11-18T09:45:53+00:00","og_image":[{"width":1587,"height":2245,"url":"https:\/\/mocliege.be\/ciep-verviers\/wp-content\/uploads\/sites\/6\/2025\/10\/GAL-Malmedy-9.jpg","type":"image\/jpeg"}],"author":"leysten","twitter_card":"summary_large_image","twitter_misc":{"\u00c9crit par":"leysten","Dur\u00e9e de lecture estim\u00e9e":"1 minute"},"schema":{"@context":"https:\/\/schema.org","@graph":[{"@type":"WebPage","@id":"https:\/\/mocliege.be\/ciep-verviers\/malmedy-20-11-seance-dinformation-sur-lexclusion-du-chomage\/","url":"https:\/\/mocliege.be\/ciep-verviers\/malmedy-20-11-seance-dinformation-sur-lexclusion-du-chomage\/","name":"Malmedy | 20\/11 | S\u00e9ance d'information sur l'exclusion du ch\u00f4mage - Ciep-verviers","isPartOf":{"@id":"https:\/\/mocliege.be\/ciep-verviers\/#website"},"datePublished":"2025-11-18T08:00:31+00:00","dateModified":"2025-11-18T09:45:53+00:00","author":{"@id":"https:\/\/mocliege.be\/ciep-verviers\/#\/schema\/person\/7b93d1557a445ae7e3b25e6c34ac0a09"},"breadcrumb":{"@id":"https:\/\/mocliege.be\/ciep-verviers\/malmedy-20-11-seance-dinformation-sur-lexclusion-du-chomage\/#breadcrumb"},"inLanguage":"fr-FR","potentialAction":[{"@type":"ReadAction","target":["https:\/\/mocliege.be\/ciep-verviers\/malmedy-20-11-seance-dinformation-sur-lexclusion-du-chomage\/"]}]},{"@type":"BreadcrumbList","@id":"https:\/\/mocliege.be\/ciep-verviers\/malmedy-20-11-seance-dinformation-sur-lexclusion-du-chomage\/#breadcrumb","itemListElement":[{"@type":"ListItem","position":1,"name":"Accueil","item":"https:\/\/mocliege.be\/ciep-verviers\/"},{"@type":"ListItem","position":2,"name":"Malmedy | 20\/11 | S\u00e9ance d&rsquo;information sur l&rsquo;exclusion du ch\u00f4mage"}]},{"@type":"WebSite","@id":"https:\/\/mocliege.be\/ciep-verviers\/#website","url":"https:\/\/mocliege.be\/ciep-verviers\/","name":"Ciep-verviers","description":"Un site utilisant Sites du MOC - Li\u00e8ge","potentialAction":[{"@type":"SearchAction","target":{"@type":"EntryPoint","urlTemplate":"https:\/\/mocliege.be\/ciep-verviers\/?s={search_term_string}"},"query-input":"required name=search_term_string"}],"inLanguage":"fr-FR"},{"@type":"Person","@id":"https:\/\/mocliege.be\/ciep-verviers\/#\/schema\/person\/7b93d1557a445ae7e3b25e6c34ac0a09","name":"leysten","image":{"@type":"ImageObject","inLanguage":"fr-FR","@id":"https:\/\/mocliege.be\/ciep-verviers\/#\/schema\/person\/image\/","url":"https:\/\/secure.gravatar.com\/avatar\/649ab73f8cfba33ce337612dfcf51c0d?s=96&d=mm&r=g","contentUrl":"https:\/\/secure.gravatar.com\/avatar\/649ab73f8cfba33ce337612dfcf51c0d?s=96&d=mm&r=g","caption":"leysten"},"url":"https:\/\/mocliege.be\/ciep-verviers\/author\/leysten\/"}]}},"_links":{"self":[{"href":"https:\/\/mocliege.be\/ciep-verviers\/wp-json\/wp\/v2\/posts\/2437"}],"collection":[{"href":"https:\/\/mocliege.be\/ciep-verviers\/wp-json\/wp\/v2\/posts"}],"about":[{"href":"https:\/\/mocliege.be\/ciep-verviers\/wp-json\/wp\/v2\/types\/post"}],"author":[{"embeddable":true,"href":"https:\/\/mocliege.be\/ciep-verviers\/wp-json\/wp\/v2\/users\/17"}],"replies":[{"embeddable":true,"href":"https:\/\/mocliege.be\/ciep-verviers\/wp-json\/wp\/v2\/comments?post=2437"}],"version-history":[{"count":7,"href":"https:\/\/mocliege.be\/ciep-verviers\/wp-json\/wp\/v2\/posts\/2437\/revisions"}],"predecessor-version":[{"id":2521,"href":"https:\/\/mocliege.be\/ciep-verviers\/wp-json\/wp\/v2\/posts\/2437\/revisions\/2521"}],"wp:featuredmedia":[{"embeddable":true,"href":"https:\/\/mocliege.be\/ciep-verviers\/wp-json\/wp\/v2\/media\/2457"}],"wp:attachment":[{"href":"https:\/\/mocliege.be\/ciep-verviers\/wp-json\/wp\/v2\/media?parent=2437"}],"wp:term":[{"taxonomy":"category","embeddable":true,"href":"https:\/\/mocliege.be\/ciep-verviers\/wp-json\/wp\/v2\/categories?post=2437"},{"taxonomy":"post_tag","embeddable":true,"href":"https:\/\/mocliege.be\/ciep-verviers\/wp-json\/wp\/v2\/tags?post=2437"}],"curies":[{"name":"wp","href":"https:\/\/api.w.org\/{rel}","templated":true}]}}