{"id":2447,"date":"2025-11-26T09:40:19","date_gmt":"2025-11-26T08:40:19","guid":{"rendered":"https:\/\/mocliege.be\/ciep-verviers\/?p=2447"},"modified":"2025-11-26T18:43:48","modified_gmt":"2025-11-26T17:43:48","slug":"malmedy-27-11-cine-debat-un-divan-sur-la-colline","status":"publish","type":"post","link":"https:\/\/mocliege.be\/ciep-verviers\/malmedy-27-11-cine-debat-un-divan-sur-la-colline\/","title":{"rendered":"Malmedy | 27\/11 | Cin\u00e9-d\u00e9bat &#8211; Un divan sur la colline"},"content":{"rendered":"<h2>Cin\u00e9-d\u00e9bat &#8211; <em>Un divan sur la colline\u00a0<\/em><\/h2>\n<div class=\"event-description-text content\">\n<div class=\"content\">\n<div class=\"post-entry tc-content-inner\">\n<section class=\"post-content entry-content \">\n<div class=\"czr-wp-the-content\">\n<p>La biblio\u00ad\u00ad\u00ad\u00ad\u00ad\u00ad\u00ad\u00ad\u00adth\u00e8que, le CIEP et les Equipes Popu\u00ad\u00ad\u00ad\u00ad\u00ad\u00ad\u00ad\u00ad\u00adlaires vous invitent \u00e0 la projec\u00ad\u00ad\u00ad\u00ad\u00ad\u00ad\u00ad\u00ad\u00adtion du docu\u00ad\u00ad\u00ad\u00ad\u00ad\u00ad\u00ad\u00ad\u00admen\u00ad\u00ad\u00ad\u00ad\u00ad\u00ad\u00ad\u00ad\u00adtaire \u00ab\u00a0Un divan sur la colline\u00a0<em>\u00a0\u00bb<\/em> le 27 novembre 2025 \u00e0 20h au cin\u00e9ma MovieMills en pr\u00e9sence du r\u00e9ali\u00ad\u00ad\u00ad\u00ad\u00ad\u00ad\u00ad\u00ad\u00adsa\u00ad\u00ad\u00ad\u00ad\u00ad\u00ad\u00ad\u00ad\u00adteur Fran\u00e7ois Ducat et et de l\u2019his\u00ad\u00ad\u00ad\u00ad\u00ad\u00ad\u00ad\u00ad\u00adto\u00ad\u00ad\u00ad\u00ad\u00ad\u00ad\u00ad\u00ad\u00adrien Michel Stas\u00ad\u00ad\u00ad\u00ad\u00ad\u00ad\u00ad\u00ad\u00adzewski.<\/p>\n<p>Le film, tourn\u00e9 entre 2015 et 2022, suit la jeunesse pales\u00ad\u00ad\u00ad\u00ad\u00ad\u00ad\u00ad\u00ad\u00adti\u00ad\u00ad\u00ad\u00ad\u00ad\u00ad\u00ad\u00ad\u00adnienne du village de Battir (Cisjor\u00ad\u00ad\u00ad\u00ad\u00ad\u00ad\u00ad\u00ad\u00adda\u00ad\u00ad\u00ad\u00ad\u00ad\u00ad\u00ad\u00ad\u00adnie) et met en lumi\u00e8re leur lutte quoti\u00ad\u00ad\u00ad\u00ad\u00ad\u00ad\u00ad\u00ad\u00addienne contre l\u2019en\u00ad\u00ad\u00ad\u00ad\u00ad\u00ad\u00ad\u00ad\u00adra\u00ad\u00ad\u00ad\u00ad\u00ad\u00ad\u00ad\u00ad\u00adci\u00ad\u00ad\u00ad\u00ad\u00ad\u00ad\u00ad\u00ad\u00adne\u00ad\u00ad\u00ad\u00ad\u00ad\u00ad\u00ad\u00ad\u00adment, l\u2019exil, la pr\u00e9ca\u00ad\u00ad\u00ad\u00ad\u00ad\u00ad\u00ad\u00ad\u00adrit\u00e9 et la confis\u00ad\u00ad\u00ad\u00ad\u00ad\u00ad\u00ad\u00ad\u00adca\u00ad\u00ad\u00ad\u00ad\u00ad\u00ad\u00ad\u00ad\u00adtion des terres.\u00a0Cette projec\u00ad\u00ad\u00ad\u00ad\u00ad\u00ad\u00ad\u00ad\u00adtion est orga\u00ad\u00ad\u00ad\u00ad\u00ad\u00ad\u00ad\u00ad\u00adni\u00ad\u00ad\u00ad\u00ad\u00ad\u00ad\u00ad\u00ad\u00ads\u00e9e dans le cadre du\u00a0<a href=\"https:\/\/www.moisdudoc.be\/\" target=\"_blank\" rel=\"noopener\">Mois du Doc<\/a>.<\/p>\n<\/div>\n<\/section>\n<\/div>\n<\/div>\n<\/div>\n<p>&nbsp;<\/p>\n<h3>Synopsis :<\/h3>\n<div class=\"event-description-text content\">\n<div class=\"content\">\n<div class=\"post-entry tc-content-inner\">\n<section class=\"post-content entry-content \">\n<div class=\"czr-wp-the-content\">\n<div class=\"synopsis\">\n<div class=\"synopsis__text redactor\">\n<p>Ala\u2019, Ibra\u00ad\u00ad\u00ad\u00ad\u00ad\u00ad\u00ad\u00ad\u00adhim (15 ans) et Bara\u2019a (19 ans), vivent \u00e0 Battir, une commune rurale de 5000 habi\u00ad\u00ad\u00ad\u00ad\u00ad\u00ad\u00ad\u00ad\u00adtants au sud de J\u00e9ru\u00ad\u00ad\u00ad\u00ad\u00ad\u00ad\u00ad\u00ad\u00adsa\u00ad\u00ad\u00ad\u00ad\u00ad\u00ad\u00ad\u00ad\u00adlem. Majo\u00ad\u00ad\u00ad\u00ad\u00ad\u00ad\u00ad\u00ad\u00adri\u00ad\u00ad\u00ad\u00ad\u00ad\u00ad\u00ad\u00ad\u00adtai\u00ad\u00ad\u00ad\u00ad\u00ad\u00ad\u00ad\u00ad\u00adre\u00ad\u00ad\u00ad\u00ad\u00ad\u00ad\u00ad\u00ad\u00adment sous contr\u00f4le isra\u00e9\u00ad\u00ad\u00ad\u00ad\u00ad\u00ad\u00ad\u00ad\u00adlien, son statut est unique en Cisjor\u00ad\u00ad\u00ad\u00ad\u00ad\u00ad\u00ad\u00ad\u00adda\u00ad\u00ad\u00ad\u00ad\u00ad\u00ad\u00ad\u00ad\u00adnie.<\/p>\n<p>Prot\u00e9g\u00e9 par l\u2019UNESCO, son terri\u00ad\u00ad\u00ad\u00ad\u00ad\u00ad\u00ad\u00ad\u00adtoire est rest\u00e9 le m\u00eame depuis 1947 et le mur de s\u00e9pa\u00ad\u00ad\u00ad\u00ad\u00ad\u00ad\u00ad\u00ad\u00adra\u00ad\u00ad\u00ad\u00ad\u00ad\u00ad\u00ad\u00ad\u00adtion isra\u00e9\u00ad\u00ad\u00ad\u00ad\u00ad\u00ad\u00ad\u00ad\u00adlien y a \u00e9t\u00e9 annul\u00e9 par d\u00e9ci\u00ad\u00ad\u00ad\u00ad\u00ad\u00ad\u00ad\u00ad\u00adsion de justice. Battir doit ces victoires \u00e0 une r\u00e9sis\u00ad\u00ad\u00ad\u00ad\u00ad\u00ad\u00ad\u00ad\u00adtance paci\u00ad\u00ad\u00ad\u00ad\u00ad\u00ad\u00ad\u00ad\u00adfique trans\u00ad\u00ad\u00ad\u00ad\u00ad\u00ad\u00ad\u00ad\u00admise de g\u00e9n\u00e9\u00ad\u00ad\u00ad\u00ad\u00ad\u00ad\u00ad\u00ad\u00adra\u00ad\u00ad\u00ad\u00ad\u00ad\u00ad\u00ad\u00ad\u00adtions en g\u00e9n\u00e9\u00ad\u00ad\u00ad\u00ad\u00ad\u00ad\u00ad\u00ad\u00adra\u00ad\u00ad\u00ad\u00ad\u00ad\u00ad\u00ad\u00ad\u00adtions.<\/p>\n<p>Malgr\u00e9 ces acquis excep\u00ad\u00ad\u00ad\u00ad\u00ad\u00ad\u00ad\u00ad\u00adtion\u00ad\u00ad\u00ad\u00ad\u00ad\u00ad\u00ad\u00ad\u00adnels, les jeunes esp\u00e8rent partir \u00e9tudier \u00e0 l\u2019\u00e9tran\u00ad\u00ad\u00ad\u00ad\u00ad\u00ad\u00ad\u00ad\u00adger. Ici, ils redoutent la pr\u00e9ca\u00ad\u00ad\u00ad\u00ad\u00ad\u00ad\u00ad\u00ad\u00adrit\u00e9 et le ch\u00f4mage, autant de maux qui trouvent leur origine dans une occu\u00ad\u00ad\u00ad\u00ad\u00ad\u00ad\u00ad\u00ad\u00adpa\u00ad\u00ad\u00ad\u00ad\u00ad\u00ad\u00ad\u00ad\u00adtion qui multi\u00ad\u00ad\u00ad\u00ad\u00ad\u00ad\u00ad\u00ad\u00adplie les inter\u00ad\u00ad\u00ad\u00ad\u00ad\u00ad\u00ad\u00ad\u00ad\u00ad\u00ad\u00ad\u00ad\u00ad\u00ad\u00ad\u00addits.<\/p>\n<p>Sur plusieurs ann\u00e9es, le film saisit cette jeunesse pales\u00ad\u00ad\u00ad\u00ad\u00ad\u00ad\u00ad\u00ad\u00adti\u00ad\u00ad\u00ad\u00ad\u00ad\u00ad\u00ad\u00ad\u00adnienne dans un moment-cl\u00e9 de son \u00e9volu\u00ad\u00ad\u00ad\u00ad\u00ad\u00ad\u00ad\u00ad\u00adtion et montre que derri\u00e8re le quoti\u00ad\u00ad\u00ad\u00ad\u00ad\u00ad\u00ad\u00ad\u00addien de cette commu\u00ad\u00ad\u00ad\u00ad\u00ad\u00ad\u00ad\u00ad\u00adnaut\u00e9 appa\u00ad\u00ad\u00ad\u00ad\u00ad\u00ad\u00ad\u00ad\u00adrem\u00ad\u00ad\u00ad\u00ad\u00ad\u00ad\u00ad\u00ad\u00adment \u00e9par\u00ad\u00ad\u00ad\u00ad\u00ad\u00ad\u00ad\u00ad\u00adgn\u00e9e par le conflit, se cache en r\u00e9alit\u00e9 un combat contre l\u2019exil, le d\u00e9ses\u00ad\u00ad\u00ad\u00ad\u00ad\u00ad\u00ad\u00ad\u00adpoir, la drogue et la confis\u00ad\u00ad\u00ad\u00ad\u00ad\u00ad\u00ad\u00ad\u00adca\u00ad\u00ad\u00ad\u00ad\u00ad\u00ad\u00ad\u00ad\u00adtion des terres.<\/p>\n<p>Bande d&rsquo;annonce compl\u00e8te <a href=\"https:\/\/www.youtube.com\/watch?v=jFKs9KMuMdA&amp;t=4s\">ici<\/a>.<\/p>\n<\/div>\n<\/div>\n<p><strong>Inter\u00ad\u00ad\u00ad\u00ad\u00ad\u00ad\u00ad\u00ad\u00adve\u00ad\u00ad\u00ad\u00ad\u00ad\u00ad\u00ad\u00ad\u00adnants\u00a0:<\/strong><\/p>\n<ul>\n<li>Fran\u00e7ois Ducat (r\u00e9ali\u00ad\u00ad\u00ad\u00ad\u00ad\u00ad\u00ad\u00ad\u00adsa\u00ad\u00ad\u00ad\u00ad\u00ad\u00ad\u00ad\u00ad\u00adteur)<\/li>\n<li>Et l\u2019his\u00ad\u00ad\u00ad\u00ad\u00ad\u00ad\u00ad\u00ad\u00adto\u00ad\u00ad\u00ad\u00ad\u00ad\u00ad\u00ad\u00ad\u00adrien Michel Stas\u00ad\u00ad\u00ad\u00ad\u00ad\u00ad\u00ad\u00ad\u00adzewski auteur de \u00ab <a href=\"http:\/\/editions-du-cerisier.be\/spip.php?article534\">Pales\u00ad\u00ad\u00ad\u00ad\u00ad\u00ad\u00ad\u00ad\u00adti\u00ad\u00ad\u00ad\u00ad\u00ad\u00ad\u00ad\u00ad\u00adniens et Isra\u00e9liens. Dire l\u2019His\u00ad\u00ad\u00ad\u00ad\u00ad\u00ad\u00ad\u00ad\u00adtoire, d\u00e9cons\u00ad\u00ad\u00ad\u00ad\u00ad\u00ad\u00ad\u00ad\u00adtruire mythes et pr\u00e9ju\u00ad\u00ad\u00ad\u00ad\u00ad\u00ad\u00ad\u00ad\u00adg\u00e9s, entre\u00ad\u00ad\u00ad\u00ad\u00ad\u00ad\u00ad\u00ad\u00advoir demain<\/a><em>\u00a0\u00bb<\/em>.<\/li>\n<\/ul>\n<p>&nbsp;<\/p>\n<\/div>\n<\/section>\n<\/div>\n<\/div>\n<\/div>\n<div class=\"event-description-text content\">\n<h3 class=\"h3-like\">Contact et inscription<\/h3>\n<p>PAF\u00a0: 5\u20ac \u2013 Infos et inscrip\u00ad\u00ad\u00ad\u00ad\u00ad\u00ad\u00ad\u00ad\u00adtions\u00a0:\u00a0<a href=\"mailto:malmedy@wamabi.be\">malme\u00ad\u00ad\u00ad\u00ad\u00ad\u00ad\u00ad\u00ad\u00addy@\u00ad\u00ad\u00ad\u00ad\u00ad\u00ad\u00ad\u00ad\u00adwa\u00ad\u00ad\u00ad\u00ad\u00ad\u00ad\u00ad\u00ad\u00admabi.be<\/a>\u00a0ou 080\/799930.<\/p>\n<p>Ev\u00e8nement Facebook <a href=\"https:\/\/fb.me\/e\/4Tmrhwrb3\">ici<\/a>.<\/p>\n<\/div>\n<p><img loading=\"lazy\" decoding=\"async\" class=\"wp-image-2448 aligncenter\" src=\"https:\/\/mocliege.be\/ciep-verviers\/wp-content\/uploads\/sites\/6\/2025\/10\/Affiche-212x300.jpg\" alt=\"\" width=\"692\" height=\"979\" srcset=\"https:\/\/mocliege.be\/ciep-verviers\/wp-content\/uploads\/sites\/6\/2025\/10\/Affiche-212x300.jpg 212w, https:\/\/mocliege.be\/ciep-verviers\/wp-content\/uploads\/sites\/6\/2025\/10\/Affiche-724x1024.jpg 724w, https:\/\/mocliege.be\/ciep-verviers\/wp-content\/uploads\/sites\/6\/2025\/10\/Affiche-768x1086.jpg 768w, https:\/\/mocliege.be\/ciep-verviers\/wp-content\/uploads\/sites\/6\/2025\/10\/Affiche-1086x1536.jpg 1086w, https:\/\/mocliege.be\/ciep-verviers\/wp-content\/uploads\/sites\/6\/2025\/10\/Affiche-45x64.jpg 45w, https:\/\/mocliege.be\/ciep-verviers\/wp-content\/uploads\/sites\/6\/2025\/10\/Affiche-177x250.jpg 177w, https:\/\/mocliege.be\/ciep-verviers\/wp-content\/uploads\/sites\/6\/2025\/10\/Affiche-53x75.jpg 53w, https:\/\/mocliege.be\/ciep-verviers\/wp-content\/uploads\/sites\/6\/2025\/10\/Affiche-150x212.jpg 150w, https:\/\/mocliege.be\/ciep-verviers\/wp-content\/uploads\/sites\/6\/2025\/10\/Affiche-450x636.jpg 450w, https:\/\/mocliege.be\/ciep-verviers\/wp-content\/uploads\/sites\/6\/2025\/10\/Affiche-600x849.jpg 600w, https:\/\/mocliege.be\/ciep-verviers\/wp-content\/uploads\/sites\/6\/2025\/10\/Affiche-1200x1697.jpg 1200w, https:\/\/mocliege.be\/ciep-verviers\/wp-content\/uploads\/sites\/6\/2025\/10\/Affiche.jpg 1414w\" sizes=\"(max-width: 692px) 100vw, 692px\" \/><\/p>\n<p>&nbsp;<\/p>\n<p><em>Parte\u00ad\u00ad\u00ad\u00ad\u00ad\u00ad\u00ad\u00ad\u00adnaires : CIEP \u2013 Equipes popu\u00ad\u00ad\u00ad\u00ad\u00ad\u00ad\u00ad\u00ad\u00adlaires \u2013 Biblio\u00ad\u00ad\u00ad\u00ad\u00ad\u00ad\u00ad\u00ad\u00adth\u00e8que de Malmedy<\/em><\/p>\n","protected":false},"excerpt":{"rendered":"<p>Cin\u00e9-d\u00e9bat &#8211; Un divan sur la colline\u00a0 La biblio\u00ad\u00ad\u00ad\u00ad\u00ad\u00ad\u00ad\u00ad\u00adth\u00e8que, le CIEP et les Equipes Popu\u00ad\u00ad\u00ad\u00ad\u00ad\u00ad\u00ad\u00ad\u00adlaires [&hellip;]<\/p>\n","protected":false},"author":17,"featured_media":2448,"comment_status":"open","ping_status":"open","sticky":false,"template":"","format":"standard","meta":{"_monsterinsights_skip_tracking":false,"_monsterinsights_sitenote_active":false,"_monsterinsights_sitenote_note":"","_monsterinsights_sitenote_category":0,"footnotes":""},"categories":[1],"tags":[11],"acf":[],"yoast_head":"<!-- This site is optimized with the Yoast SEO plugin v19.14 - https:\/\/yoast.com\/wordpress\/plugins\/seo\/ -->\n<title>Malmedy | 27\/11 | Cin\u00e9-d\u00e9bat - Un divan sur la colline - Ciep-verviers<\/title>\n<meta name=\"robots\" content=\"index, follow, max-snippet:-1, max-image-preview:large, max-video-preview:-1\" \/>\n<link rel=\"canonical\" href=\"https:\/\/mocliege.be\/ciep-verviers\/malmedy-27-11-cine-debat-un-divan-sur-la-colline\/\" \/>\n<meta property=\"og:locale\" content=\"fr_FR\" \/>\n<meta property=\"og:type\" content=\"article\" \/>\n<meta property=\"og:title\" content=\"Malmedy | 27\/11 | Cin\u00e9-d\u00e9bat - Un divan sur la colline - Ciep-verviers\" \/>\n<meta property=\"og:description\" content=\"Cin\u00e9-d\u00e9bat &#8211; Un divan sur la colline\u00a0 La biblio\u00ad\u00ad\u00ad\u00ad\u00ad\u00ad\u00ad\u00ad\u00adth\u00e8que, le CIEP et les Equipes Popu\u00ad\u00ad\u00ad\u00ad\u00ad\u00ad\u00ad\u00ad\u00adlaires [&hellip;]\" \/>\n<meta property=\"og:url\" content=\"https:\/\/mocliege.be\/ciep-verviers\/malmedy-27-11-cine-debat-un-divan-sur-la-colline\/\" \/>\n<meta property=\"og:site_name\" content=\"Ciep-verviers\" \/>\n<meta property=\"article:published_time\" content=\"2025-11-26T08:40:19+00:00\" \/>\n<meta property=\"article:modified_time\" content=\"2025-11-26T17:43:48+00:00\" \/>\n<meta property=\"og:image\" content=\"https:\/\/mocliege.be\/ciep-verviers\/wp-content\/uploads\/sites\/6\/2025\/10\/Affiche.jpg\" \/>\n\t<meta property=\"og:image:width\" content=\"1414\" \/>\n\t<meta property=\"og:image:height\" content=\"2000\" \/>\n\t<meta property=\"og:image:type\" content=\"image\/jpeg\" \/>\n<meta name=\"author\" content=\"leysten\" \/>\n<meta name=\"twitter:card\" content=\"summary_large_image\" \/>\n<meta name=\"twitter:label1\" content=\"\u00c9crit par\" \/>\n\t<meta name=\"twitter:data1\" content=\"leysten\" \/>\n\t<meta name=\"twitter:label2\" content=\"Dur\u00e9e de lecture estim\u00e9e\" \/>\n\t<meta name=\"twitter:data2\" content=\"2 minutes\" \/>\n<script type=\"application\/ld+json\" class=\"yoast-schema-graph\">{\"@context\":\"https:\/\/schema.org\",\"@graph\":[{\"@type\":\"WebPage\",\"@id\":\"https:\/\/mocliege.be\/ciep-verviers\/malmedy-27-11-cine-debat-un-divan-sur-la-colline\/\",\"url\":\"https:\/\/mocliege.be\/ciep-verviers\/malmedy-27-11-cine-debat-un-divan-sur-la-colline\/\",\"name\":\"Malmedy | 27\/11 | Cin\u00e9-d\u00e9bat - Un divan sur la colline - Ciep-verviers\",\"isPartOf\":{\"@id\":\"https:\/\/mocliege.be\/ciep-verviers\/#website\"},\"datePublished\":\"2025-11-26T08:40:19+00:00\",\"dateModified\":\"2025-11-26T17:43:48+00:00\",\"author\":{\"@id\":\"https:\/\/mocliege.be\/ciep-verviers\/#\/schema\/person\/7b93d1557a445ae7e3b25e6c34ac0a09\"},\"breadcrumb\":{\"@id\":\"https:\/\/mocliege.be\/ciep-verviers\/malmedy-27-11-cine-debat-un-divan-sur-la-colline\/#breadcrumb\"},\"inLanguage\":\"fr-FR\",\"potentialAction\":[{\"@type\":\"ReadAction\",\"target\":[\"https:\/\/mocliege.be\/ciep-verviers\/malmedy-27-11-cine-debat-un-divan-sur-la-colline\/\"]}]},{\"@type\":\"BreadcrumbList\",\"@id\":\"https:\/\/mocliege.be\/ciep-verviers\/malmedy-27-11-cine-debat-un-divan-sur-la-colline\/#breadcrumb\",\"itemListElement\":[{\"@type\":\"ListItem\",\"position\":1,\"name\":\"Accueil\",\"item\":\"https:\/\/mocliege.be\/ciep-verviers\/\"},{\"@type\":\"ListItem\",\"position\":2,\"name\":\"Malmedy | 27\/11 | Cin\u00e9-d\u00e9bat &#8211; Un divan sur la colline\"}]},{\"@type\":\"WebSite\",\"@id\":\"https:\/\/mocliege.be\/ciep-verviers\/#website\",\"url\":\"https:\/\/mocliege.be\/ciep-verviers\/\",\"name\":\"Ciep-verviers\",\"description\":\"Un site utilisant Sites du MOC - Li\u00e8ge\",\"potentialAction\":[{\"@type\":\"SearchAction\",\"target\":{\"@type\":\"EntryPoint\",\"urlTemplate\":\"https:\/\/mocliege.be\/ciep-verviers\/?s={search_term_string}\"},\"query-input\":\"required name=search_term_string\"}],\"inLanguage\":\"fr-FR\"},{\"@type\":\"Person\",\"@id\":\"https:\/\/mocliege.be\/ciep-verviers\/#\/schema\/person\/7b93d1557a445ae7e3b25e6c34ac0a09\",\"name\":\"leysten\",\"image\":{\"@type\":\"ImageObject\",\"inLanguage\":\"fr-FR\",\"@id\":\"https:\/\/mocliege.be\/ciep-verviers\/#\/schema\/person\/image\/\",\"url\":\"https:\/\/secure.gravatar.com\/avatar\/649ab73f8cfba33ce337612dfcf51c0d?s=96&d=mm&r=g\",\"contentUrl\":\"https:\/\/secure.gravatar.com\/avatar\/649ab73f8cfba33ce337612dfcf51c0d?s=96&d=mm&r=g\",\"caption\":\"leysten\"},\"url\":\"https:\/\/mocliege.be\/ciep-verviers\/author\/leysten\/\"}]}<\/script>\n<!-- \/ Yoast SEO plugin. -->","yoast_head_json":{"title":"Malmedy | 27\/11 | Cin\u00e9-d\u00e9bat - Un divan sur la colline - Ciep-verviers","robots":{"index":"index","follow":"follow","max-snippet":"max-snippet:-1","max-image-preview":"max-image-preview:large","max-video-preview":"max-video-preview:-1"},"canonical":"https:\/\/mocliege.be\/ciep-verviers\/malmedy-27-11-cine-debat-un-divan-sur-la-colline\/","og_locale":"fr_FR","og_type":"article","og_title":"Malmedy | 27\/11 | Cin\u00e9-d\u00e9bat - Un divan sur la colline - Ciep-verviers","og_description":"Cin\u00e9-d\u00e9bat &#8211; Un divan sur la colline\u00a0 La biblio\u00ad\u00ad\u00ad\u00ad\u00ad\u00ad\u00ad\u00ad\u00adth\u00e8que, le CIEP et les Equipes Popu\u00ad\u00ad\u00ad\u00ad\u00ad\u00ad\u00ad\u00ad\u00adlaires [&hellip;]","og_url":"https:\/\/mocliege.be\/ciep-verviers\/malmedy-27-11-cine-debat-un-divan-sur-la-colline\/","og_site_name":"Ciep-verviers","article_published_time":"2025-11-26T08:40:19+00:00","article_modified_time":"2025-11-26T17:43:48+00:00","og_image":[{"width":1414,"height":2000,"url":"https:\/\/mocliege.be\/ciep-verviers\/wp-content\/uploads\/sites\/6\/2025\/10\/Affiche.jpg","type":"image\/jpeg"}],"author":"leysten","twitter_card":"summary_large_image","twitter_misc":{"\u00c9crit par":"leysten","Dur\u00e9e de lecture estim\u00e9e":"2 minutes"},"schema":{"@context":"https:\/\/schema.org","@graph":[{"@type":"WebPage","@id":"https:\/\/mocliege.be\/ciep-verviers\/malmedy-27-11-cine-debat-un-divan-sur-la-colline\/","url":"https:\/\/mocliege.be\/ciep-verviers\/malmedy-27-11-cine-debat-un-divan-sur-la-colline\/","name":"Malmedy | 27\/11 | Cin\u00e9-d\u00e9bat - Un divan sur la colline - Ciep-verviers","isPartOf":{"@id":"https:\/\/mocliege.be\/ciep-verviers\/#website"},"datePublished":"2025-11-26T08:40:19+00:00","dateModified":"2025-11-26T17:43:48+00:00","author":{"@id":"https:\/\/mocliege.be\/ciep-verviers\/#\/schema\/person\/7b93d1557a445ae7e3b25e6c34ac0a09"},"breadcrumb":{"@id":"https:\/\/mocliege.be\/ciep-verviers\/malmedy-27-11-cine-debat-un-divan-sur-la-colline\/#breadcrumb"},"inLanguage":"fr-FR","potentialAction":[{"@type":"ReadAction","target":["https:\/\/mocliege.be\/ciep-verviers\/malmedy-27-11-cine-debat-un-divan-sur-la-colline\/"]}]},{"@type":"BreadcrumbList","@id":"https:\/\/mocliege.be\/ciep-verviers\/malmedy-27-11-cine-debat-un-divan-sur-la-colline\/#breadcrumb","itemListElement":[{"@type":"ListItem","position":1,"name":"Accueil","item":"https:\/\/mocliege.be\/ciep-verviers\/"},{"@type":"ListItem","position":2,"name":"Malmedy | 27\/11 | Cin\u00e9-d\u00e9bat &#8211; Un divan sur la colline"}]},{"@type":"WebSite","@id":"https:\/\/mocliege.be\/ciep-verviers\/#website","url":"https:\/\/mocliege.be\/ciep-verviers\/","name":"Ciep-verviers","description":"Un site utilisant Sites du MOC - Li\u00e8ge","potentialAction":[{"@type":"SearchAction","target":{"@type":"EntryPoint","urlTemplate":"https:\/\/mocliege.be\/ciep-verviers\/?s={search_term_string}"},"query-input":"required name=search_term_string"}],"inLanguage":"fr-FR"},{"@type":"Person","@id":"https:\/\/mocliege.be\/ciep-verviers\/#\/schema\/person\/7b93d1557a445ae7e3b25e6c34ac0a09","name":"leysten","image":{"@type":"ImageObject","inLanguage":"fr-FR","@id":"https:\/\/mocliege.be\/ciep-verviers\/#\/schema\/person\/image\/","url":"https:\/\/secure.gravatar.com\/avatar\/649ab73f8cfba33ce337612dfcf51c0d?s=96&d=mm&r=g","contentUrl":"https:\/\/secure.gravatar.com\/avatar\/649ab73f8cfba33ce337612dfcf51c0d?s=96&d=mm&r=g","caption":"leysten"},"url":"https:\/\/mocliege.be\/ciep-verviers\/author\/leysten\/"}]}},"_links":{"self":[{"href":"https:\/\/mocliege.be\/ciep-verviers\/wp-json\/wp\/v2\/posts\/2447"}],"collection":[{"href":"https:\/\/mocliege.be\/ciep-verviers\/wp-json\/wp\/v2\/posts"}],"about":[{"href":"https:\/\/mocliege.be\/ciep-verviers\/wp-json\/wp\/v2\/types\/post"}],"author":[{"embeddable":true,"href":"https:\/\/mocliege.be\/ciep-verviers\/wp-json\/wp\/v2\/users\/17"}],"replies":[{"embeddable":true,"href":"https:\/\/mocliege.be\/ciep-verviers\/wp-json\/wp\/v2\/comments?post=2447"}],"version-history":[{"count":3,"href":"https:\/\/mocliege.be\/ciep-verviers\/wp-json\/wp\/v2\/posts\/2447\/revisions"}],"predecessor-version":[{"id":2565,"href":"https:\/\/mocliege.be\/ciep-verviers\/wp-json\/wp\/v2\/posts\/2447\/revisions\/2565"}],"wp:featuredmedia":[{"embeddable":true,"href":"https:\/\/mocliege.be\/ciep-verviers\/wp-json\/wp\/v2\/media\/2448"}],"wp:attachment":[{"href":"https:\/\/mocliege.be\/ciep-verviers\/wp-json\/wp\/v2\/media?parent=2447"}],"wp:term":[{"taxonomy":"category","embeddable":true,"href":"https:\/\/mocliege.be\/ciep-verviers\/wp-json\/wp\/v2\/categories?post=2447"},{"taxonomy":"post_tag","embeddable":true,"href":"https:\/\/mocliege.be\/ciep-verviers\/wp-json\/wp\/v2\/tags?post=2447"}],"curies":[{"name":"wp","href":"https:\/\/api.w.org\/{rel}","templated":true}]}}