{"id":2466,"date":"2025-10-15T17:11:33","date_gmt":"2025-10-15T15:11:33","guid":{"rendered":"https:\/\/mocliege.be\/ciep-verviers\/?p=2466"},"modified":"2025-11-18T10:44:46","modified_gmt":"2025-11-18T09:44:46","slug":"verviers-17-11-carrefour-des-ccca-la-communication-en-2025","status":"publish","type":"post","link":"https:\/\/mocliege.be\/ciep-verviers\/verviers-17-11-carrefour-des-ccca-la-communication-en-2025\/","title":{"rendered":"Verviers | 17\/11 | Carrefour des CCCA &#8211; La communication en 2025"},"content":{"rendered":"<div>\n<ul>\n<li>\n<h3><span data-olk-copy-source=\"MessageBody\">Vous avez un mandat au sein d\u2019un CCCA (<em>Conseil Consultatif Communal des A\u00een\u00e9s<\/em>) de l\u2019arrondissement vervi\u00e9tois ?<\/span><\/h3>\n<\/li>\n<li>\n<h3><span data-olk-copy-source=\"MessageBody\">Vous souhaitez partager votre exp\u00e9rience au sein de votre CCCA ?<\/span><\/h3>\n<\/li>\n<li>\n<h3>Vous souhaitez rencontrer d&rsquo;autres mandataires CCCA actifs dans d&rsquo;autres communes de l&rsquo;arrondissement ?<\/h3>\n<\/li>\n<li>\n<h3>Vous n\u2019\u00eates pas membre d\u2019un CCCA mais vous \u00eates int\u00e9ress\u00e9 par les th\u00e9matiques en lien avec les seniors et le vieillissement ?<\/h3>\n<\/li>\n<\/ul>\n<p>Si vous r\u00e9pondez positivement \u00e0 l\u2019une de ces questions, rejoignez-nous !<\/p>\n<p>Pour cette troisi\u00e8me rencontre, nous accueillerons S<span class=\"a_GcMg font-feature-liga-off font-feature-clig-off font-feature-calt-off text-decoration-none text-strikethrough-none\">imon Mewissen, <\/span><span class=\"a_GcMg font-feature-liga-off font-feature-clig-off font-feature-calt-off text-decoration-none text-strikethrough-none\"><em>Responsable communication et informatique au Ciep Li\u00e8ge-Verviers<\/em>. Ce dernier abordera le th\u00e8me de la communication sur base de la question suivante : <strong>Comment promouvoir un \u00e9v\u00e8nement (conf\u00e9rence, atelier, etc.) de A \u00e0 Z en 2025 ?<\/strong>\u00a0Un moment de questions-r\u00e9ponses sera pr\u00e9vu lors du d\u00e9roulement de l&rsquo;activit\u00e9.\u00a0<\/span><\/p>\n<p>L\u2019activit\u00e9 est gratuite et ouverte \u00e0 tous les seniors.<\/p>\n<\/div>\n<p>L\u2019inscription est souhait\u00e9e afin de faciliter l\u2019organisation de l\u2019\u00e9v\u00e8nement :<\/p>\n<div>\n<ul>\n<li>Par mail :\u00a0<a id=\"LPlnkOWAaa4b9cba-78aa-9a54-b5ec-25993c49c9a0\" title=\"mailto:leysten@mocliege.org\" href=\"mailto:leysten@mocliege.org\" data-linkindex=\"0\">leysten@mocliege.org<\/a><\/li>\n<li>Par t\u00e9l\u00e9phone : 0484 30 99 12<\/li>\n<\/ul>\n<\/div>\n<p class=\"cvGsUA direction-ltr align-start para-style-body\"><span class=\"a_GcMg font-feature-liga-off font-feature-clig-off font-feature-calt-off text-decoration-none text-strikethrough-none\">Prochaines dates de r\u00e9union : 19 janvier 2026 \u00e0 14h, <\/span><span class=\"a_GcMg font-feature-liga-off font-feature-clig-off font-feature-calt-off text-decoration-none text-strikethrough-none\">16 mars 2026 \u00e0 14h et <\/span><span class=\"a_GcMg font-feature-liga-off font-feature-clig-off font-feature-calt-off text-decoration-none text-strikethrough-none\">18 mai 2026 \u00e0 14h (th\u00e8mes \u00e0 d\u00e9finir collectivement durant nos r\u00e9unions).\u00a0<\/span><\/p>\n<p><img loading=\"lazy\" decoding=\"async\" class=\"wp-image-2480 aligncenter\" src=\"https:\/\/mocliege.be\/ciep-verviers\/wp-content\/uploads\/sites\/6\/2025\/10\/Carrefour-des-CCCA-2-1-212x300.jpg\" alt=\"\" width=\"509\" height=\"720\" srcset=\"https:\/\/mocliege.be\/ciep-verviers\/wp-content\/uploads\/sites\/6\/2025\/10\/Carrefour-des-CCCA-2-1-212x300.jpg 212w, https:\/\/mocliege.be\/ciep-verviers\/wp-content\/uploads\/sites\/6\/2025\/10\/Carrefour-des-CCCA-2-1-724x1024.jpg 724w, https:\/\/mocliege.be\/ciep-verviers\/wp-content\/uploads\/sites\/6\/2025\/10\/Carrefour-des-CCCA-2-1-768x1086.jpg 768w, https:\/\/mocliege.be\/ciep-verviers\/wp-content\/uploads\/sites\/6\/2025\/10\/Carrefour-des-CCCA-2-1-1086x1536.jpg 1086w, https:\/\/mocliege.be\/ciep-verviers\/wp-content\/uploads\/sites\/6\/2025\/10\/Carrefour-des-CCCA-2-1-45x64.jpg 45w, https:\/\/mocliege.be\/ciep-verviers\/wp-content\/uploads\/sites\/6\/2025\/10\/Carrefour-des-CCCA-2-1-177x250.jpg 177w, https:\/\/mocliege.be\/ciep-verviers\/wp-content\/uploads\/sites\/6\/2025\/10\/Carrefour-des-CCCA-2-1-53x75.jpg 53w, https:\/\/mocliege.be\/ciep-verviers\/wp-content\/uploads\/sites\/6\/2025\/10\/Carrefour-des-CCCA-2-1-150x212.jpg 150w, https:\/\/mocliege.be\/ciep-verviers\/wp-content\/uploads\/sites\/6\/2025\/10\/Carrefour-des-CCCA-2-1-450x636.jpg 450w, https:\/\/mocliege.be\/ciep-verviers\/wp-content\/uploads\/sites\/6\/2025\/10\/Carrefour-des-CCCA-2-1-600x849.jpg 600w, https:\/\/mocliege.be\/ciep-verviers\/wp-content\/uploads\/sites\/6\/2025\/10\/Carrefour-des-CCCA-2-1-1200x1697.jpg 1200w, https:\/\/mocliege.be\/ciep-verviers\/wp-content\/uploads\/sites\/6\/2025\/10\/Carrefour-des-CCCA-2-1.jpg 1414w\" sizes=\"(max-width: 509px) 100vw, 509px\" \/><\/p>\n","protected":false},"excerpt":{"rendered":"<p>Vous avez un mandat au sein d\u2019un CCCA (Conseil Consultatif Communal des A\u00een\u00e9s) de l\u2019arrondissement [&hellip;]<\/p>\n","protected":false},"author":17,"featured_media":2480,"comment_status":"open","ping_status":"open","sticky":false,"template":"","format":"standard","meta":{"_monsterinsights_skip_tracking":false,"_monsterinsights_sitenote_active":false,"_monsterinsights_sitenote_note":"","_monsterinsights_sitenote_category":0,"footnotes":""},"categories":[1],"tags":[11],"acf":[],"yoast_head":"<!-- This site is optimized with the Yoast SEO plugin v19.14 - https:\/\/yoast.com\/wordpress\/plugins\/seo\/ -->\n<title>Verviers | 17\/11 | Carrefour des CCCA - La communication en 2025 - Ciep-verviers<\/title>\n<meta name=\"robots\" content=\"index, follow, max-snippet:-1, max-image-preview:large, max-video-preview:-1\" \/>\n<link rel=\"canonical\" href=\"https:\/\/mocliege.be\/ciep-verviers\/verviers-17-11-carrefour-des-ccca-la-communication-en-2025\/\" \/>\n<meta property=\"og:locale\" content=\"fr_FR\" \/>\n<meta property=\"og:type\" content=\"article\" \/>\n<meta property=\"og:title\" content=\"Verviers | 17\/11 | Carrefour des CCCA - La communication en 2025 - Ciep-verviers\" \/>\n<meta property=\"og:description\" content=\"Vous avez un mandat au sein d\u2019un CCCA (Conseil Consultatif Communal des A\u00een\u00e9s) de l\u2019arrondissement [&hellip;]\" \/>\n<meta property=\"og:url\" content=\"https:\/\/mocliege.be\/ciep-verviers\/verviers-17-11-carrefour-des-ccca-la-communication-en-2025\/\" \/>\n<meta property=\"og:site_name\" content=\"Ciep-verviers\" \/>\n<meta property=\"article:published_time\" content=\"2025-10-15T15:11:33+00:00\" \/>\n<meta property=\"article:modified_time\" content=\"2025-11-18T09:44:46+00:00\" \/>\n<meta property=\"og:image\" content=\"https:\/\/mocliege.be\/ciep-verviers\/wp-content\/uploads\/sites\/6\/2025\/10\/Carrefour-des-CCCA-2-1.jpg\" \/>\n\t<meta property=\"og:image:width\" content=\"1414\" \/>\n\t<meta property=\"og:image:height\" content=\"2000\" \/>\n\t<meta property=\"og:image:type\" content=\"image\/jpeg\" \/>\n<meta name=\"author\" content=\"leysten\" \/>\n<meta name=\"twitter:card\" content=\"summary_large_image\" \/>\n<meta name=\"twitter:label1\" content=\"\u00c9crit par\" \/>\n\t<meta name=\"twitter:data1\" content=\"leysten\" \/>\n\t<meta name=\"twitter:label2\" content=\"Dur\u00e9e de lecture estim\u00e9e\" \/>\n\t<meta name=\"twitter:data2\" content=\"1 minute\" \/>\n<script type=\"application\/ld+json\" class=\"yoast-schema-graph\">{\"@context\":\"https:\/\/schema.org\",\"@graph\":[{\"@type\":\"WebPage\",\"@id\":\"https:\/\/mocliege.be\/ciep-verviers\/verviers-17-11-carrefour-des-ccca-la-communication-en-2025\/\",\"url\":\"https:\/\/mocliege.be\/ciep-verviers\/verviers-17-11-carrefour-des-ccca-la-communication-en-2025\/\",\"name\":\"Verviers | 17\/11 | Carrefour des CCCA - La communication en 2025 - Ciep-verviers\",\"isPartOf\":{\"@id\":\"https:\/\/mocliege.be\/ciep-verviers\/#website\"},\"datePublished\":\"2025-10-15T15:11:33+00:00\",\"dateModified\":\"2025-11-18T09:44:46+00:00\",\"author\":{\"@id\":\"https:\/\/mocliege.be\/ciep-verviers\/#\/schema\/person\/7b93d1557a445ae7e3b25e6c34ac0a09\"},\"breadcrumb\":{\"@id\":\"https:\/\/mocliege.be\/ciep-verviers\/verviers-17-11-carrefour-des-ccca-la-communication-en-2025\/#breadcrumb\"},\"inLanguage\":\"fr-FR\",\"potentialAction\":[{\"@type\":\"ReadAction\",\"target\":[\"https:\/\/mocliege.be\/ciep-verviers\/verviers-17-11-carrefour-des-ccca-la-communication-en-2025\/\"]}]},{\"@type\":\"BreadcrumbList\",\"@id\":\"https:\/\/mocliege.be\/ciep-verviers\/verviers-17-11-carrefour-des-ccca-la-communication-en-2025\/#breadcrumb\",\"itemListElement\":[{\"@type\":\"ListItem\",\"position\":1,\"name\":\"Accueil\",\"item\":\"https:\/\/mocliege.be\/ciep-verviers\/\"},{\"@type\":\"ListItem\",\"position\":2,\"name\":\"Verviers | 17\/11 | Carrefour des CCCA &#8211; La communication en 2025\"}]},{\"@type\":\"WebSite\",\"@id\":\"https:\/\/mocliege.be\/ciep-verviers\/#website\",\"url\":\"https:\/\/mocliege.be\/ciep-verviers\/\",\"name\":\"Ciep-verviers\",\"description\":\"Un site utilisant Sites du MOC - Li\u00e8ge\",\"potentialAction\":[{\"@type\":\"SearchAction\",\"target\":{\"@type\":\"EntryPoint\",\"urlTemplate\":\"https:\/\/mocliege.be\/ciep-verviers\/?s={search_term_string}\"},\"query-input\":\"required name=search_term_string\"}],\"inLanguage\":\"fr-FR\"},{\"@type\":\"Person\",\"@id\":\"https:\/\/mocliege.be\/ciep-verviers\/#\/schema\/person\/7b93d1557a445ae7e3b25e6c34ac0a09\",\"name\":\"leysten\",\"image\":{\"@type\":\"ImageObject\",\"inLanguage\":\"fr-FR\",\"@id\":\"https:\/\/mocliege.be\/ciep-verviers\/#\/schema\/person\/image\/\",\"url\":\"https:\/\/secure.gravatar.com\/avatar\/649ab73f8cfba33ce337612dfcf51c0d?s=96&d=mm&r=g\",\"contentUrl\":\"https:\/\/secure.gravatar.com\/avatar\/649ab73f8cfba33ce337612dfcf51c0d?s=96&d=mm&r=g\",\"caption\":\"leysten\"},\"url\":\"https:\/\/mocliege.be\/ciep-verviers\/author\/leysten\/\"}]}<\/script>\n<!-- \/ Yoast SEO plugin. -->","yoast_head_json":{"title":"Verviers | 17\/11 | Carrefour des CCCA - La communication en 2025 - Ciep-verviers","robots":{"index":"index","follow":"follow","max-snippet":"max-snippet:-1","max-image-preview":"max-image-preview:large","max-video-preview":"max-video-preview:-1"},"canonical":"https:\/\/mocliege.be\/ciep-verviers\/verviers-17-11-carrefour-des-ccca-la-communication-en-2025\/","og_locale":"fr_FR","og_type":"article","og_title":"Verviers | 17\/11 | Carrefour des CCCA - La communication en 2025 - Ciep-verviers","og_description":"Vous avez un mandat au sein d\u2019un CCCA (Conseil Consultatif Communal des A\u00een\u00e9s) de l\u2019arrondissement [&hellip;]","og_url":"https:\/\/mocliege.be\/ciep-verviers\/verviers-17-11-carrefour-des-ccca-la-communication-en-2025\/","og_site_name":"Ciep-verviers","article_published_time":"2025-10-15T15:11:33+00:00","article_modified_time":"2025-11-18T09:44:46+00:00","og_image":[{"width":1414,"height":2000,"url":"https:\/\/mocliege.be\/ciep-verviers\/wp-content\/uploads\/sites\/6\/2025\/10\/Carrefour-des-CCCA-2-1.jpg","type":"image\/jpeg"}],"author":"leysten","twitter_card":"summary_large_image","twitter_misc":{"\u00c9crit par":"leysten","Dur\u00e9e de lecture estim\u00e9e":"1 minute"},"schema":{"@context":"https:\/\/schema.org","@graph":[{"@type":"WebPage","@id":"https:\/\/mocliege.be\/ciep-verviers\/verviers-17-11-carrefour-des-ccca-la-communication-en-2025\/","url":"https:\/\/mocliege.be\/ciep-verviers\/verviers-17-11-carrefour-des-ccca-la-communication-en-2025\/","name":"Verviers | 17\/11 | Carrefour des CCCA - La communication en 2025 - Ciep-verviers","isPartOf":{"@id":"https:\/\/mocliege.be\/ciep-verviers\/#website"},"datePublished":"2025-10-15T15:11:33+00:00","dateModified":"2025-11-18T09:44:46+00:00","author":{"@id":"https:\/\/mocliege.be\/ciep-verviers\/#\/schema\/person\/7b93d1557a445ae7e3b25e6c34ac0a09"},"breadcrumb":{"@id":"https:\/\/mocliege.be\/ciep-verviers\/verviers-17-11-carrefour-des-ccca-la-communication-en-2025\/#breadcrumb"},"inLanguage":"fr-FR","potentialAction":[{"@type":"ReadAction","target":["https:\/\/mocliege.be\/ciep-verviers\/verviers-17-11-carrefour-des-ccca-la-communication-en-2025\/"]}]},{"@type":"BreadcrumbList","@id":"https:\/\/mocliege.be\/ciep-verviers\/verviers-17-11-carrefour-des-ccca-la-communication-en-2025\/#breadcrumb","itemListElement":[{"@type":"ListItem","position":1,"name":"Accueil","item":"https:\/\/mocliege.be\/ciep-verviers\/"},{"@type":"ListItem","position":2,"name":"Verviers | 17\/11 | Carrefour des CCCA &#8211; La communication en 2025"}]},{"@type":"WebSite","@id":"https:\/\/mocliege.be\/ciep-verviers\/#website","url":"https:\/\/mocliege.be\/ciep-verviers\/","name":"Ciep-verviers","description":"Un site utilisant Sites du MOC - Li\u00e8ge","potentialAction":[{"@type":"SearchAction","target":{"@type":"EntryPoint","urlTemplate":"https:\/\/mocliege.be\/ciep-verviers\/?s={search_term_string}"},"query-input":"required name=search_term_string"}],"inLanguage":"fr-FR"},{"@type":"Person","@id":"https:\/\/mocliege.be\/ciep-verviers\/#\/schema\/person\/7b93d1557a445ae7e3b25e6c34ac0a09","name":"leysten","image":{"@type":"ImageObject","inLanguage":"fr-FR","@id":"https:\/\/mocliege.be\/ciep-verviers\/#\/schema\/person\/image\/","url":"https:\/\/secure.gravatar.com\/avatar\/649ab73f8cfba33ce337612dfcf51c0d?s=96&d=mm&r=g","contentUrl":"https:\/\/secure.gravatar.com\/avatar\/649ab73f8cfba33ce337612dfcf51c0d?s=96&d=mm&r=g","caption":"leysten"},"url":"https:\/\/mocliege.be\/ciep-verviers\/author\/leysten\/"}]}},"_links":{"self":[{"href":"https:\/\/mocliege.be\/ciep-verviers\/wp-json\/wp\/v2\/posts\/2466"}],"collection":[{"href":"https:\/\/mocliege.be\/ciep-verviers\/wp-json\/wp\/v2\/posts"}],"about":[{"href":"https:\/\/mocliege.be\/ciep-verviers\/wp-json\/wp\/v2\/types\/post"}],"author":[{"embeddable":true,"href":"https:\/\/mocliege.be\/ciep-verviers\/wp-json\/wp\/v2\/users\/17"}],"replies":[{"embeddable":true,"href":"https:\/\/mocliege.be\/ciep-verviers\/wp-json\/wp\/v2\/comments?post=2466"}],"version-history":[{"count":10,"href":"https:\/\/mocliege.be\/ciep-verviers\/wp-json\/wp\/v2\/posts\/2466\/revisions"}],"predecessor-version":[{"id":2481,"href":"https:\/\/mocliege.be\/ciep-verviers\/wp-json\/wp\/v2\/posts\/2466\/revisions\/2481"}],"wp:featuredmedia":[{"embeddable":true,"href":"https:\/\/mocliege.be\/ciep-verviers\/wp-json\/wp\/v2\/media\/2480"}],"wp:attachment":[{"href":"https:\/\/mocliege.be\/ciep-verviers\/wp-json\/wp\/v2\/media?parent=2466"}],"wp:term":[{"taxonomy":"category","embeddable":true,"href":"https:\/\/mocliege.be\/ciep-verviers\/wp-json\/wp\/v2\/categories?post=2466"},{"taxonomy":"post_tag","embeddable":true,"href":"https:\/\/mocliege.be\/ciep-verviers\/wp-json\/wp\/v2\/tags?post=2466"}],"curies":[{"name":"wp","href":"https:\/\/api.w.org\/{rel}","templated":true}]}}