{"id":2536,"date":"2025-12-02T16:40:22","date_gmt":"2025-12-02T15:40:22","guid":{"rendered":"https:\/\/mocliege.be\/ciep-verviers\/?p=2536"},"modified":"2025-12-02T16:59:31","modified_gmt":"2025-12-02T15:59:31","slug":"2025-une-annee-remplie-de-projets-solidaires-participatifs-et-engages-en-region-vervietoise","status":"publish","type":"post","link":"https:\/\/mocliege.be\/ciep-verviers\/2025-une-annee-remplie-de-projets-solidaires-participatifs-et-engages-en-region-vervietoise\/","title":{"rendered":"2025, une ann\u00e9e remplie de projets solidaires, participatifs et engag\u00e9s en r\u00e9gion vervi\u00e9toise !\u00a0"},"content":{"rendered":"<div id=\"magicdomid3\" class=\"ace-line\" spellcheck=\"true\" aria-live=\"assertive\"><span class=\"author-a-z71zz79z6dz79zmz69zz85z2z74zz122zz90zyz69zht\">Pour conclure cette fin d\u2019ann\u00e9e, nous vous invitons \u00e0 d\u00e9couvrir cette r\u00e9trospective reprenant les activit\u00e9s les plus marquantes du CIEP Verviers <\/span><span class=\"author-a-bz122zbywz75ztz90z80z87zz83zxk6z86z\">durant<\/span><span class=\"author-a-z71zz79z6dz79zmz69zz85z2z74zz122zz90zyz69zht\"> l\u2019ann\u00e9e 2025.<\/span><\/div>\n<h2 id=\"magicdomid5\" class=\"ace-line\" spellcheck=\"true\" aria-live=\"assertive\"><span class=\"author-a-z71zz79z6dz79zmz69zz85z2z74zz122zz90zyz69zht b\"><b>La transition \u00e9cologique, un axe majeur<\/b><\/span><\/h2>\n<div id=\"magicdomid6\" class=\"ace-line\" spellcheck=\"true\" aria-live=\"assertive\"><span class=\"author-a-z71zz79z6dz79zmz69zz85z2z74zz122zz90zyz69zht\">L&rsquo;\u00e9t\u00e9 2024 f<\/span><span class=\"author-a-bz122zbywz75ztz90z80z87zz83zxk6z86z\">\u00fb<\/span><span class=\"author-a-z71zz79z6dz79zmz69zz85z2z74zz122zz90zyz69zht\">t le plus chaud jamais mesur\u00e9 sur la plan\u00e8te avec un record de canicules, de s\u00e9cheresses, d&rsquo;incendies <\/span><span class=\"author-a-bz122zbywz75ztz90z80z87zz83zxk6z86z\">et<\/span><span class=\"author-a-z71zz79z6dz79zmz69zz85z2z74zz122zz90zyz69zht\"> d&rsquo;inondations aliment\u00e9es par le d\u00e9r\u00e8glement climatique. Depuis plusieurs ann\u00e9es, le CIEP Verviers s&rsquo;investit activement dans le th\u00e8me de la transition au sens large (alimentation, mobilit\u00e9, etc.). En 2025, cette implication s&rsquo;est manifest\u00e9e par plusieurs projets :\u00a0<\/span><\/div>\n<div id=\"magicdomid7\" class=\"ace-line\" spellcheck=\"true\" aria-live=\"assertive\">\n<ul class=\"list-bullet1\">\n<li><a href=\"https:\/\/mocliege.be\/ciep-verviers\/06-10-au-11-10-le-repair-cafe-de-verviers-fete-ses-10-ans-avec-une-semaine-dactivites\/\"><span class=\"author-a-bz122zbywz75ztz90z80z87zz83zxk6z86z\">L<\/span><span class=\"author-a-z71zz79z6dz79zmz69zz85z2z74zz122zz90zyz69zht\">&lsquo;organisation des 10 ans du Repair Caf\u00e9 de Verviers<\/span><\/a><span class=\"author-a-bz122zbywz75ztz90z80z87zz83zxk6z86z\"> (<\/span><span class=\"author-a-z71zz79z6dz79zmz69zz85z2z74zz122zz90zyz69zht\">pour r\u00e9parer au lieu de jeter<\/span><span class=\"author-a-bz122zbywz75ztz90z80z87zz83zxk6z86z\">)<\/span><\/li>\n<\/ul>\n<\/div>\n<div id=\"magicdomid8\" class=\"ace-line\" spellcheck=\"true\" aria-live=\"assertive\">\n<ul class=\"list-bullet1\">\n<li><a href=\"https:\/\/mocliege.be\/ciep-verviers\/un-jardin-dans-la-ville-verviers-sengage-pour-la-biodiversite\/\"><span class=\"author-a-bz122zbywz75ztz90z80z87zz83zxk6z86z\">L<\/span><span class=\"author-a-z71zz79z6dz79zmz69zz85z2z74zz122zz90zyz69zht\">&lsquo;installation de nichoirs dans l&rsquo;espace public <\/span><\/a><span class=\"author-a-bz122zbywz75ztz90z80z87zz83zxk6z86z\">(<\/span><span class=\"author-a-z71zz79z6dz79zmz69zz85z2z74zz122zz90zyz69zht\">pour favoriser la biodiversit\u00e9 en ville<\/span><span class=\"author-a-bz122zbywz75ztz90z80z87zz83zxk6z86z\">)<\/span><span class=\"author-a-z71zz79z6dz79zmz69zz85z2z74zz122zz90zyz69zht\">\u00a0<\/span><\/li>\n<\/ul>\n<\/div>\n<div id=\"magicdomid9\" class=\"ace-line\" spellcheck=\"true\" aria-live=\"assertive\">\n<ul class=\"list-bullet1\">\n<li><a href=\"https:\/\/mocliege.be\/ciep-verviers\/atelier-cuisine-pique-nique-solidaire-retour-sur-notre-participation-au-festival-nourrir-autrement-2025\/\"><span class=\"author-a-bz122zbywz75ztz90z80z87zz83zxk6z86z\">U<\/span><span class=\"author-a-z71zz79z6dz79zmz69zz85z2z74zz122zz90zyz69zht\">n pique-nique solidaire et musical dans le cadre du Festival Nourrir Autrement <\/span><\/a><span class=\"author-a-bz122zbywz75ztz90z80z87zz83zxk6z86z\">(<\/span><span class=\"author-a-z71zz79z6dz79zmz69zz85z2z74zz122zz90zyz69zht\">afin de sensibiliser \u00e0 une alimentation saine et locale<\/span><span class=\"author-a-bz122zbywz75ztz90z80z87zz83zxk6z86z\">)<\/span><span class=\"author-a-z71zz79z6dz79zmz69zz85z2z74zz122zz90zyz69zht\">\u00a0<\/span><\/li>\n<\/ul>\n<\/div>\n<div id=\"magicdomid10\" class=\"ace-line\" spellcheck=\"true\" aria-live=\"assertive\"><span class=\"author-a-bz122zbywz75ztz90z80z87zz83zxk6z86z\">N<\/span><span class=\"author-a-z71zz79z6dz79zmz69zz85z2z74zz122zz90zyz69zht\">&lsquo;oublions \u00e9videmment pas nos traditionnelles activit\u00e9s (<a href=\"https:\/\/mocliege.be\/ciep-verviers\/creer-une-mare-dans-son-jardin-retour-sur-un-atelier-inspirant-au-jardin-patati-patata\/\">ateliers<\/a>, <a href=\"https:\/\/mocliege.be\/ciep-verviers\/salle-comble-pour-notre-conference-le-loup-a-nos-portes-enjeux-et-defis-pour-la-wallonie\/\">conf\u00e9rences<\/a>, <a href=\"https:\/\/mocliege.be\/ciep-verviers\/verviers-04-10-25-cafe-citoyen-de-lassiette-a-locean\/\">d\u00e9bats<\/a>,&#8230;) organis\u00e9es chaque mois dans le cadre <\/span><span class=\"author-a-z80zz88znpz81zz67zy4cvjz86zpz69zu5\">d<\/span><span class=\"author-a-z71zz79z6dz79zmz69zz85z2z74zz122zz90zyz69zht\">es grainoth\u00e8ques de Verviers et de Spa.\u00a0<\/span><\/div>\n<div id=\"magicdomid11\" class=\"ace-line\" spellcheck=\"true\" aria-live=\"assertive\">\n<div class=\"row gallery\">\n\t\t<div class=\"col-6 col-md-4\">\n\t\t<div class=\"gallery-image-wrap\">\n\t\t<a data-gallery=\"gallery\" href=\"https:\/\/mocliege.be\/ciep-verviers\/wp-content\/uploads\/sites\/6\/2025\/11\/2.png\">\n\t\t<img decoding=\"async\" src=\"https:\/\/mocliege.be\/ciep-verviers\/wp-content\/uploads\/sites\/6\/2025\/11\/2.png\" alt=\"\" class=\"img-responsive\">\n\t\t<\/a>\n\t\t<\/div>\n\t\t<\/div>\n\t\t<div class=\"col-6 col-md-4\">\n\t\t<div class=\"gallery-image-wrap\">\n\t\t<a data-gallery=\"gallery\" href=\"https:\/\/mocliege.be\/ciep-verviers\/wp-content\/uploads\/sites\/6\/2025\/11\/1.png\">\n\t\t<img decoding=\"async\" src=\"https:\/\/mocliege.be\/ciep-verviers\/wp-content\/uploads\/sites\/6\/2025\/11\/1.png\" alt=\"\" class=\"img-responsive\">\n\t\t<\/a>\n\t\t<\/div>\n\t\t<\/div>\n\t\t<div class=\"col-6 col-md-4\">\n\t\t<div class=\"gallery-image-wrap\">\n\t\t<a data-gallery=\"gallery\" href=\"https:\/\/mocliege.be\/ciep-verviers\/wp-content\/uploads\/sites\/6\/2025\/11\/7-1.jpg\">\n\t\t<img decoding=\"async\" src=\"https:\/\/mocliege.be\/ciep-verviers\/wp-content\/uploads\/sites\/6\/2025\/11\/7-1.jpg\" alt=\"\" class=\"img-responsive\">\n\t\t<\/a>\n\t\t<\/div>\n\t\t<\/div><\/div>\n<\/div>\n<h2 id=\"magicdomid12\" class=\"ace-line\" spellcheck=\"true\" aria-live=\"assertive\"><span class=\"author-a-z71zz79z6dz79zmz69zz85z2z74zz122zz90zyz69zht b\"><b>Les luttes contre les discriminations, une composante de notre identit\u00e9\u00a0<\/b><\/span><\/h2>\n<div id=\"magicdomid13\" class=\"ace-line\" spellcheck=\"true\" aria-live=\"assertive\"><span class=\"author-a-z71zz79z6dz79zmz69zz85z2z74zz122zz90zyz69zht\">Chaque ann\u00e9e, le CIEP s&rsquo;investit dans la lutte contre le racisme et les discriminations. L&rsquo;ann\u00e9e 2025 n&rsquo;\u00e9chappe pas \u00e0 cette tendance<\/span> <span class=\"author-a-z71zz79z6dz79zmz69zz85z2z74zz122zz90zyz69zht\">! Le <a href=\"https:\/\/www.ccverviers.be\/events\/festival-interculturalite\/\">Festival Interculturalit\u00e9<\/a> a accueilli l&rsquo;exposition <a href=\"https:\/\/www.verviers.be\/evenements\/2025\/exposition-immersive-lisa\">\u00ab\u00a0LISA : l&rsquo;histoire dont vous \u00eates la migrante\u00a0\u00bb<\/a>. Interactive et participative, cette exposition a permis \u00e0 de nombreux visiteurs de se plonger au c\u0153ur des r\u00e9alit\u00e9s de la migration.\u00a0<\/span><\/div>\n<div spellcheck=\"true\" aria-live=\"assertive\"><\/div>\n<div class=\"ace-line\" spellcheck=\"true\" aria-live=\"assertive\"><span class=\"author-a-z71zz79z6dz79zmz69zz85z2z74zz122zz90zyz69zht\">Deux mois plus tard, nous \u00e9tions pr\u00e9sents au <a href=\"https:\/\/mocliege.be\/ciep-verviers\/libertad-2025-le-ciep-joue-le-jeu-de-la-vigilance\/\">Festival Libertad<\/a> en animant un stand dans le<\/span><span class=\"author-a-bz122zbywz75ztz90z80z87zz83zxk6z86z\">ur<\/span><span class=\"author-a-z71zz79z6dz79zmz69zz85z2z74zz122zz90zyz69zht\"> village associatif. Tout au long de la journ\u00e9e, notre stand a attir\u00e9 petits et grands autour d\u2019un jeu simple, dr\u00f4le mais percutant : retrouver qui a prononc\u00e9 les phrases anti-d\u00e9mocratiques les plus d\u00e9rangeantes. Entre \u00e9tonnement, indignation, et parfois rire jaune, les participants ont montr\u00e9 une vraie envie de comprendre, discuter et d\u00e9construire les discours populistes dans l\u2019espace public.\u00a0<\/span><\/div>\n<div class=\"row gallery\">\n\t\t<div class=\"col-6 col-md-4\">\n\t\t<div class=\"gallery-image-wrap\">\n\t\t<a data-gallery=\"gallery\" href=\"https:\/\/mocliege.be\/ciep-verviers\/wp-content\/uploads\/sites\/6\/2025\/11\/3-2.jpg\">\n\t\t<img decoding=\"async\" src=\"https:\/\/mocliege.be\/ciep-verviers\/wp-content\/uploads\/sites\/6\/2025\/11\/3-2.jpg\" alt=\"\" class=\"img-responsive\">\n\t\t<\/a>\n\t\t<\/div>\n\t\t<\/div>\n\t\t<div class=\"col-6 col-md-4\">\n\t\t<div class=\"gallery-image-wrap\">\n\t\t<a data-gallery=\"gallery\" href=\"https:\/\/mocliege.be\/ciep-verviers\/wp-content\/uploads\/sites\/6\/2025\/11\/499533106_1095967385910585_2142451570302960602_n.jpg\">\n\t\t<img decoding=\"async\" src=\"https:\/\/mocliege.be\/ciep-verviers\/wp-content\/uploads\/sites\/6\/2025\/11\/499533106_1095967385910585_2142451570302960602_n.jpg\" alt=\"\" class=\"img-responsive\">\n\t\t<\/a>\n\t\t<\/div>\n\t\t<\/div>\n\t\t<div class=\"col-6 col-md-4\">\n\t\t<div class=\"gallery-image-wrap\">\n\t\t<a data-gallery=\"gallery\" href=\"https:\/\/mocliege.be\/ciep-verviers\/wp-content\/uploads\/sites\/6\/2025\/11\/1-2.jpg\">\n\t\t<img decoding=\"async\" src=\"https:\/\/mocliege.be\/ciep-verviers\/wp-content\/uploads\/sites\/6\/2025\/11\/1-2.jpg\" alt=\"\" class=\"img-responsive\">\n\t\t<\/a>\n\t\t<\/div>\n\t\t<\/div><\/div>\n<h2 id=\"magicdomid17\" class=\"ace-line\" spellcheck=\"true\" aria-live=\"assertive\"><strong><span class=\"author-a-z71zz79z6dz79zmz69zz85z2z74zz122zz90zyz69zht b\">La solidarit\u00e9 internationale, un sujet incontournable en 2025<\/span><\/strong><\/h2>\n<div id=\"magicdomid18\" class=\"ace-line\" spellcheck=\"true\" aria-live=\"assertive\"><span class=\"author-a-z71zz79z6dz79zmz69zz85z2z74zz122zz90zyz69zht\">Enfin, cette r\u00e9trospective ne serait pas compl\u00e8te si nous ne mentionnions pas l\u2019aspect international.\u00a0<\/span><\/div>\n<div spellcheck=\"true\" aria-live=\"assertive\"><\/div>\n<div id=\"magicdomid19\" class=\"ace-line\" spellcheck=\"true\" aria-live=\"assertive\"><span class=\"author-a-z71zz79z6dz79zmz69zz85z2z74zz122zz90zyz69zht\">La ligne rouge a \u00e9t\u00e9 franchie \u00e0 Gaza. Le CIEP Verviers a organis\u00e9, avec d&rsquo;autres partenaires associatifs, <a href=\"https:\/\/mocliege.be\/ciep-verviers\/malmedy-25-03-25-conference-israel-palestine-dhier-a-aujourdhui-comprendre-lembrasement-du-conflit\/\">une conf\u00e9rence retra\u00e7ant l&rsquo;histoire du conflit Isra\u00e9lo-Palestinien<\/a> tout en faisant le lien avec le pr\u00e9sent. Deux documentaires (<a href=\"https:\/\/mocliege.be\/ciep-verviers\/verviers-30-09-25-no-other-land-cine-debat\/\">No Other Land<\/a> et <a href=\"https:\/\/mocliege.be\/ciep-verviers\/malmedy-27-11-cine-debat-un-divan-sur-la-colline\/\">Un divan sur la colline<\/a>) ont \u00e9galement \u00e9t\u00e9 projet\u00e9s afin de d\u00e9noncer la colonisation en cours en Cisjordanie qui pi\u00e9tine le droit international.\u00a0<\/span><\/div>\n<div spellcheck=\"true\" aria-live=\"assertive\"><\/div>\n<div class=\"ace-line\" spellcheck=\"true\" aria-live=\"assertive\"><span class=\"author-a-z71zz79z6dz79zmz69zz85z2z74zz122zz90zyz69zht\">De son c\u00f4t\u00e9, la Commission WSM (l\u2019<\/span><span class=\"author-a-z80zz88znpz81zz67zy4cvjz86zpz69zu5\">ONG<\/span><span class=\"author-a-z71zz79z6dz79zmz69zz85z2z74zz122zz90zyz69zht\"> du MOC) de Verviers s&rsquo;est montr\u00e9e tr\u00e8s active et a organis\u00e9 le <a href=\"https:\/\/mocliege.be\/ciep-verviers\/cyclo-choco-solidaire-2025-13-000-euros-recoltes-pour-soutenir-les-producteurs-de-cacao\/\">Cyclo-Choco Solidaire<\/a> en avril et <a href=\"https:\/\/mocliege.be\/ciep-verviers\/verviers-21-11-dejeuner-gourmand-solidaire-soutenez-le-cncd-11-11-11\/\">le petit-d\u00e9jeuner solidaire<\/a> en novembre dans le cadre de l\u2019op\u00e9ration CNCD 11.11.11. Ces deux activit\u00e9s ont eu un franc succ\u00e8s et d\u00e9montrent notre engagement pour une soci\u00e9t\u00e9 plus juste \u00e0 l\u2019autre bout du monde.\u00a0<\/span><\/div>\n<div spellcheck=\"true\" aria-live=\"assertive\">\n<div class=\"row gallery\">\n\t\t<div class=\"col-6 col-md-4\">\n\t\t<div class=\"gallery-image-wrap\">\n\t\t<a data-gallery=\"gallery\" href=\"https:\/\/mocliege.be\/ciep-verviers\/wp-content\/uploads\/sites\/6\/2025\/11\/486173163_1053857296788261_2506531970265654727_n.jpg\">\n\t\t<img decoding=\"async\" src=\"https:\/\/mocliege.be\/ciep-verviers\/wp-content\/uploads\/sites\/6\/2025\/11\/486173163_1053857296788261_2506531970265654727_n.jpg\" alt=\"\" class=\"img-responsive\">\n\t\t<\/a>\n\t\t<\/div>\n\t\t<\/div>\n\t\t<div class=\"col-6 col-md-4\">\n\t\t<div class=\"gallery-image-wrap\">\n\t\t<a data-gallery=\"gallery\" href=\"https:\/\/mocliege.be\/ciep-verviers\/wp-content\/uploads\/sites\/6\/2025\/11\/489410158_1064599949047329_4105167264475085827_n.jpg\">\n\t\t<img decoding=\"async\" src=\"https:\/\/mocliege.be\/ciep-verviers\/wp-content\/uploads\/sites\/6\/2025\/11\/489410158_1064599949047329_4105167264475085827_n.jpg\" alt=\"\" class=\"img-responsive\">\n\t\t<\/a>\n\t\t<\/div>\n\t\t<\/div>\n\t\t<div class=\"col-6 col-md-4\">\n\t\t<div class=\"gallery-image-wrap\">\n\t\t<a data-gallery=\"gallery\" href=\"https:\/\/mocliege.be\/ciep-verviers\/wp-content\/uploads\/sites\/6\/2025\/11\/Publications-reseaux-sociaux-5.jpg\">\n\t\t<img decoding=\"async\" src=\"https:\/\/mocliege.be\/ciep-verviers\/wp-content\/uploads\/sites\/6\/2025\/11\/Publications-reseaux-sociaux-5.jpg\" alt=\"\" class=\"img-responsive\">\n\t\t<\/a>\n\t\t<\/div>\n\t\t<\/div><\/div>\n<\/div>\n<div id=\"magicdomid21\" class=\"ace-line\" spellcheck=\"true\" aria-live=\"assertive\"><span class=\"author-a-z71zz79z6dz79zmz69zz85z2z74zz122zz90zyz69zht\">\u00a0<\/span><\/div>\n<div id=\"magicdomid22\" class=\"ace-line\" spellcheck=\"true\" aria-live=\"assertive\"><span class=\"author-a-bz122zbywz75ztz90z80z87zz83zxk6z86z\">Bien \u00e9videmment, toutes ces activit\u00e9s ne seraient pas possibles sans l\u2019implication du public qui r\u00e9pond pr\u00e9sent \u00e0 chacune de nos activit\u00e9s.<\/span> <span class=\"author-a-bz122zbywz75ztz90z80z87zz83zxk6z86z\">Nous remercions nos partenaires et nos coll\u00e8gues impliqu\u00e9s qui ont travaill\u00e9 dur avec l&rsquo;objectif commun de se battre pour une soci\u00e9t\u00e9 plus juste, plus solidaire et plus \u00e9galitaire.<\/span><span class=\"author-a-z71zz79z6dz79zmz69zz85z2z74zz122zz90zyz69zht\"> Nous esp\u00e9rons que l\u2019ann\u00e9e 2026 sera aussi riche et solidaire<\/span><span class=\"author-a-bz122zbywz75ztz90z80z87zz83zxk6z86z\"> !<\/span><\/div>\n","protected":false},"excerpt":{"rendered":"<p>Pour conclure cette fin d\u2019ann\u00e9e, nous vous invitons \u00e0 d\u00e9couvrir cette r\u00e9trospective reprenant les activit\u00e9s [&hellip;]<\/p>\n","protected":false},"author":9,"featured_media":2547,"comment_status":"open","ping_status":"open","sticky":false,"template":"","format":"standard","meta":{"_monsterinsights_skip_tracking":false,"_monsterinsights_sitenote_active":false,"_monsterinsights_sitenote_note":"","_monsterinsights_sitenote_category":0,"footnotes":""},"categories":[1],"tags":[11],"acf":[],"yoast_head":"<!-- This site is optimized with the Yoast SEO plugin v19.14 - https:\/\/yoast.com\/wordpress\/plugins\/seo\/ -->\n<title>2025, une ann\u00e9e remplie de projets solidaires, participatifs et engag\u00e9s en r\u00e9gion vervi\u00e9toise !\u00a0 - Ciep-verviers<\/title>\n<meta name=\"robots\" content=\"index, follow, max-snippet:-1, max-image-preview:large, max-video-preview:-1\" \/>\n<link rel=\"canonical\" href=\"https:\/\/mocliege.be\/ciep-verviers\/2025-une-annee-remplie-de-projets-solidaires-participatifs-et-engages-en-region-vervietoise\/\" \/>\n<meta property=\"og:locale\" content=\"fr_FR\" \/>\n<meta property=\"og:type\" content=\"article\" \/>\n<meta property=\"og:title\" content=\"2025, une ann\u00e9e remplie de projets solidaires, participatifs et engag\u00e9s en r\u00e9gion vervi\u00e9toise !\u00a0 - Ciep-verviers\" \/>\n<meta property=\"og:description\" content=\"Pour conclure cette fin d\u2019ann\u00e9e, nous vous invitons \u00e0 d\u00e9couvrir cette r\u00e9trospective reprenant les activit\u00e9s [&hellip;]\" \/>\n<meta property=\"og:url\" content=\"https:\/\/mocliege.be\/ciep-verviers\/2025-une-annee-remplie-de-projets-solidaires-participatifs-et-engages-en-region-vervietoise\/\" \/>\n<meta property=\"og:site_name\" content=\"Ciep-verviers\" \/>\n<meta property=\"article:published_time\" content=\"2025-12-02T15:40:22+00:00\" \/>\n<meta property=\"article:modified_time\" content=\"2025-12-02T15:59:31+00:00\" \/>\n<meta property=\"og:image\" content=\"https:\/\/mocliege.be\/ciep-verviers\/wp-content\/uploads\/sites\/6\/2025\/11\/Miniatures-articles-site-37.jpg\" \/>\n\t<meta property=\"og:image:width\" content=\"1315\" \/>\n\t<meta property=\"og:image:height\" content=\"633\" \/>\n\t<meta property=\"og:image:type\" content=\"image\/jpeg\" \/>\n<meta name=\"author\" content=\"nlaermans\" \/>\n<meta name=\"twitter:card\" content=\"summary_large_image\" \/>\n<meta name=\"twitter:label1\" content=\"\u00c9crit par\" \/>\n\t<meta name=\"twitter:data1\" content=\"nlaermans\" \/>\n\t<meta name=\"twitter:label2\" content=\"Dur\u00e9e de lecture estim\u00e9e\" \/>\n\t<meta name=\"twitter:data2\" content=\"3 minutes\" \/>\n<script type=\"application\/ld+json\" class=\"yoast-schema-graph\">{\"@context\":\"https:\/\/schema.org\",\"@graph\":[{\"@type\":\"WebPage\",\"@id\":\"https:\/\/mocliege.be\/ciep-verviers\/2025-une-annee-remplie-de-projets-solidaires-participatifs-et-engages-en-region-vervietoise\/\",\"url\":\"https:\/\/mocliege.be\/ciep-verviers\/2025-une-annee-remplie-de-projets-solidaires-participatifs-et-engages-en-region-vervietoise\/\",\"name\":\"2025, une ann\u00e9e remplie de projets solidaires, participatifs et engag\u00e9s en r\u00e9gion vervi\u00e9toise !\u00a0 - Ciep-verviers\",\"isPartOf\":{\"@id\":\"https:\/\/mocliege.be\/ciep-verviers\/#website\"},\"datePublished\":\"2025-12-02T15:40:22+00:00\",\"dateModified\":\"2025-12-02T15:59:31+00:00\",\"author\":{\"@id\":\"https:\/\/mocliege.be\/ciep-verviers\/#\/schema\/person\/26283e812b371323e9e5f18fbdd33d6b\"},\"breadcrumb\":{\"@id\":\"https:\/\/mocliege.be\/ciep-verviers\/2025-une-annee-remplie-de-projets-solidaires-participatifs-et-engages-en-region-vervietoise\/#breadcrumb\"},\"inLanguage\":\"fr-FR\",\"potentialAction\":[{\"@type\":\"ReadAction\",\"target\":[\"https:\/\/mocliege.be\/ciep-verviers\/2025-une-annee-remplie-de-projets-solidaires-participatifs-et-engages-en-region-vervietoise\/\"]}]},{\"@type\":\"BreadcrumbList\",\"@id\":\"https:\/\/mocliege.be\/ciep-verviers\/2025-une-annee-remplie-de-projets-solidaires-participatifs-et-engages-en-region-vervietoise\/#breadcrumb\",\"itemListElement\":[{\"@type\":\"ListItem\",\"position\":1,\"name\":\"Accueil\",\"item\":\"https:\/\/mocliege.be\/ciep-verviers\/\"},{\"@type\":\"ListItem\",\"position\":2,\"name\":\"2025, une ann\u00e9e remplie de projets solidaires, participatifs et engag\u00e9s en r\u00e9gion vervi\u00e9toise !\u00a0\"}]},{\"@type\":\"WebSite\",\"@id\":\"https:\/\/mocliege.be\/ciep-verviers\/#website\",\"url\":\"https:\/\/mocliege.be\/ciep-verviers\/\",\"name\":\"Ciep-verviers\",\"description\":\"Un site utilisant Sites du MOC - Li\u00e8ge\",\"potentialAction\":[{\"@type\":\"SearchAction\",\"target\":{\"@type\":\"EntryPoint\",\"urlTemplate\":\"https:\/\/mocliege.be\/ciep-verviers\/?s={search_term_string}\"},\"query-input\":\"required name=search_term_string\"}],\"inLanguage\":\"fr-FR\"},{\"@type\":\"Person\",\"@id\":\"https:\/\/mocliege.be\/ciep-verviers\/#\/schema\/person\/26283e812b371323e9e5f18fbdd33d6b\",\"name\":\"nlaermans\",\"image\":{\"@type\":\"ImageObject\",\"inLanguage\":\"fr-FR\",\"@id\":\"https:\/\/mocliege.be\/ciep-verviers\/#\/schema\/person\/image\/\",\"url\":\"https:\/\/secure.gravatar.com\/avatar\/bbefd6fbf0498a667ea40c2b873b73ea?s=96&d=mm&r=g\",\"contentUrl\":\"https:\/\/secure.gravatar.com\/avatar\/bbefd6fbf0498a667ea40c2b873b73ea?s=96&d=mm&r=g\",\"caption\":\"nlaermans\"},\"url\":\"https:\/\/mocliege.be\/ciep-verviers\/author\/nlaermans\/\"}]}<\/script>\n<!-- \/ Yoast SEO plugin. -->","yoast_head_json":{"title":"2025, une ann\u00e9e remplie de projets solidaires, participatifs et engag\u00e9s en r\u00e9gion vervi\u00e9toise !\u00a0 - Ciep-verviers","robots":{"index":"index","follow":"follow","max-snippet":"max-snippet:-1","max-image-preview":"max-image-preview:large","max-video-preview":"max-video-preview:-1"},"canonical":"https:\/\/mocliege.be\/ciep-verviers\/2025-une-annee-remplie-de-projets-solidaires-participatifs-et-engages-en-region-vervietoise\/","og_locale":"fr_FR","og_type":"article","og_title":"2025, une ann\u00e9e remplie de projets solidaires, participatifs et engag\u00e9s en r\u00e9gion vervi\u00e9toise !\u00a0 - Ciep-verviers","og_description":"Pour conclure cette fin d\u2019ann\u00e9e, nous vous invitons \u00e0 d\u00e9couvrir cette r\u00e9trospective reprenant les activit\u00e9s [&hellip;]","og_url":"https:\/\/mocliege.be\/ciep-verviers\/2025-une-annee-remplie-de-projets-solidaires-participatifs-et-engages-en-region-vervietoise\/","og_site_name":"Ciep-verviers","article_published_time":"2025-12-02T15:40:22+00:00","article_modified_time":"2025-12-02T15:59:31+00:00","og_image":[{"width":1315,"height":633,"url":"https:\/\/mocliege.be\/ciep-verviers\/wp-content\/uploads\/sites\/6\/2025\/11\/Miniatures-articles-site-37.jpg","type":"image\/jpeg"}],"author":"nlaermans","twitter_card":"summary_large_image","twitter_misc":{"\u00c9crit par":"nlaermans","Dur\u00e9e de lecture estim\u00e9e":"3 minutes"},"schema":{"@context":"https:\/\/schema.org","@graph":[{"@type":"WebPage","@id":"https:\/\/mocliege.be\/ciep-verviers\/2025-une-annee-remplie-de-projets-solidaires-participatifs-et-engages-en-region-vervietoise\/","url":"https:\/\/mocliege.be\/ciep-verviers\/2025-une-annee-remplie-de-projets-solidaires-participatifs-et-engages-en-region-vervietoise\/","name":"2025, une ann\u00e9e remplie de projets solidaires, participatifs et engag\u00e9s en r\u00e9gion vervi\u00e9toise !\u00a0 - Ciep-verviers","isPartOf":{"@id":"https:\/\/mocliege.be\/ciep-verviers\/#website"},"datePublished":"2025-12-02T15:40:22+00:00","dateModified":"2025-12-02T15:59:31+00:00","author":{"@id":"https:\/\/mocliege.be\/ciep-verviers\/#\/schema\/person\/26283e812b371323e9e5f18fbdd33d6b"},"breadcrumb":{"@id":"https:\/\/mocliege.be\/ciep-verviers\/2025-une-annee-remplie-de-projets-solidaires-participatifs-et-engages-en-region-vervietoise\/#breadcrumb"},"inLanguage":"fr-FR","potentialAction":[{"@type":"ReadAction","target":["https:\/\/mocliege.be\/ciep-verviers\/2025-une-annee-remplie-de-projets-solidaires-participatifs-et-engages-en-region-vervietoise\/"]}]},{"@type":"BreadcrumbList","@id":"https:\/\/mocliege.be\/ciep-verviers\/2025-une-annee-remplie-de-projets-solidaires-participatifs-et-engages-en-region-vervietoise\/#breadcrumb","itemListElement":[{"@type":"ListItem","position":1,"name":"Accueil","item":"https:\/\/mocliege.be\/ciep-verviers\/"},{"@type":"ListItem","position":2,"name":"2025, une ann\u00e9e remplie de projets solidaires, participatifs et engag\u00e9s en r\u00e9gion vervi\u00e9toise !\u00a0"}]},{"@type":"WebSite","@id":"https:\/\/mocliege.be\/ciep-verviers\/#website","url":"https:\/\/mocliege.be\/ciep-verviers\/","name":"Ciep-verviers","description":"Un site utilisant Sites du MOC - Li\u00e8ge","potentialAction":[{"@type":"SearchAction","target":{"@type":"EntryPoint","urlTemplate":"https:\/\/mocliege.be\/ciep-verviers\/?s={search_term_string}"},"query-input":"required name=search_term_string"}],"inLanguage":"fr-FR"},{"@type":"Person","@id":"https:\/\/mocliege.be\/ciep-verviers\/#\/schema\/person\/26283e812b371323e9e5f18fbdd33d6b","name":"nlaermans","image":{"@type":"ImageObject","inLanguage":"fr-FR","@id":"https:\/\/mocliege.be\/ciep-verviers\/#\/schema\/person\/image\/","url":"https:\/\/secure.gravatar.com\/avatar\/bbefd6fbf0498a667ea40c2b873b73ea?s=96&d=mm&r=g","contentUrl":"https:\/\/secure.gravatar.com\/avatar\/bbefd6fbf0498a667ea40c2b873b73ea?s=96&d=mm&r=g","caption":"nlaermans"},"url":"https:\/\/mocliege.be\/ciep-verviers\/author\/nlaermans\/"}]}},"_links":{"self":[{"href":"https:\/\/mocliege.be\/ciep-verviers\/wp-json\/wp\/v2\/posts\/2536"}],"collection":[{"href":"https:\/\/mocliege.be\/ciep-verviers\/wp-json\/wp\/v2\/posts"}],"about":[{"href":"https:\/\/mocliege.be\/ciep-verviers\/wp-json\/wp\/v2\/types\/post"}],"author":[{"embeddable":true,"href":"https:\/\/mocliege.be\/ciep-verviers\/wp-json\/wp\/v2\/users\/9"}],"replies":[{"embeddable":true,"href":"https:\/\/mocliege.be\/ciep-verviers\/wp-json\/wp\/v2\/comments?post=2536"}],"version-history":[{"count":2,"href":"https:\/\/mocliege.be\/ciep-verviers\/wp-json\/wp\/v2\/posts\/2536\/revisions"}],"predecessor-version":[{"id":2549,"href":"https:\/\/mocliege.be\/ciep-verviers\/wp-json\/wp\/v2\/posts\/2536\/revisions\/2549"}],"wp:featuredmedia":[{"embeddable":true,"href":"https:\/\/mocliege.be\/ciep-verviers\/wp-json\/wp\/v2\/media\/2547"}],"wp:attachment":[{"href":"https:\/\/mocliege.be\/ciep-verviers\/wp-json\/wp\/v2\/media?parent=2536"}],"wp:term":[{"taxonomy":"category","embeddable":true,"href":"https:\/\/mocliege.be\/ciep-verviers\/wp-json\/wp\/v2\/categories?post=2536"},{"taxonomy":"post_tag","embeddable":true,"href":"https:\/\/mocliege.be\/ciep-verviers\/wp-json\/wp\/v2\/tags?post=2536"}],"curies":[{"name":"wp","href":"https:\/\/api.w.org\/{rel}","templated":true}]}}