{"id":2642,"date":"2026-01-07T12:40:41","date_gmt":"2026-01-07T11:40:41","guid":{"rendered":"https:\/\/mocliege.be\/ciep-verviers\/?p=2642"},"modified":"2026-01-29T14:36:58","modified_gmt":"2026-01-29T13:36:58","slug":"spa-28-01-grainotheque-apprenez-a-reconnaitre-le-frelon-asiatique-pour-mieux-agir","status":"publish","type":"post","link":"https:\/\/mocliege.be\/ciep-verviers\/spa-28-01-grainotheque-apprenez-a-reconnaitre-le-frelon-asiatique-pour-mieux-agir\/","title":{"rendered":"Spa | 28\/01 | Grainoth\u00e8que: Apprenez \u00e0 reconna\u00eetre le frelon asiatique pour agir"},"content":{"rendered":"<p data-start=\"186\" data-end=\"503\"><img loading=\"lazy\" decoding=\"async\" class=\" wp-image-2644 alignright\" src=\"https:\/\/mocliege.be\/ciep-verviers\/wp-content\/uploads\/sites\/6\/2026\/01\/612637629_1330986869055780_3948527698291232823_n-724x1024.jpg\" alt=\"\" width=\"491\" height=\"694\" srcset=\"https:\/\/mocliege.be\/ciep-verviers\/wp-content\/uploads\/sites\/6\/2026\/01\/612637629_1330986869055780_3948527698291232823_n-724x1024.jpg 724w, https:\/\/mocliege.be\/ciep-verviers\/wp-content\/uploads\/sites\/6\/2026\/01\/612637629_1330986869055780_3948527698291232823_n-212x300.jpg 212w, https:\/\/mocliege.be\/ciep-verviers\/wp-content\/uploads\/sites\/6\/2026\/01\/612637629_1330986869055780_3948527698291232823_n-768x1086.jpg 768w, https:\/\/mocliege.be\/ciep-verviers\/wp-content\/uploads\/sites\/6\/2026\/01\/612637629_1330986869055780_3948527698291232823_n-1086x1536.jpg 1086w, https:\/\/mocliege.be\/ciep-verviers\/wp-content\/uploads\/sites\/6\/2026\/01\/612637629_1330986869055780_3948527698291232823_n-45x64.jpg 45w, https:\/\/mocliege.be\/ciep-verviers\/wp-content\/uploads\/sites\/6\/2026\/01\/612637629_1330986869055780_3948527698291232823_n-177x250.jpg 177w, https:\/\/mocliege.be\/ciep-verviers\/wp-content\/uploads\/sites\/6\/2026\/01\/612637629_1330986869055780_3948527698291232823_n-53x75.jpg 53w, https:\/\/mocliege.be\/ciep-verviers\/wp-content\/uploads\/sites\/6\/2026\/01\/612637629_1330986869055780_3948527698291232823_n-150x212.jpg 150w, https:\/\/mocliege.be\/ciep-verviers\/wp-content\/uploads\/sites\/6\/2026\/01\/612637629_1330986869055780_3948527698291232823_n-450x636.jpg 450w, https:\/\/mocliege.be\/ciep-verviers\/wp-content\/uploads\/sites\/6\/2026\/01\/612637629_1330986869055780_3948527698291232823_n-600x849.jpg 600w, https:\/\/mocliege.be\/ciep-verviers\/wp-content\/uploads\/sites\/6\/2026\/01\/612637629_1330986869055780_3948527698291232823_n-1200x1697.jpg 1200w, https:\/\/mocliege.be\/ciep-verviers\/wp-content\/uploads\/sites\/6\/2026\/01\/612637629_1330986869055780_3948527698291232823_n.jpg 1448w\" sizes=\"(max-width: 491px) 100vw, 491px\" \/>Le frelon asiatique est un insecte invasif qui inqui\u00e8te de plus en plus citoyens, apiculteurs et pouvoirs publics. Pourtant, il reste encore mal identifi\u00e9 par une grande partie de la population. Beaucoup le confondent avec le frelon europ\u00e9en ou une simple gu\u00eape, et peu savent comment r\u00e9agir lorsqu\u2019un nid est rep\u00e9r\u00e9. Pour mieux comprendre cet enjeu environnemental et sanitaire, une <strong data-start=\"571\" data-end=\"611\">rencontre gratuite et ouverte \u00e0 tous<\/strong> est organis\u00e9e \u00e0 Spa dans le cadre des <strong data-start=\"650\" data-end=\"681\">ateliers de la grainoth\u00e8que<\/strong>.<\/p>\n<h2 data-start=\"684\" data-end=\"729\"><strong>Pourquoi le frelon asiatique pose probl\u00e8me<\/strong><\/h2>\n<p data-start=\"731\" data-end=\"988\">Arriv\u00e9 en Europe il y a une quinzaine d\u2019ann\u00e9es, le frelon asiatique repr\u00e9sente une menace s\u00e9rieuse pour la biodiversit\u00e9, en particulier pour les abeilles. Redoutable pr\u00e9dateur, il d\u00e9s\u00e9quilibre les \u00e9cosyst\u00e8mes et met en difficult\u00e9 le travail des apiculteurs.<\/p>\n<p data-start=\"990\" data-end=\"1214\">Au-del\u00e0 de son impact \u00e9cologique, sa pr\u00e9sence soul\u00e8ve aussi des questions de s\u00e9curit\u00e9. Savoir reconna\u00eetre le frelon asiatique, comprendre son comportement et conna\u00eetre les bons r\u00e9flexes \u00e0 adopter sont aujourd\u2019hui essentiels.<\/p>\n<h2><strong>Une rencontre pour s\u2019informer avec des experts de terrain<\/strong><\/h2>\n<p data-start=\"1278\" data-end=\"1405\">Cette soir\u00e9e d\u2019information sera l\u2019occasion d\u2019obtenir des r\u00e9ponses claires et concr\u00e8tes gr\u00e2ce \u00e0 l\u2019intervention de sp\u00e9cialistes :<\/p>\n<ul data-start=\"1407\" data-end=\"1599\">\n<li data-start=\"1407\" data-end=\"1497\">\n<p data-start=\"1409\" data-end=\"1497\"><strong data-start=\"1409\" data-end=\"1428\">Philippe Wegnez<\/strong>, formateur pour les pompiers sur les questions li\u00e9es aux nuisibles<\/p>\n<\/li>\n<li data-start=\"1498\" data-end=\"1532\">\n<p data-start=\"1500\" data-end=\"1532\"><strong data-start=\"1500\" data-end=\"1518\">Patrick Dewolf<\/strong>, apiculteur<\/p>\n<\/li>\n<li data-start=\"1533\" data-end=\"1599\">\n<p data-start=\"1535\" data-end=\"1599\"><strong data-start=\"1535\" data-end=\"1555\">Baptiste Delcour<\/strong>, Service Environnement de la Ville de Spa<\/p>\n<\/li>\n<\/ul>\n<p data-start=\"1601\" data-end=\"1731\">Ils partageront leurs connaissances, leurs exp\u00e9riences de terrain et les mesures \u00e0 prendre lorsqu\u2019un frelon asiatique est observ\u00e9.<\/p>\n<h2 data-start=\"1733\" data-end=\"1773\">Informations pratiques et partenaires<\/h2>\n<ul>\n<li data-start=\"1775\" data-end=\"2039\"><strong data-start=\"1778\" data-end=\"1789\">Quand ?<\/strong> Le <strong data-start=\"1793\" data-end=\"1812\">28 janvier 2026<\/strong>, de <strong data-start=\"1817\" data-end=\"1830\">19h \u00e0 21h<\/strong><\/li>\n<li data-start=\"1775\" data-end=\"2039\"><strong data-start=\"1836\" data-end=\"1844\">O\u00f9 ?<\/strong> Biblioth\u00e8que-Ludoth\u00e8que communale de Spa<\/li>\n<li data-start=\"1775\" data-end=\"2039\"><strong data-start=\"1891\" data-end=\"1916\">Infos et inscriptions<\/strong> : 087\/77 24 52<\/li>\n<li data-start=\"1775\" data-end=\"2039\"><strong data-start=\"1937\" data-end=\"1945\">Mail<\/strong> : <a class=\"decorated-link cursor-pointer\" href=\"mailto:bibliotheque@villedespa.be\" rel=\"noopener\" data-start=\"1948\" data-end=\"1974\">bibliotheque@villedespa.be<\/a><\/li>\n<li data-start=\"1775\" data-end=\"2039\"><a href=\"https:\/\/fb.me\/e\/45bSoS4g9\"><strong>\u00c9v\u00e8nement Facebook<\/strong><\/a><\/li>\n<li data-start=\"1775\" data-end=\"2039\"><strong data-start=\"2045\" data-end=\"2067\">Animation gratuite<\/strong><\/li>\n<\/ul>\n<p data-start=\"2069\" data-end=\"2116\">Un \u00e9v\u00e9nement organis\u00e9 en partenariat avec la <a href=\"https:\/\/www.villedespa.be\/loisirs\/culture\/bibliotheque\">Biblioth\u00e8que-Ludoth\u00e8que communale de Spa<\/a>, le <a href=\"https:\/\/www.villedespa.be\/ma-ville\/polesocial\/cpas\/nos-services\/services-sociaux\/plan-de-cohesion-sociale\">Plan de Coh\u00e9sion Sociale (P.C.S.)<\/a> et le <a href=\"https:\/\/www.villedespa.be\/ma-ville\/services-communaux\/environnement\">Service Environnement de la Ville de Spa.<\/a><\/p>\n<p data-start=\"2277\" data-end=\"2587\" data-is-last-node=\"\" data-is-only-node=\"\">Que vous soyez citoyen curieux, jardinier, apiculteur ou simplement soucieux de l\u2019environnement, cette rencontre est une excellente occasion d\u2019en apprendre davantage et de devenir acteur de la protection de la biodiversit\u00e9 locale. <strong data-start=\"2510\" data-end=\"2587\" data-is-last-node=\"\">N\u2019h\u00e9sitez pas \u00e0 vous inscrire et \u00e0 relayer l\u2019information autour de vous !<\/strong><\/p>\n","protected":false},"excerpt":{"rendered":"<p>Le frelon asiatique est un insecte invasif qui inqui\u00e8te de plus en plus citoyens, apiculteurs [&hellip;]<\/p>\n","protected":false},"author":9,"featured_media":2643,"comment_status":"open","ping_status":"open","sticky":false,"template":"","format":"standard","meta":{"_monsterinsights_skip_tracking":false,"_monsterinsights_sitenote_active":false,"_monsterinsights_sitenote_note":"","_monsterinsights_sitenote_category":0,"footnotes":""},"categories":[1],"tags":[11],"acf":[],"yoast_head":"<!-- This site is optimized with the Yoast SEO plugin v19.14 - https:\/\/yoast.com\/wordpress\/plugins\/seo\/ -->\n<title>Spa | 28\/01 | Grainoth\u00e8que: Apprenez \u00e0 reconna\u00eetre le frelon asiatique pour agir - Ciep-verviers<\/title>\n<meta name=\"robots\" content=\"index, follow, max-snippet:-1, max-image-preview:large, max-video-preview:-1\" \/>\n<link rel=\"canonical\" href=\"https:\/\/mocliege.be\/ciep-verviers\/spa-28-01-grainotheque-apprenez-a-reconnaitre-le-frelon-asiatique-pour-mieux-agir\/\" \/>\n<meta property=\"og:locale\" content=\"fr_FR\" \/>\n<meta property=\"og:type\" content=\"article\" \/>\n<meta property=\"og:title\" content=\"Spa | 28\/01 | Grainoth\u00e8que: Apprenez \u00e0 reconna\u00eetre le frelon asiatique pour agir - Ciep-verviers\" \/>\n<meta property=\"og:description\" content=\"Le frelon asiatique est un insecte invasif qui inqui\u00e8te de plus en plus citoyens, apiculteurs [&hellip;]\" \/>\n<meta property=\"og:url\" content=\"https:\/\/mocliege.be\/ciep-verviers\/spa-28-01-grainotheque-apprenez-a-reconnaitre-le-frelon-asiatique-pour-mieux-agir\/\" \/>\n<meta property=\"og:site_name\" content=\"Ciep-verviers\" \/>\n<meta property=\"article:published_time\" content=\"2026-01-07T11:40:41+00:00\" \/>\n<meta property=\"article:modified_time\" content=\"2026-01-29T13:36:58+00:00\" \/>\n<meta property=\"og:image\" content=\"https:\/\/mocliege.be\/ciep-verviers\/wp-content\/uploads\/sites\/6\/2026\/01\/1.jpg\" \/>\n\t<meta property=\"og:image:width\" content=\"1002\" \/>\n\t<meta property=\"og:image:height\" content=\"482\" \/>\n\t<meta property=\"og:image:type\" content=\"image\/jpeg\" \/>\n<meta name=\"author\" content=\"nlaermans\" \/>\n<meta name=\"twitter:card\" content=\"summary_large_image\" \/>\n<meta name=\"twitter:label1\" content=\"\u00c9crit par\" \/>\n\t<meta name=\"twitter:data1\" content=\"nlaermans\" \/>\n\t<meta name=\"twitter:label2\" content=\"Dur\u00e9e de lecture estim\u00e9e\" \/>\n\t<meta name=\"twitter:data2\" content=\"2 minutes\" \/>\n<script type=\"application\/ld+json\" class=\"yoast-schema-graph\">{\"@context\":\"https:\/\/schema.org\",\"@graph\":[{\"@type\":\"WebPage\",\"@id\":\"https:\/\/mocliege.be\/ciep-verviers\/spa-28-01-grainotheque-apprenez-a-reconnaitre-le-frelon-asiatique-pour-mieux-agir\/\",\"url\":\"https:\/\/mocliege.be\/ciep-verviers\/spa-28-01-grainotheque-apprenez-a-reconnaitre-le-frelon-asiatique-pour-mieux-agir\/\",\"name\":\"Spa | 28\/01 | Grainoth\u00e8que: Apprenez \u00e0 reconna\u00eetre le frelon asiatique pour agir - Ciep-verviers\",\"isPartOf\":{\"@id\":\"https:\/\/mocliege.be\/ciep-verviers\/#website\"},\"datePublished\":\"2026-01-07T11:40:41+00:00\",\"dateModified\":\"2026-01-29T13:36:58+00:00\",\"author\":{\"@id\":\"https:\/\/mocliege.be\/ciep-verviers\/#\/schema\/person\/26283e812b371323e9e5f18fbdd33d6b\"},\"breadcrumb\":{\"@id\":\"https:\/\/mocliege.be\/ciep-verviers\/spa-28-01-grainotheque-apprenez-a-reconnaitre-le-frelon-asiatique-pour-mieux-agir\/#breadcrumb\"},\"inLanguage\":\"fr-FR\",\"potentialAction\":[{\"@type\":\"ReadAction\",\"target\":[\"https:\/\/mocliege.be\/ciep-verviers\/spa-28-01-grainotheque-apprenez-a-reconnaitre-le-frelon-asiatique-pour-mieux-agir\/\"]}]},{\"@type\":\"BreadcrumbList\",\"@id\":\"https:\/\/mocliege.be\/ciep-verviers\/spa-28-01-grainotheque-apprenez-a-reconnaitre-le-frelon-asiatique-pour-mieux-agir\/#breadcrumb\",\"itemListElement\":[{\"@type\":\"ListItem\",\"position\":1,\"name\":\"Accueil\",\"item\":\"https:\/\/mocliege.be\/ciep-verviers\/\"},{\"@type\":\"ListItem\",\"position\":2,\"name\":\"Spa | 28\/01 | Grainoth\u00e8que: Apprenez \u00e0 reconna\u00eetre le frelon asiatique pour agir\"}]},{\"@type\":\"WebSite\",\"@id\":\"https:\/\/mocliege.be\/ciep-verviers\/#website\",\"url\":\"https:\/\/mocliege.be\/ciep-verviers\/\",\"name\":\"Ciep-verviers\",\"description\":\"Un site utilisant Sites du MOC - Li\u00e8ge\",\"potentialAction\":[{\"@type\":\"SearchAction\",\"target\":{\"@type\":\"EntryPoint\",\"urlTemplate\":\"https:\/\/mocliege.be\/ciep-verviers\/?s={search_term_string}\"},\"query-input\":\"required name=search_term_string\"}],\"inLanguage\":\"fr-FR\"},{\"@type\":\"Person\",\"@id\":\"https:\/\/mocliege.be\/ciep-verviers\/#\/schema\/person\/26283e812b371323e9e5f18fbdd33d6b\",\"name\":\"nlaermans\",\"image\":{\"@type\":\"ImageObject\",\"inLanguage\":\"fr-FR\",\"@id\":\"https:\/\/mocliege.be\/ciep-verviers\/#\/schema\/person\/image\/\",\"url\":\"https:\/\/secure.gravatar.com\/avatar\/bbefd6fbf0498a667ea40c2b873b73ea?s=96&d=mm&r=g\",\"contentUrl\":\"https:\/\/secure.gravatar.com\/avatar\/bbefd6fbf0498a667ea40c2b873b73ea?s=96&d=mm&r=g\",\"caption\":\"nlaermans\"},\"url\":\"https:\/\/mocliege.be\/ciep-verviers\/author\/nlaermans\/\"}]}<\/script>\n<!-- \/ Yoast SEO plugin. -->","yoast_head_json":{"title":"Spa | 28\/01 | Grainoth\u00e8que: Apprenez \u00e0 reconna\u00eetre le frelon asiatique pour agir - Ciep-verviers","robots":{"index":"index","follow":"follow","max-snippet":"max-snippet:-1","max-image-preview":"max-image-preview:large","max-video-preview":"max-video-preview:-1"},"canonical":"https:\/\/mocliege.be\/ciep-verviers\/spa-28-01-grainotheque-apprenez-a-reconnaitre-le-frelon-asiatique-pour-mieux-agir\/","og_locale":"fr_FR","og_type":"article","og_title":"Spa | 28\/01 | Grainoth\u00e8que: Apprenez \u00e0 reconna\u00eetre le frelon asiatique pour agir - Ciep-verviers","og_description":"Le frelon asiatique est un insecte invasif qui inqui\u00e8te de plus en plus citoyens, apiculteurs [&hellip;]","og_url":"https:\/\/mocliege.be\/ciep-verviers\/spa-28-01-grainotheque-apprenez-a-reconnaitre-le-frelon-asiatique-pour-mieux-agir\/","og_site_name":"Ciep-verviers","article_published_time":"2026-01-07T11:40:41+00:00","article_modified_time":"2026-01-29T13:36:58+00:00","og_image":[{"width":1002,"height":482,"url":"https:\/\/mocliege.be\/ciep-verviers\/wp-content\/uploads\/sites\/6\/2026\/01\/1.jpg","type":"image\/jpeg"}],"author":"nlaermans","twitter_card":"summary_large_image","twitter_misc":{"\u00c9crit par":"nlaermans","Dur\u00e9e de lecture estim\u00e9e":"2 minutes"},"schema":{"@context":"https:\/\/schema.org","@graph":[{"@type":"WebPage","@id":"https:\/\/mocliege.be\/ciep-verviers\/spa-28-01-grainotheque-apprenez-a-reconnaitre-le-frelon-asiatique-pour-mieux-agir\/","url":"https:\/\/mocliege.be\/ciep-verviers\/spa-28-01-grainotheque-apprenez-a-reconnaitre-le-frelon-asiatique-pour-mieux-agir\/","name":"Spa | 28\/01 | Grainoth\u00e8que: Apprenez \u00e0 reconna\u00eetre le frelon asiatique pour agir - Ciep-verviers","isPartOf":{"@id":"https:\/\/mocliege.be\/ciep-verviers\/#website"},"datePublished":"2026-01-07T11:40:41+00:00","dateModified":"2026-01-29T13:36:58+00:00","author":{"@id":"https:\/\/mocliege.be\/ciep-verviers\/#\/schema\/person\/26283e812b371323e9e5f18fbdd33d6b"},"breadcrumb":{"@id":"https:\/\/mocliege.be\/ciep-verviers\/spa-28-01-grainotheque-apprenez-a-reconnaitre-le-frelon-asiatique-pour-mieux-agir\/#breadcrumb"},"inLanguage":"fr-FR","potentialAction":[{"@type":"ReadAction","target":["https:\/\/mocliege.be\/ciep-verviers\/spa-28-01-grainotheque-apprenez-a-reconnaitre-le-frelon-asiatique-pour-mieux-agir\/"]}]},{"@type":"BreadcrumbList","@id":"https:\/\/mocliege.be\/ciep-verviers\/spa-28-01-grainotheque-apprenez-a-reconnaitre-le-frelon-asiatique-pour-mieux-agir\/#breadcrumb","itemListElement":[{"@type":"ListItem","position":1,"name":"Accueil","item":"https:\/\/mocliege.be\/ciep-verviers\/"},{"@type":"ListItem","position":2,"name":"Spa | 28\/01 | Grainoth\u00e8que: Apprenez \u00e0 reconna\u00eetre le frelon asiatique pour agir"}]},{"@type":"WebSite","@id":"https:\/\/mocliege.be\/ciep-verviers\/#website","url":"https:\/\/mocliege.be\/ciep-verviers\/","name":"Ciep-verviers","description":"Un site utilisant Sites du MOC - Li\u00e8ge","potentialAction":[{"@type":"SearchAction","target":{"@type":"EntryPoint","urlTemplate":"https:\/\/mocliege.be\/ciep-verviers\/?s={search_term_string}"},"query-input":"required name=search_term_string"}],"inLanguage":"fr-FR"},{"@type":"Person","@id":"https:\/\/mocliege.be\/ciep-verviers\/#\/schema\/person\/26283e812b371323e9e5f18fbdd33d6b","name":"nlaermans","image":{"@type":"ImageObject","inLanguage":"fr-FR","@id":"https:\/\/mocliege.be\/ciep-verviers\/#\/schema\/person\/image\/","url":"https:\/\/secure.gravatar.com\/avatar\/bbefd6fbf0498a667ea40c2b873b73ea?s=96&d=mm&r=g","contentUrl":"https:\/\/secure.gravatar.com\/avatar\/bbefd6fbf0498a667ea40c2b873b73ea?s=96&d=mm&r=g","caption":"nlaermans"},"url":"https:\/\/mocliege.be\/ciep-verviers\/author\/nlaermans\/"}]}},"_links":{"self":[{"href":"https:\/\/mocliege.be\/ciep-verviers\/wp-json\/wp\/v2\/posts\/2642"}],"collection":[{"href":"https:\/\/mocliege.be\/ciep-verviers\/wp-json\/wp\/v2\/posts"}],"about":[{"href":"https:\/\/mocliege.be\/ciep-verviers\/wp-json\/wp\/v2\/types\/post"}],"author":[{"embeddable":true,"href":"https:\/\/mocliege.be\/ciep-verviers\/wp-json\/wp\/v2\/users\/9"}],"replies":[{"embeddable":true,"href":"https:\/\/mocliege.be\/ciep-verviers\/wp-json\/wp\/v2\/comments?post=2642"}],"version-history":[{"count":3,"href":"https:\/\/mocliege.be\/ciep-verviers\/wp-json\/wp\/v2\/posts\/2642\/revisions"}],"predecessor-version":[{"id":2652,"href":"https:\/\/mocliege.be\/ciep-verviers\/wp-json\/wp\/v2\/posts\/2642\/revisions\/2652"}],"wp:featuredmedia":[{"embeddable":true,"href":"https:\/\/mocliege.be\/ciep-verviers\/wp-json\/wp\/v2\/media\/2643"}],"wp:attachment":[{"href":"https:\/\/mocliege.be\/ciep-verviers\/wp-json\/wp\/v2\/media?parent=2642"}],"wp:term":[{"taxonomy":"category","embeddable":true,"href":"https:\/\/mocliege.be\/ciep-verviers\/wp-json\/wp\/v2\/categories?post=2642"},{"taxonomy":"post_tag","embeddable":true,"href":"https:\/\/mocliege.be\/ciep-verviers\/wp-json\/wp\/v2\/tags?post=2642"}],"curies":[{"name":"wp","href":"https:\/\/api.w.org\/{rel}","templated":true}]}}