{"id":2648,"date":"2026-01-07T12:30:04","date_gmt":"2026-01-07T11:30:04","guid":{"rendered":"https:\/\/mocliege.be\/ciep-verviers\/?p=2648"},"modified":"2026-01-29T14:37:15","modified_gmt":"2026-01-29T13:37:15","slug":"verviers-27-01-grainotheque-comment-vivre-a-verviers-sans-mourir-de-chaud","status":"publish","type":"post","link":"https:\/\/mocliege.be\/ciep-verviers\/verviers-27-01-grainotheque-comment-vivre-a-verviers-sans-mourir-de-chaud\/","title":{"rendered":"Verviers | 27\/01 | Grainoth\u00e8que: Comment vivre \u00e0 Verviers sans mourir de chaud ?"},"content":{"rendered":"<p data-start=\"212\" data-end=\"539\"><img loading=\"lazy\" decoding=\"async\" class=\" wp-image-2650 alignright\" src=\"https:\/\/mocliege.be\/ciep-verviers\/wp-content\/uploads\/sites\/6\/2026\/01\/Affiches-Ciep-Liege-A3-14-724x1024.jpg\" alt=\"\" width=\"453\" height=\"641\" srcset=\"https:\/\/mocliege.be\/ciep-verviers\/wp-content\/uploads\/sites\/6\/2026\/01\/Affiches-Ciep-Liege-A3-14-724x1024.jpg 724w, https:\/\/mocliege.be\/ciep-verviers\/wp-content\/uploads\/sites\/6\/2026\/01\/Affiches-Ciep-Liege-A3-14-212x300.jpg 212w, https:\/\/mocliege.be\/ciep-verviers\/wp-content\/uploads\/sites\/6\/2026\/01\/Affiches-Ciep-Liege-A3-14-768x1086.jpg 768w, https:\/\/mocliege.be\/ciep-verviers\/wp-content\/uploads\/sites\/6\/2026\/01\/Affiches-Ciep-Liege-A3-14-1086x1536.jpg 1086w, https:\/\/mocliege.be\/ciep-verviers\/wp-content\/uploads\/sites\/6\/2026\/01\/Affiches-Ciep-Liege-A3-14-45x64.jpg 45w, https:\/\/mocliege.be\/ciep-verviers\/wp-content\/uploads\/sites\/6\/2026\/01\/Affiches-Ciep-Liege-A3-14-177x250.jpg 177w, https:\/\/mocliege.be\/ciep-verviers\/wp-content\/uploads\/sites\/6\/2026\/01\/Affiches-Ciep-Liege-A3-14-53x75.jpg 53w, https:\/\/mocliege.be\/ciep-verviers\/wp-content\/uploads\/sites\/6\/2026\/01\/Affiches-Ciep-Liege-A3-14-150x212.jpg 150w, https:\/\/mocliege.be\/ciep-verviers\/wp-content\/uploads\/sites\/6\/2026\/01\/Affiches-Ciep-Liege-A3-14-450x636.jpg 450w, https:\/\/mocliege.be\/ciep-verviers\/wp-content\/uploads\/sites\/6\/2026\/01\/Affiches-Ciep-Liege-A3-14-600x849.jpg 600w, https:\/\/mocliege.be\/ciep-verviers\/wp-content\/uploads\/sites\/6\/2026\/01\/Affiches-Ciep-Liege-A3-14-1200x1697.jpg 1200w, https:\/\/mocliege.be\/ciep-verviers\/wp-content\/uploads\/sites\/6\/2026\/01\/Affiches-Ciep-Liege-A3-14.jpg 1414w\" sizes=\"(max-width: 453px) 100vw, 453px\" \/>Les \u00e9pisodes de chaleur intense sont de plus en plus fr\u00e9quents et Verviers n\u2019y \u00e9chappe pas. B\u00e9ton, manque d\u2019ombre, imperm\u00e9abilisation des sols : la ville accumule la chaleur et peine parfois \u00e0 respirer. Face \u00e0 ces constats, une question s\u2019impose : <strong data-start=\"460\" data-end=\"539\">comment rendre Verviers plus fra\u00eeche, plus verte et plus agr\u00e9able \u00e0 vivre ?<\/strong><\/p>\n<p data-start=\"541\" data-end=\"726\">C\u2019est autour de ces enjeux concrets qu\u2019une <strong data-start=\"584\" data-end=\"614\">conf\u00e9rence-d\u00e9bat citoyenne<\/strong> est organis\u00e9e \u00e0 Verviers. Une invitation \u00e0 r\u00e9fl\u00e9chir ensemble aux solutions possibles, accessibles et durables.<\/p>\n<h2 data-start=\"728\" data-end=\"797\"><strong>La v\u00e9g\u00e9talisation urbaine : une vraie solution face \u00e0 la chaleur ?<\/strong><\/h2>\n<p data-start=\"799\" data-end=\"942\">La nature en ville n\u2019est pas qu\u2019une question d\u2019esth\u00e9tique. Arbres, espaces verts, sols perm\u00e9ables et v\u00e9g\u00e9tation jouent un r\u00f4le essentiel pour :<\/p>\n<ul data-start=\"944\" data-end=\"1084\">\n<li data-start=\"944\" data-end=\"975\">\n<p data-start=\"946\" data-end=\"975\">r\u00e9duire les \u00eelots de chaleur<\/p>\n<\/li>\n<li data-start=\"976\" data-end=\"1011\">\n<p data-start=\"978\" data-end=\"1011\">limiter les risques d\u2019inondation<\/p>\n<\/li>\n<li data-start=\"1012\" data-end=\"1044\">\n<p data-start=\"1014\" data-end=\"1044\">am\u00e9liorer la qualit\u00e9 de l\u2019air<\/p>\n<\/li>\n<li data-start=\"1045\" data-end=\"1084\">\n<p data-start=\"1047\" data-end=\"1084\">renforcer le bien-\u00eatre des habitants<\/p>\n<\/li>\n<\/ul>\n<p data-start=\"1086\" data-end=\"1317\">Mais comment ces principes peuvent-ils \u00eatre appliqu\u00e9s \u00e0 Verviers ? Quels projets existent d\u00e9j\u00e0 et lesquels verront bient\u00f4t le jour ? Cette rencontre permettra de faire le point sur les r\u00e9alit\u00e9s locales et les perspectives d\u2019avenir.<\/p>\n<h2 data-start=\"1319\" data-end=\"1370\"><strong>Une conf\u00e9rence-d\u00e9bat ouverte \u00e0 tous les citoyens<\/strong><\/h2>\n<p data-start=\"1372\" data-end=\"1551\">Cette soir\u00e9e se veut participative et accessible. Elle s\u2019adresse \u00e0 toutes les personnes qui vivent \u00e0 Verviers et qui s\u2019interrogent, de pr\u00e8s ou de loin, sur l\u2019avenir de leur ville.<\/p>\n<p data-start=\"1553\" data-end=\"1594\">Les questions abord\u00e9es seront notamment :<\/p>\n<ul data-start=\"1595\" data-end=\"1906\">\n<li data-start=\"1595\" data-end=\"1663\">\n<p data-start=\"1597\" data-end=\"1663\">La nature peut-elle vraiment am\u00e9liorer notre cadre de vie urbain ?<\/p>\n<\/li>\n<li data-start=\"1664\" data-end=\"1747\">\n<p data-start=\"1666\" data-end=\"1747\">Comment la v\u00e9g\u00e9tation aide-t-elle \u00e0 lutter contre la chaleur et les inondations ?<\/p>\n<\/li>\n<li data-start=\"1748\" data-end=\"1815\">\n<p data-start=\"1750\" data-end=\"1815\">Quel r\u00f4le les citoyens peuvent-ils jouer dans les projets verts ?<\/p>\n<\/li>\n<li data-start=\"1816\" data-end=\"1906\">\n<p data-start=\"1818\" data-end=\"1906\">Quels espaces de Verviers sont d\u00e9j\u00e0 en train de se verdir et lesquels arrivent bient\u00f4t ?<\/p>\n<\/li>\n<\/ul>\n<p data-start=\"1908\" data-end=\"2079\">La conf\u00e9rence sera anim\u00e9e par <strong data-start=\"1938\" data-end=\"1959\">Benjamin Robinson<\/strong>, du <a href=\"https:\/\/www.artau.be\/realisations\/\"><strong data-start=\"1964\" data-end=\"1995\">Bureau d\u2019architecture ARTAU<\/strong><\/a>, qui apportera son regard d\u2019expert sur les enjeux d\u2019urbanisme et de v\u00e9g\u00e9talisation.<\/p>\n<h2 data-start=\"2081\" data-end=\"2121\"><strong>Informations\u00a0<\/strong><\/h2>\n<ul>\n<li data-start=\"2123\" data-end=\"2296\"><strong data-start=\"2126\" data-end=\"2137\">Quand ?<\/strong> Mardi 27 janvier\u00a0\u00e0 19h<\/li>\n<li data-start=\"2123\" data-end=\"2296\"><strong data-start=\"2179\" data-end=\"2187\">O\u00f9 ?<\/strong> Rue du Palais 25, 4800 Verviers<\/li>\n<li data-start=\"2123\" data-end=\"2296\"><strong data-start=\"2229\" data-end=\"2238\">Infos et inscriptions<\/strong>\u00a0: <a class=\"decorated-link cursor-pointer\" href=\"mailto:alleman@mocliege.org\" rel=\"noopener\" data-start=\"2274\" data-end=\"2294\">alleman@mocliege.org<\/a> \/ 0485 81 33 09<\/li>\n<li data-start=\"2123\" data-end=\"2296\"><a href=\"https:\/\/fb.me\/e\/arvDfhbGz\"><strong data-start=\"2301\" data-end=\"2350\">\u00c9v\u00e9nement Facebook<\/strong><\/a><\/li>\n<\/ul>\n<p data-start=\"2352\" data-end=\"2399\">Cette conf\u00e9rence-d\u00e9bat organis\u00e9e en partenariat avec la <a href=\"https:\/\/bibliotheque.verviers.be\/animations\/2026\/comment-vivre-a-verviers-sans-mourir-de-chaud\"><strong data-start=\"2422\" data-end=\"2450\">Biblioth\u00e8que de Verviers <\/strong><\/a>est une occasion unique de <strong data-start=\"2541\" data-end=\"2583\">prendre part \u00e0 la r\u00e9flexion collective<\/strong> et d\u2019imaginer, ensemble, une ville de Verviers plus fra\u00eeche, plus verte et plus r\u00e9siliente face aux changements climatiques. Votre avis compte : <strong data-start=\"2731\" data-end=\"2767\">venez participer \u00e0 la discussion<\/strong>.<\/p>\n","protected":false},"excerpt":{"rendered":"<p>Les \u00e9pisodes de chaleur intense sont de plus en plus fr\u00e9quents et Verviers n\u2019y \u00e9chappe [&hellip;]<\/p>\n","protected":false},"author":9,"featured_media":2649,"comment_status":"open","ping_status":"open","sticky":false,"template":"","format":"standard","meta":{"_monsterinsights_skip_tracking":false,"_monsterinsights_sitenote_active":false,"_monsterinsights_sitenote_note":"","_monsterinsights_sitenote_category":0,"footnotes":""},"categories":[1],"tags":[11],"acf":[],"yoast_head":"<!-- This site is optimized with the Yoast SEO plugin v19.14 - https:\/\/yoast.com\/wordpress\/plugins\/seo\/ -->\n<title>Verviers | 27\/01 | Grainoth\u00e8que: Comment vivre \u00e0 Verviers sans mourir de chaud ? - Ciep-verviers<\/title>\n<meta name=\"robots\" content=\"index, follow, max-snippet:-1, max-image-preview:large, max-video-preview:-1\" \/>\n<link rel=\"canonical\" href=\"https:\/\/mocliege.be\/ciep-verviers\/verviers-27-01-grainotheque-comment-vivre-a-verviers-sans-mourir-de-chaud\/\" \/>\n<meta property=\"og:locale\" content=\"fr_FR\" \/>\n<meta property=\"og:type\" content=\"article\" \/>\n<meta property=\"og:title\" content=\"Verviers | 27\/01 | Grainoth\u00e8que: Comment vivre \u00e0 Verviers sans mourir de chaud ? - Ciep-verviers\" \/>\n<meta property=\"og:description\" content=\"Les \u00e9pisodes de chaleur intense sont de plus en plus fr\u00e9quents et Verviers n\u2019y \u00e9chappe [&hellip;]\" \/>\n<meta property=\"og:url\" content=\"https:\/\/mocliege.be\/ciep-verviers\/verviers-27-01-grainotheque-comment-vivre-a-verviers-sans-mourir-de-chaud\/\" \/>\n<meta property=\"og:site_name\" content=\"Ciep-verviers\" \/>\n<meta property=\"article:published_time\" content=\"2026-01-07T11:30:04+00:00\" \/>\n<meta property=\"article:modified_time\" content=\"2026-01-29T13:37:15+00:00\" \/>\n<meta property=\"og:image\" content=\"https:\/\/mocliege.be\/ciep-verviers\/wp-content\/uploads\/sites\/6\/2026\/01\/2.jpg\" \/>\n\t<meta property=\"og:image:width\" content=\"1002\" \/>\n\t<meta property=\"og:image:height\" content=\"482\" \/>\n\t<meta property=\"og:image:type\" content=\"image\/jpeg\" \/>\n<meta name=\"author\" content=\"nlaermans\" \/>\n<meta name=\"twitter:card\" content=\"summary_large_image\" \/>\n<meta name=\"twitter:label1\" content=\"\u00c9crit par\" \/>\n\t<meta name=\"twitter:data1\" content=\"nlaermans\" \/>\n\t<meta name=\"twitter:label2\" content=\"Dur\u00e9e de lecture estim\u00e9e\" \/>\n\t<meta name=\"twitter:data2\" content=\"2 minutes\" \/>\n<script type=\"application\/ld+json\" class=\"yoast-schema-graph\">{\"@context\":\"https:\/\/schema.org\",\"@graph\":[{\"@type\":\"WebPage\",\"@id\":\"https:\/\/mocliege.be\/ciep-verviers\/verviers-27-01-grainotheque-comment-vivre-a-verviers-sans-mourir-de-chaud\/\",\"url\":\"https:\/\/mocliege.be\/ciep-verviers\/verviers-27-01-grainotheque-comment-vivre-a-verviers-sans-mourir-de-chaud\/\",\"name\":\"Verviers | 27\/01 | Grainoth\u00e8que: Comment vivre \u00e0 Verviers sans mourir de chaud ? - Ciep-verviers\",\"isPartOf\":{\"@id\":\"https:\/\/mocliege.be\/ciep-verviers\/#website\"},\"datePublished\":\"2026-01-07T11:30:04+00:00\",\"dateModified\":\"2026-01-29T13:37:15+00:00\",\"author\":{\"@id\":\"https:\/\/mocliege.be\/ciep-verviers\/#\/schema\/person\/26283e812b371323e9e5f18fbdd33d6b\"},\"breadcrumb\":{\"@id\":\"https:\/\/mocliege.be\/ciep-verviers\/verviers-27-01-grainotheque-comment-vivre-a-verviers-sans-mourir-de-chaud\/#breadcrumb\"},\"inLanguage\":\"fr-FR\",\"potentialAction\":[{\"@type\":\"ReadAction\",\"target\":[\"https:\/\/mocliege.be\/ciep-verviers\/verviers-27-01-grainotheque-comment-vivre-a-verviers-sans-mourir-de-chaud\/\"]}]},{\"@type\":\"BreadcrumbList\",\"@id\":\"https:\/\/mocliege.be\/ciep-verviers\/verviers-27-01-grainotheque-comment-vivre-a-verviers-sans-mourir-de-chaud\/#breadcrumb\",\"itemListElement\":[{\"@type\":\"ListItem\",\"position\":1,\"name\":\"Accueil\",\"item\":\"https:\/\/mocliege.be\/ciep-verviers\/\"},{\"@type\":\"ListItem\",\"position\":2,\"name\":\"Verviers | 27\/01 | Grainoth\u00e8que: Comment vivre \u00e0 Verviers sans mourir de chaud ?\"}]},{\"@type\":\"WebSite\",\"@id\":\"https:\/\/mocliege.be\/ciep-verviers\/#website\",\"url\":\"https:\/\/mocliege.be\/ciep-verviers\/\",\"name\":\"Ciep-verviers\",\"description\":\"Un site utilisant Sites du MOC - Li\u00e8ge\",\"potentialAction\":[{\"@type\":\"SearchAction\",\"target\":{\"@type\":\"EntryPoint\",\"urlTemplate\":\"https:\/\/mocliege.be\/ciep-verviers\/?s={search_term_string}\"},\"query-input\":\"required name=search_term_string\"}],\"inLanguage\":\"fr-FR\"},{\"@type\":\"Person\",\"@id\":\"https:\/\/mocliege.be\/ciep-verviers\/#\/schema\/person\/26283e812b371323e9e5f18fbdd33d6b\",\"name\":\"nlaermans\",\"image\":{\"@type\":\"ImageObject\",\"inLanguage\":\"fr-FR\",\"@id\":\"https:\/\/mocliege.be\/ciep-verviers\/#\/schema\/person\/image\/\",\"url\":\"https:\/\/secure.gravatar.com\/avatar\/bbefd6fbf0498a667ea40c2b873b73ea?s=96&d=mm&r=g\",\"contentUrl\":\"https:\/\/secure.gravatar.com\/avatar\/bbefd6fbf0498a667ea40c2b873b73ea?s=96&d=mm&r=g\",\"caption\":\"nlaermans\"},\"url\":\"https:\/\/mocliege.be\/ciep-verviers\/author\/nlaermans\/\"}]}<\/script>\n<!-- \/ Yoast SEO plugin. -->","yoast_head_json":{"title":"Verviers | 27\/01 | Grainoth\u00e8que: Comment vivre \u00e0 Verviers sans mourir de chaud ? - Ciep-verviers","robots":{"index":"index","follow":"follow","max-snippet":"max-snippet:-1","max-image-preview":"max-image-preview:large","max-video-preview":"max-video-preview:-1"},"canonical":"https:\/\/mocliege.be\/ciep-verviers\/verviers-27-01-grainotheque-comment-vivre-a-verviers-sans-mourir-de-chaud\/","og_locale":"fr_FR","og_type":"article","og_title":"Verviers | 27\/01 | Grainoth\u00e8que: Comment vivre \u00e0 Verviers sans mourir de chaud ? - Ciep-verviers","og_description":"Les \u00e9pisodes de chaleur intense sont de plus en plus fr\u00e9quents et Verviers n\u2019y \u00e9chappe [&hellip;]","og_url":"https:\/\/mocliege.be\/ciep-verviers\/verviers-27-01-grainotheque-comment-vivre-a-verviers-sans-mourir-de-chaud\/","og_site_name":"Ciep-verviers","article_published_time":"2026-01-07T11:30:04+00:00","article_modified_time":"2026-01-29T13:37:15+00:00","og_image":[{"width":1002,"height":482,"url":"https:\/\/mocliege.be\/ciep-verviers\/wp-content\/uploads\/sites\/6\/2026\/01\/2.jpg","type":"image\/jpeg"}],"author":"nlaermans","twitter_card":"summary_large_image","twitter_misc":{"\u00c9crit par":"nlaermans","Dur\u00e9e de lecture estim\u00e9e":"2 minutes"},"schema":{"@context":"https:\/\/schema.org","@graph":[{"@type":"WebPage","@id":"https:\/\/mocliege.be\/ciep-verviers\/verviers-27-01-grainotheque-comment-vivre-a-verviers-sans-mourir-de-chaud\/","url":"https:\/\/mocliege.be\/ciep-verviers\/verviers-27-01-grainotheque-comment-vivre-a-verviers-sans-mourir-de-chaud\/","name":"Verviers | 27\/01 | Grainoth\u00e8que: Comment vivre \u00e0 Verviers sans mourir de chaud ? - Ciep-verviers","isPartOf":{"@id":"https:\/\/mocliege.be\/ciep-verviers\/#website"},"datePublished":"2026-01-07T11:30:04+00:00","dateModified":"2026-01-29T13:37:15+00:00","author":{"@id":"https:\/\/mocliege.be\/ciep-verviers\/#\/schema\/person\/26283e812b371323e9e5f18fbdd33d6b"},"breadcrumb":{"@id":"https:\/\/mocliege.be\/ciep-verviers\/verviers-27-01-grainotheque-comment-vivre-a-verviers-sans-mourir-de-chaud\/#breadcrumb"},"inLanguage":"fr-FR","potentialAction":[{"@type":"ReadAction","target":["https:\/\/mocliege.be\/ciep-verviers\/verviers-27-01-grainotheque-comment-vivre-a-verviers-sans-mourir-de-chaud\/"]}]},{"@type":"BreadcrumbList","@id":"https:\/\/mocliege.be\/ciep-verviers\/verviers-27-01-grainotheque-comment-vivre-a-verviers-sans-mourir-de-chaud\/#breadcrumb","itemListElement":[{"@type":"ListItem","position":1,"name":"Accueil","item":"https:\/\/mocliege.be\/ciep-verviers\/"},{"@type":"ListItem","position":2,"name":"Verviers | 27\/01 | Grainoth\u00e8que: Comment vivre \u00e0 Verviers sans mourir de chaud ?"}]},{"@type":"WebSite","@id":"https:\/\/mocliege.be\/ciep-verviers\/#website","url":"https:\/\/mocliege.be\/ciep-verviers\/","name":"Ciep-verviers","description":"Un site utilisant Sites du MOC - Li\u00e8ge","potentialAction":[{"@type":"SearchAction","target":{"@type":"EntryPoint","urlTemplate":"https:\/\/mocliege.be\/ciep-verviers\/?s={search_term_string}"},"query-input":"required name=search_term_string"}],"inLanguage":"fr-FR"},{"@type":"Person","@id":"https:\/\/mocliege.be\/ciep-verviers\/#\/schema\/person\/26283e812b371323e9e5f18fbdd33d6b","name":"nlaermans","image":{"@type":"ImageObject","inLanguage":"fr-FR","@id":"https:\/\/mocliege.be\/ciep-verviers\/#\/schema\/person\/image\/","url":"https:\/\/secure.gravatar.com\/avatar\/bbefd6fbf0498a667ea40c2b873b73ea?s=96&d=mm&r=g","contentUrl":"https:\/\/secure.gravatar.com\/avatar\/bbefd6fbf0498a667ea40c2b873b73ea?s=96&d=mm&r=g","caption":"nlaermans"},"url":"https:\/\/mocliege.be\/ciep-verviers\/author\/nlaermans\/"}]}},"_links":{"self":[{"href":"https:\/\/mocliege.be\/ciep-verviers\/wp-json\/wp\/v2\/posts\/2648"}],"collection":[{"href":"https:\/\/mocliege.be\/ciep-verviers\/wp-json\/wp\/v2\/posts"}],"about":[{"href":"https:\/\/mocliege.be\/ciep-verviers\/wp-json\/wp\/v2\/types\/post"}],"author":[{"embeddable":true,"href":"https:\/\/mocliege.be\/ciep-verviers\/wp-json\/wp\/v2\/users\/9"}],"replies":[{"embeddable":true,"href":"https:\/\/mocliege.be\/ciep-verviers\/wp-json\/wp\/v2\/comments?post=2648"}],"version-history":[{"count":1,"href":"https:\/\/mocliege.be\/ciep-verviers\/wp-json\/wp\/v2\/posts\/2648\/revisions"}],"predecessor-version":[{"id":2651,"href":"https:\/\/mocliege.be\/ciep-verviers\/wp-json\/wp\/v2\/posts\/2648\/revisions\/2651"}],"wp:featuredmedia":[{"embeddable":true,"href":"https:\/\/mocliege.be\/ciep-verviers\/wp-json\/wp\/v2\/media\/2649"}],"wp:attachment":[{"href":"https:\/\/mocliege.be\/ciep-verviers\/wp-json\/wp\/v2\/media?parent=2648"}],"wp:term":[{"taxonomy":"category","embeddable":true,"href":"https:\/\/mocliege.be\/ciep-verviers\/wp-json\/wp\/v2\/categories?post=2648"},{"taxonomy":"post_tag","embeddable":true,"href":"https:\/\/mocliege.be\/ciep-verviers\/wp-json\/wp\/v2\/tags?post=2648"}],"curies":[{"name":"wp","href":"https:\/\/api.w.org\/{rel}","templated":true}]}}