{"id":2769,"date":"2026-04-13T08:10:34","date_gmt":"2026-04-13T06:10:34","guid":{"rendered":"https:\/\/mocliege.be\/ciep-verviers\/?p=2769"},"modified":"2026-04-15T23:07:30","modified_gmt":"2026-04-15T21:07:30","slug":"malmedy-15-04-le-travail-interimaire-les-avantages-inconvenients-et-pieges-a-eviter","status":"publish","type":"post","link":"https:\/\/mocliege.be\/ciep-verviers\/malmedy-15-04-le-travail-interimaire-les-avantages-inconvenients-et-pieges-a-eviter\/","title":{"rendered":"Malmedy | 15\/04 | Le travail int\u00e9rimaire : les avantages, inconv\u00e9nients et pi\u00e8ges \u00e0 \u00e9viter"},"content":{"rendered":"<h2><span class=\"a_GcMg font-feature-liga-off font-feature-clig-off font-feature-calt-off text-decoration-none text-strikethrough-none\">Int\u00e9rim : questions, droits, opportunit\u00e9s\u2026 On vous\u00a0<\/span><span class=\"a_GcMg font-feature-liga-off font-feature-clig-off font-feature-calt-off text-decoration-none text-strikethrough-none\">explique tout lors de notre s\u00e9ance d\u2019information !<\/span><\/h2>\n<p>Cette s\u00e9ance d\u2019information a pour objectif de vous \u00e9clairer sur les sp\u00e9cificit\u00e9s du travail int\u00e9rimaire, une forme d\u2019emploi de plus en plus r\u00e9pandue, mais souvent mal connue. Que vous soyez \u00e9tudiant, int\u00e9rimaire, en recherche d\u2019emploi ou simplement curieux, cette s\u00e9ance vous permettra de mieux comprendre les opportunit\u00e9s et les d\u00e9fis li\u00e9s \u00e0 ce type de contrat.<\/p>\n<p>Un temps d\u2019\u00e9change sera pr\u00e9vu pour r\u00e9pondre \u00e0 toutes vos questions.<\/p>\n<p>Avec l&rsquo;intervention du service int\u00e9rimaire de la <a href=\"https:\/\/www.lacsc.be\/csc-liege-verviers-ostbelgien\/contact-et-horaires\">CSC Li\u00e8ge-Verviers-Ostbelgien<\/a>.<\/p>\n<p>&nbsp;<\/p>\n<h3>Informations pratiques<\/h3>\n<ul>\n<li>Le 15 avril \u00e0 18h (accueil d\u00e8s 17h45)<\/li>\n<li>A la MC de Malmedy (Rue Malgrave 3, Malmedy)<\/li>\n<li>Entr\u00e9e gratuite<\/li>\n<\/ul>\n<p>&nbsp;<\/p>\n<h3>Contact et inscription souhait\u00e9e<\/h3>\n<div>\n<div>\n<div>\n<p><a href=\"mailto:sfickers@acv-csc.be\">sfickers@acv-csc.be<\/a> &#8211; 0473 92 39 79 (par sms uniquement)<\/p>\n<\/div>\n<\/div>\n<\/div>\n<p><img loading=\"lazy\" decoding=\"async\" class=\" wp-image-2770 aligncenter\" src=\"https:\/\/mocliege.be\/ciep-verviers\/wp-content\/uploads\/sites\/6\/2026\/03\/GAL-Malmedy-Affiche-15-04-2026-1-212x300.jpg\" alt=\"\" width=\"425\" height=\"601\" srcset=\"https:\/\/mocliege.be\/ciep-verviers\/wp-content\/uploads\/sites\/6\/2026\/03\/GAL-Malmedy-Affiche-15-04-2026-1-212x300.jpg 212w, https:\/\/mocliege.be\/ciep-verviers\/wp-content\/uploads\/sites\/6\/2026\/03\/GAL-Malmedy-Affiche-15-04-2026-1-724x1024.jpg 724w, https:\/\/mocliege.be\/ciep-verviers\/wp-content\/uploads\/sites\/6\/2026\/03\/GAL-Malmedy-Affiche-15-04-2026-1-768x1086.jpg 768w, https:\/\/mocliege.be\/ciep-verviers\/wp-content\/uploads\/sites\/6\/2026\/03\/GAL-Malmedy-Affiche-15-04-2026-1-1086x1536.jpg 1086w, https:\/\/mocliege.be\/ciep-verviers\/wp-content\/uploads\/sites\/6\/2026\/03\/GAL-Malmedy-Affiche-15-04-2026-1-1448x2048.jpg 1448w, https:\/\/mocliege.be\/ciep-verviers\/wp-content\/uploads\/sites\/6\/2026\/03\/GAL-Malmedy-Affiche-15-04-2026-1-45x64.jpg 45w, https:\/\/mocliege.be\/ciep-verviers\/wp-content\/uploads\/sites\/6\/2026\/03\/GAL-Malmedy-Affiche-15-04-2026-1-177x250.jpg 177w, https:\/\/mocliege.be\/ciep-verviers\/wp-content\/uploads\/sites\/6\/2026\/03\/GAL-Malmedy-Affiche-15-04-2026-1-53x75.jpg 53w, https:\/\/mocliege.be\/ciep-verviers\/wp-content\/uploads\/sites\/6\/2026\/03\/GAL-Malmedy-Affiche-15-04-2026-1-150x212.jpg 150w, https:\/\/mocliege.be\/ciep-verviers\/wp-content\/uploads\/sites\/6\/2026\/03\/GAL-Malmedy-Affiche-15-04-2026-1-450x637.jpg 450w, https:\/\/mocliege.be\/ciep-verviers\/wp-content\/uploads\/sites\/6\/2026\/03\/GAL-Malmedy-Affiche-15-04-2026-1-600x849.jpg 600w, https:\/\/mocliege.be\/ciep-verviers\/wp-content\/uploads\/sites\/6\/2026\/03\/GAL-Malmedy-Affiche-15-04-2026-1-1200x1698.jpg 1200w, https:\/\/mocliege.be\/ciep-verviers\/wp-content\/uploads\/sites\/6\/2026\/03\/GAL-Malmedy-Affiche-15-04-2026-1.jpg 1587w\" sizes=\"(max-width: 425px) 100vw, 425px\" \/><\/p>\n<article class=\"content col-10 offset-1 col-lg-8 offset-lg-2\">\n<div class=\"txt-content col-12\">\n<p>&nbsp;<\/p>\n<p><em>Une activit\u00e9 organis\u00e9e par le GAL (Groupe d\u2019action local) de Malmedy compos\u00e9 du CIEP, de la CSC, de la Mutualit\u00e9 chr\u00e9tienne et des Equipes Populaires.<\/em><\/p>\n<\/div>\n<\/article>\n","protected":false},"excerpt":{"rendered":"<p>Int\u00e9rim : questions, droits, opportunit\u00e9s\u2026 On vous\u00a0explique tout lors de notre s\u00e9ance d\u2019information ! Cette [&hellip;]<\/p>\n","protected":false},"author":17,"featured_media":2770,"comment_status":"open","ping_status":"open","sticky":false,"template":"","format":"standard","meta":{"_monsterinsights_skip_tracking":false,"_monsterinsights_sitenote_active":false,"_monsterinsights_sitenote_note":"","_monsterinsights_sitenote_category":0,"footnotes":""},"categories":[1],"tags":[11],"acf":[],"yoast_head":"<!-- This site is optimized with the Yoast SEO plugin v19.14 - https:\/\/yoast.com\/wordpress\/plugins\/seo\/ -->\n<title>Malmedy | 15\/04 | Le travail int\u00e9rimaire : les avantages, inconv\u00e9nients et pi\u00e8ges \u00e0 \u00e9viter - Ciep-verviers<\/title>\n<meta name=\"robots\" content=\"index, follow, max-snippet:-1, max-image-preview:large, max-video-preview:-1\" \/>\n<link rel=\"canonical\" href=\"https:\/\/mocliege.be\/ciep-verviers\/malmedy-15-04-le-travail-interimaire-les-avantages-inconvenients-et-pieges-a-eviter\/\" \/>\n<meta property=\"og:locale\" content=\"fr_FR\" \/>\n<meta property=\"og:type\" content=\"article\" \/>\n<meta property=\"og:title\" content=\"Malmedy | 15\/04 | Le travail int\u00e9rimaire : les avantages, inconv\u00e9nients et pi\u00e8ges \u00e0 \u00e9viter - Ciep-verviers\" \/>\n<meta property=\"og:description\" content=\"Int\u00e9rim : questions, droits, opportunit\u00e9s\u2026 On vous\u00a0explique tout lors de notre s\u00e9ance d\u2019information ! Cette [&hellip;]\" \/>\n<meta property=\"og:url\" content=\"https:\/\/mocliege.be\/ciep-verviers\/malmedy-15-04-le-travail-interimaire-les-avantages-inconvenients-et-pieges-a-eviter\/\" \/>\n<meta property=\"og:site_name\" content=\"Ciep-verviers\" \/>\n<meta property=\"article:published_time\" content=\"2026-04-13T06:10:34+00:00\" \/>\n<meta property=\"article:modified_time\" content=\"2026-04-15T21:07:30+00:00\" \/>\n<meta property=\"og:image\" content=\"https:\/\/mocliege.be\/ciep-verviers\/wp-content\/uploads\/sites\/6\/2026\/03\/GAL-Malmedy-Affiche-15-04-2026-1.jpg\" \/>\n\t<meta property=\"og:image:width\" content=\"1587\" \/>\n\t<meta property=\"og:image:height\" content=\"2245\" \/>\n\t<meta property=\"og:image:type\" content=\"image\/jpeg\" \/>\n<meta name=\"author\" content=\"leysten\" \/>\n<meta name=\"twitter:card\" content=\"summary_large_image\" \/>\n<meta name=\"twitter:label1\" content=\"\u00c9crit par\" \/>\n\t<meta name=\"twitter:data1\" content=\"leysten\" \/>\n\t<meta name=\"twitter:label2\" content=\"Dur\u00e9e de lecture estim\u00e9e\" \/>\n\t<meta name=\"twitter:data2\" content=\"1 minute\" \/>\n<script type=\"application\/ld+json\" class=\"yoast-schema-graph\">{\"@context\":\"https:\/\/schema.org\",\"@graph\":[{\"@type\":\"WebPage\",\"@id\":\"https:\/\/mocliege.be\/ciep-verviers\/malmedy-15-04-le-travail-interimaire-les-avantages-inconvenients-et-pieges-a-eviter\/\",\"url\":\"https:\/\/mocliege.be\/ciep-verviers\/malmedy-15-04-le-travail-interimaire-les-avantages-inconvenients-et-pieges-a-eviter\/\",\"name\":\"Malmedy | 15\/04 | Le travail int\u00e9rimaire : les avantages, inconv\u00e9nients et pi\u00e8ges \u00e0 \u00e9viter - Ciep-verviers\",\"isPartOf\":{\"@id\":\"https:\/\/mocliege.be\/ciep-verviers\/#website\"},\"datePublished\":\"2026-04-13T06:10:34+00:00\",\"dateModified\":\"2026-04-15T21:07:30+00:00\",\"author\":{\"@id\":\"https:\/\/mocliege.be\/ciep-verviers\/#\/schema\/person\/7b93d1557a445ae7e3b25e6c34ac0a09\"},\"breadcrumb\":{\"@id\":\"https:\/\/mocliege.be\/ciep-verviers\/malmedy-15-04-le-travail-interimaire-les-avantages-inconvenients-et-pieges-a-eviter\/#breadcrumb\"},\"inLanguage\":\"fr-FR\",\"potentialAction\":[{\"@type\":\"ReadAction\",\"target\":[\"https:\/\/mocliege.be\/ciep-verviers\/malmedy-15-04-le-travail-interimaire-les-avantages-inconvenients-et-pieges-a-eviter\/\"]}]},{\"@type\":\"BreadcrumbList\",\"@id\":\"https:\/\/mocliege.be\/ciep-verviers\/malmedy-15-04-le-travail-interimaire-les-avantages-inconvenients-et-pieges-a-eviter\/#breadcrumb\",\"itemListElement\":[{\"@type\":\"ListItem\",\"position\":1,\"name\":\"Accueil\",\"item\":\"https:\/\/mocliege.be\/ciep-verviers\/\"},{\"@type\":\"ListItem\",\"position\":2,\"name\":\"Malmedy | 15\/04 | Le travail int\u00e9rimaire : les avantages, inconv\u00e9nients et pi\u00e8ges \u00e0 \u00e9viter\"}]},{\"@type\":\"WebSite\",\"@id\":\"https:\/\/mocliege.be\/ciep-verviers\/#website\",\"url\":\"https:\/\/mocliege.be\/ciep-verviers\/\",\"name\":\"Ciep-verviers\",\"description\":\"Un site utilisant Sites du MOC - Li\u00e8ge\",\"potentialAction\":[{\"@type\":\"SearchAction\",\"target\":{\"@type\":\"EntryPoint\",\"urlTemplate\":\"https:\/\/mocliege.be\/ciep-verviers\/?s={search_term_string}\"},\"query-input\":\"required name=search_term_string\"}],\"inLanguage\":\"fr-FR\"},{\"@type\":\"Person\",\"@id\":\"https:\/\/mocliege.be\/ciep-verviers\/#\/schema\/person\/7b93d1557a445ae7e3b25e6c34ac0a09\",\"name\":\"leysten\",\"image\":{\"@type\":\"ImageObject\",\"inLanguage\":\"fr-FR\",\"@id\":\"https:\/\/mocliege.be\/ciep-verviers\/#\/schema\/person\/image\/\",\"url\":\"https:\/\/secure.gravatar.com\/avatar\/649ab73f8cfba33ce337612dfcf51c0d?s=96&d=mm&r=g\",\"contentUrl\":\"https:\/\/secure.gravatar.com\/avatar\/649ab73f8cfba33ce337612dfcf51c0d?s=96&d=mm&r=g\",\"caption\":\"leysten\"},\"url\":\"https:\/\/mocliege.be\/ciep-verviers\/author\/leysten\/\"}]}<\/script>\n<!-- \/ Yoast SEO plugin. -->","yoast_head_json":{"title":"Malmedy | 15\/04 | Le travail int\u00e9rimaire : les avantages, inconv\u00e9nients et pi\u00e8ges \u00e0 \u00e9viter - Ciep-verviers","robots":{"index":"index","follow":"follow","max-snippet":"max-snippet:-1","max-image-preview":"max-image-preview:large","max-video-preview":"max-video-preview:-1"},"canonical":"https:\/\/mocliege.be\/ciep-verviers\/malmedy-15-04-le-travail-interimaire-les-avantages-inconvenients-et-pieges-a-eviter\/","og_locale":"fr_FR","og_type":"article","og_title":"Malmedy | 15\/04 | Le travail int\u00e9rimaire : les avantages, inconv\u00e9nients et pi\u00e8ges \u00e0 \u00e9viter - Ciep-verviers","og_description":"Int\u00e9rim : questions, droits, opportunit\u00e9s\u2026 On vous\u00a0explique tout lors de notre s\u00e9ance d\u2019information ! Cette [&hellip;]","og_url":"https:\/\/mocliege.be\/ciep-verviers\/malmedy-15-04-le-travail-interimaire-les-avantages-inconvenients-et-pieges-a-eviter\/","og_site_name":"Ciep-verviers","article_published_time":"2026-04-13T06:10:34+00:00","article_modified_time":"2026-04-15T21:07:30+00:00","og_image":[{"width":1587,"height":2245,"url":"https:\/\/mocliege.be\/ciep-verviers\/wp-content\/uploads\/sites\/6\/2026\/03\/GAL-Malmedy-Affiche-15-04-2026-1.jpg","type":"image\/jpeg"}],"author":"leysten","twitter_card":"summary_large_image","twitter_misc":{"\u00c9crit par":"leysten","Dur\u00e9e de lecture estim\u00e9e":"1 minute"},"schema":{"@context":"https:\/\/schema.org","@graph":[{"@type":"WebPage","@id":"https:\/\/mocliege.be\/ciep-verviers\/malmedy-15-04-le-travail-interimaire-les-avantages-inconvenients-et-pieges-a-eviter\/","url":"https:\/\/mocliege.be\/ciep-verviers\/malmedy-15-04-le-travail-interimaire-les-avantages-inconvenients-et-pieges-a-eviter\/","name":"Malmedy | 15\/04 | Le travail int\u00e9rimaire : les avantages, inconv\u00e9nients et pi\u00e8ges \u00e0 \u00e9viter - Ciep-verviers","isPartOf":{"@id":"https:\/\/mocliege.be\/ciep-verviers\/#website"},"datePublished":"2026-04-13T06:10:34+00:00","dateModified":"2026-04-15T21:07:30+00:00","author":{"@id":"https:\/\/mocliege.be\/ciep-verviers\/#\/schema\/person\/7b93d1557a445ae7e3b25e6c34ac0a09"},"breadcrumb":{"@id":"https:\/\/mocliege.be\/ciep-verviers\/malmedy-15-04-le-travail-interimaire-les-avantages-inconvenients-et-pieges-a-eviter\/#breadcrumb"},"inLanguage":"fr-FR","potentialAction":[{"@type":"ReadAction","target":["https:\/\/mocliege.be\/ciep-verviers\/malmedy-15-04-le-travail-interimaire-les-avantages-inconvenients-et-pieges-a-eviter\/"]}]},{"@type":"BreadcrumbList","@id":"https:\/\/mocliege.be\/ciep-verviers\/malmedy-15-04-le-travail-interimaire-les-avantages-inconvenients-et-pieges-a-eviter\/#breadcrumb","itemListElement":[{"@type":"ListItem","position":1,"name":"Accueil","item":"https:\/\/mocliege.be\/ciep-verviers\/"},{"@type":"ListItem","position":2,"name":"Malmedy | 15\/04 | Le travail int\u00e9rimaire : les avantages, inconv\u00e9nients et pi\u00e8ges \u00e0 \u00e9viter"}]},{"@type":"WebSite","@id":"https:\/\/mocliege.be\/ciep-verviers\/#website","url":"https:\/\/mocliege.be\/ciep-verviers\/","name":"Ciep-verviers","description":"Un site utilisant Sites du MOC - Li\u00e8ge","potentialAction":[{"@type":"SearchAction","target":{"@type":"EntryPoint","urlTemplate":"https:\/\/mocliege.be\/ciep-verviers\/?s={search_term_string}"},"query-input":"required name=search_term_string"}],"inLanguage":"fr-FR"},{"@type":"Person","@id":"https:\/\/mocliege.be\/ciep-verviers\/#\/schema\/person\/7b93d1557a445ae7e3b25e6c34ac0a09","name":"leysten","image":{"@type":"ImageObject","inLanguage":"fr-FR","@id":"https:\/\/mocliege.be\/ciep-verviers\/#\/schema\/person\/image\/","url":"https:\/\/secure.gravatar.com\/avatar\/649ab73f8cfba33ce337612dfcf51c0d?s=96&d=mm&r=g","contentUrl":"https:\/\/secure.gravatar.com\/avatar\/649ab73f8cfba33ce337612dfcf51c0d?s=96&d=mm&r=g","caption":"leysten"},"url":"https:\/\/mocliege.be\/ciep-verviers\/author\/leysten\/"}]}},"_links":{"self":[{"href":"https:\/\/mocliege.be\/ciep-verviers\/wp-json\/wp\/v2\/posts\/2769"}],"collection":[{"href":"https:\/\/mocliege.be\/ciep-verviers\/wp-json\/wp\/v2\/posts"}],"about":[{"href":"https:\/\/mocliege.be\/ciep-verviers\/wp-json\/wp\/v2\/types\/post"}],"author":[{"embeddable":true,"href":"https:\/\/mocliege.be\/ciep-verviers\/wp-json\/wp\/v2\/users\/17"}],"replies":[{"embeddable":true,"href":"https:\/\/mocliege.be\/ciep-verviers\/wp-json\/wp\/v2\/comments?post=2769"}],"version-history":[{"count":2,"href":"https:\/\/mocliege.be\/ciep-verviers\/wp-json\/wp\/v2\/posts\/2769\/revisions"}],"predecessor-version":[{"id":2800,"href":"https:\/\/mocliege.be\/ciep-verviers\/wp-json\/wp\/v2\/posts\/2769\/revisions\/2800"}],"wp:featuredmedia":[{"embeddable":true,"href":"https:\/\/mocliege.be\/ciep-verviers\/wp-json\/wp\/v2\/media\/2770"}],"wp:attachment":[{"href":"https:\/\/mocliege.be\/ciep-verviers\/wp-json\/wp\/v2\/media?parent=2769"}],"wp:term":[{"taxonomy":"category","embeddable":true,"href":"https:\/\/mocliege.be\/ciep-verviers\/wp-json\/wp\/v2\/categories?post=2769"},{"taxonomy":"post_tag","embeddable":true,"href":"https:\/\/mocliege.be\/ciep-verviers\/wp-json\/wp\/v2\/tags?post=2769"}],"curies":[{"name":"wp","href":"https:\/\/api.w.org\/{rel}","templated":true}]}}