{"id":2772,"date":"2026-04-13T10:00:11","date_gmt":"2026-04-13T08:00:11","guid":{"rendered":"https:\/\/mocliege.be\/ciep-verviers\/?p=2772"},"modified":"2026-04-13T11:08:41","modified_gmt":"2026-04-13T09:08:41","slug":"verviers-18-04-repair-cafe-de-verviers","status":"publish","type":"post","link":"https:\/\/mocliege.be\/ciep-verviers\/verviers-18-04-repair-cafe-de-verviers\/","title":{"rendered":"Verviers | 18\/04 | Repair Caf\u00e9 de Verviers"},"content":{"rendered":"<h2>Deuxi\u00e8me Repair Caf\u00e9 de Verviers en 2026 \u2013 Donnons une seconde vie \u00e0 vos objets !<\/h2>\n<ul>\n<li>\u00a0Quand ? Samedi 18 avril 2026<\/li>\n<li>\u00a0Horaire : 13h-16h<\/li>\n<li>\u00a0O\u00f9 ? ARC \u2013 Place G\u00e9n\u00e9ral Jacques 16, Verviers<\/li>\n<\/ul>\n<p>Un objet en panne ? Une lampe qui clignote ? Un v\u00e9lo qui grince ?<\/p>\n<p>Ne le jetez pas, r\u00e9parez-le avec nous ! Dans un monde o\u00f9 les ressources naturelles se rar\u00e9fient, r\u00e9parer plut\u00f4t que jeter devient un geste essentiel pour pr\u00e9server notre plan\u00e8te et limiter notre impact sur l\u2019environnement. Ne laissez pas vos objets finir \u00e0 la poubelle : le Repair Caf\u00e9 de Verviers vous accueille pour apprendre \u00e0 les r\u00e9parer, ensemble et gratuitement !<\/p>\n<p>&nbsp;<\/p>\n<p><strong>\u00a0Ateliers propos\u00e9s (sous r\u00e9serve) :<\/strong><\/p>\n<ul>\n<li>Bois \u2013 Meubles, jouets, petits objets en bois<\/li>\n<li>Petit \u00e9lectrom\u00e9nager \u2013 Grille-pain, aspirateur, fer \u00e0 repasser, lampe\u2026 (sauf \u00e9crans plats, smartphones et gros \u00e9lectrom\u00e9nager)<\/li>\n<li>Informatique \u2013 Ordi, imprimante<\/li>\n<li>V\u00e9los \u2013 R\u00e9glages, crevaisons, freins, entretien<\/li>\n<li>Couture \u2013 Boutons, retouches (sauf tirettes)<\/li>\n<li>Aff\u00fbtage \u2013 Couteaux, ciseaux, outils<\/li>\n<\/ul>\n<p><strong>\u00a0<\/strong><\/p>\n<p><strong>Pourquoi venir ?<\/strong><\/p>\n<ul>\n<li>\u00a0\u00c9conomisez en \u00e9vitant d\u2019acheter du neuf<\/li>\n<li>\u00a0Apprenez \u00e0 r\u00e9parer vous-m\u00eame, guid\u00e9\u00b7e par nos b\u00e9n\u00e9voles expert\u00b7e\u00b7s<\/li>\n<li>\u00a0Agissez pour la plan\u00e8te en r\u00e9duisant vos d\u00e9chets<\/li>\n<li>\u00a0Rencontrez vos voisin\u00b7e\u00b7s dans une ambiance chaleureuse<\/li>\n<\/ul>\n<p>Entr\u00e9e libre \u2013 Prix libre<\/p>\n<p>Ouvert \u00e0 tou\u00b7te\u00b7s, d\u00e9butant\u00b7e\u00b7s bienvenu\u00b7e\u00b7s !<\/p>\n<p>&nbsp;<\/p>\n<p><strong>Infos &amp; contact :<\/strong><\/p>\n<ul>\n<li><a href=\"mailto:repairverviers@gmail.com\">repairverviers@gmail.com<\/a><\/li>\n<li>087\/22.87.87<\/li>\n<\/ul>\n<p>Venez avec vos objets, votre bonne humeur et l\u2019envie d\u2019apprendre ! Gratuit, convivial et \u00e9colo !<\/p>\n<p>Co-organis\u00e9 par : l\u2019ARC, le CIEP et le Centre Culturel de Verviers<\/p>\n<p>&nbsp;<\/p>\n<p><img loading=\"lazy\" decoding=\"async\" class=\"wp-image-2773 aligncenter\" src=\"https:\/\/mocliege.be\/ciep-verviers\/wp-content\/uploads\/sites\/6\/2026\/03\/Affiches_Repair-Cafe-Verviers-212x300.jpg\" alt=\"\" width=\"493\" height=\"698\" srcset=\"https:\/\/mocliege.be\/ciep-verviers\/wp-content\/uploads\/sites\/6\/2026\/03\/Affiches_Repair-Cafe-Verviers-212x300.jpg 212w, https:\/\/mocliege.be\/ciep-verviers\/wp-content\/uploads\/sites\/6\/2026\/03\/Affiches_Repair-Cafe-Verviers-724x1024.jpg 724w, https:\/\/mocliege.be\/ciep-verviers\/wp-content\/uploads\/sites\/6\/2026\/03\/Affiches_Repair-Cafe-Verviers-768x1086.jpg 768w, https:\/\/mocliege.be\/ciep-verviers\/wp-content\/uploads\/sites\/6\/2026\/03\/Affiches_Repair-Cafe-Verviers-1086x1536.jpg 1086w, https:\/\/mocliege.be\/ciep-verviers\/wp-content\/uploads\/sites\/6\/2026\/03\/Affiches_Repair-Cafe-Verviers-45x64.jpg 45w, https:\/\/mocliege.be\/ciep-verviers\/wp-content\/uploads\/sites\/6\/2026\/03\/Affiches_Repair-Cafe-Verviers-177x250.jpg 177w, https:\/\/mocliege.be\/ciep-verviers\/wp-content\/uploads\/sites\/6\/2026\/03\/Affiches_Repair-Cafe-Verviers-53x75.jpg 53w, https:\/\/mocliege.be\/ciep-verviers\/wp-content\/uploads\/sites\/6\/2026\/03\/Affiches_Repair-Cafe-Verviers-150x212.jpg 150w, https:\/\/mocliege.be\/ciep-verviers\/wp-content\/uploads\/sites\/6\/2026\/03\/Affiches_Repair-Cafe-Verviers-450x636.jpg 450w, https:\/\/mocliege.be\/ciep-verviers\/wp-content\/uploads\/sites\/6\/2026\/03\/Affiches_Repair-Cafe-Verviers-600x849.jpg 600w, https:\/\/mocliege.be\/ciep-verviers\/wp-content\/uploads\/sites\/6\/2026\/03\/Affiches_Repair-Cafe-Verviers-1200x1697.jpg 1200w, https:\/\/mocliege.be\/ciep-verviers\/wp-content\/uploads\/sites\/6\/2026\/03\/Affiches_Repair-Cafe-Verviers.jpg 1414w\" sizes=\"(max-width: 493px) 100vw, 493px\" \/><\/p>\n","protected":false},"excerpt":{"rendered":"<p>Deuxi\u00e8me Repair Caf\u00e9 de Verviers en 2026 \u2013 Donnons une seconde vie \u00e0 vos objets [&hellip;]<\/p>\n","protected":false},"author":17,"featured_media":2773,"comment_status":"open","ping_status":"open","sticky":false,"template":"","format":"standard","meta":{"_monsterinsights_skip_tracking":false,"_monsterinsights_sitenote_active":false,"_monsterinsights_sitenote_note":"","_monsterinsights_sitenote_category":0,"footnotes":""},"categories":[1],"tags":[11],"acf":[],"yoast_head":"<!-- This site is optimized with the Yoast SEO plugin v19.14 - https:\/\/yoast.com\/wordpress\/plugins\/seo\/ -->\n<title>Verviers | 18\/04 | Repair Caf\u00e9 de Verviers - Ciep-verviers<\/title>\n<meta name=\"robots\" content=\"index, follow, max-snippet:-1, max-image-preview:large, max-video-preview:-1\" \/>\n<link rel=\"canonical\" href=\"https:\/\/mocliege.be\/ciep-verviers\/verviers-18-04-repair-cafe-de-verviers\/\" \/>\n<meta property=\"og:locale\" content=\"fr_FR\" \/>\n<meta property=\"og:type\" content=\"article\" \/>\n<meta property=\"og:title\" content=\"Verviers | 18\/04 | Repair Caf\u00e9 de Verviers - Ciep-verviers\" \/>\n<meta property=\"og:description\" content=\"Deuxi\u00e8me Repair Caf\u00e9 de Verviers en 2026 \u2013 Donnons une seconde vie \u00e0 vos objets [&hellip;]\" \/>\n<meta property=\"og:url\" content=\"https:\/\/mocliege.be\/ciep-verviers\/verviers-18-04-repair-cafe-de-verviers\/\" \/>\n<meta property=\"og:site_name\" content=\"Ciep-verviers\" \/>\n<meta property=\"article:published_time\" content=\"2026-04-13T08:00:11+00:00\" \/>\n<meta property=\"article:modified_time\" content=\"2026-04-13T09:08:41+00:00\" \/>\n<meta property=\"og:image\" content=\"https:\/\/mocliege.be\/ciep-verviers\/wp-content\/uploads\/sites\/6\/2026\/03\/Affiches_Repair-Cafe-Verviers.jpg\" \/>\n\t<meta property=\"og:image:width\" content=\"1414\" \/>\n\t<meta property=\"og:image:height\" content=\"2000\" \/>\n\t<meta property=\"og:image:type\" content=\"image\/jpeg\" \/>\n<meta name=\"author\" content=\"leysten\" \/>\n<meta name=\"twitter:card\" content=\"summary_large_image\" \/>\n<meta name=\"twitter:label1\" content=\"\u00c9crit par\" \/>\n\t<meta name=\"twitter:data1\" content=\"leysten\" \/>\n\t<meta name=\"twitter:label2\" content=\"Dur\u00e9e de lecture estim\u00e9e\" \/>\n\t<meta name=\"twitter:data2\" content=\"1 minute\" \/>\n<script type=\"application\/ld+json\" class=\"yoast-schema-graph\">{\"@context\":\"https:\/\/schema.org\",\"@graph\":[{\"@type\":\"WebPage\",\"@id\":\"https:\/\/mocliege.be\/ciep-verviers\/verviers-18-04-repair-cafe-de-verviers\/\",\"url\":\"https:\/\/mocliege.be\/ciep-verviers\/verviers-18-04-repair-cafe-de-verviers\/\",\"name\":\"Verviers | 18\/04 | Repair Caf\u00e9 de Verviers - Ciep-verviers\",\"isPartOf\":{\"@id\":\"https:\/\/mocliege.be\/ciep-verviers\/#website\"},\"datePublished\":\"2026-04-13T08:00:11+00:00\",\"dateModified\":\"2026-04-13T09:08:41+00:00\",\"author\":{\"@id\":\"https:\/\/mocliege.be\/ciep-verviers\/#\/schema\/person\/7b93d1557a445ae7e3b25e6c34ac0a09\"},\"breadcrumb\":{\"@id\":\"https:\/\/mocliege.be\/ciep-verviers\/verviers-18-04-repair-cafe-de-verviers\/#breadcrumb\"},\"inLanguage\":\"fr-FR\",\"potentialAction\":[{\"@type\":\"ReadAction\",\"target\":[\"https:\/\/mocliege.be\/ciep-verviers\/verviers-18-04-repair-cafe-de-verviers\/\"]}]},{\"@type\":\"BreadcrumbList\",\"@id\":\"https:\/\/mocliege.be\/ciep-verviers\/verviers-18-04-repair-cafe-de-verviers\/#breadcrumb\",\"itemListElement\":[{\"@type\":\"ListItem\",\"position\":1,\"name\":\"Accueil\",\"item\":\"https:\/\/mocliege.be\/ciep-verviers\/\"},{\"@type\":\"ListItem\",\"position\":2,\"name\":\"Verviers | 18\/04 | Repair Caf\u00e9 de Verviers\"}]},{\"@type\":\"WebSite\",\"@id\":\"https:\/\/mocliege.be\/ciep-verviers\/#website\",\"url\":\"https:\/\/mocliege.be\/ciep-verviers\/\",\"name\":\"Ciep-verviers\",\"description\":\"Un site utilisant Sites du MOC - Li\u00e8ge\",\"potentialAction\":[{\"@type\":\"SearchAction\",\"target\":{\"@type\":\"EntryPoint\",\"urlTemplate\":\"https:\/\/mocliege.be\/ciep-verviers\/?s={search_term_string}\"},\"query-input\":\"required name=search_term_string\"}],\"inLanguage\":\"fr-FR\"},{\"@type\":\"Person\",\"@id\":\"https:\/\/mocliege.be\/ciep-verviers\/#\/schema\/person\/7b93d1557a445ae7e3b25e6c34ac0a09\",\"name\":\"leysten\",\"image\":{\"@type\":\"ImageObject\",\"inLanguage\":\"fr-FR\",\"@id\":\"https:\/\/mocliege.be\/ciep-verviers\/#\/schema\/person\/image\/\",\"url\":\"https:\/\/secure.gravatar.com\/avatar\/649ab73f8cfba33ce337612dfcf51c0d?s=96&d=mm&r=g\",\"contentUrl\":\"https:\/\/secure.gravatar.com\/avatar\/649ab73f8cfba33ce337612dfcf51c0d?s=96&d=mm&r=g\",\"caption\":\"leysten\"},\"url\":\"https:\/\/mocliege.be\/ciep-verviers\/author\/leysten\/\"}]}<\/script>\n<!-- \/ Yoast SEO plugin. -->","yoast_head_json":{"title":"Verviers | 18\/04 | Repair Caf\u00e9 de Verviers - Ciep-verviers","robots":{"index":"index","follow":"follow","max-snippet":"max-snippet:-1","max-image-preview":"max-image-preview:large","max-video-preview":"max-video-preview:-1"},"canonical":"https:\/\/mocliege.be\/ciep-verviers\/verviers-18-04-repair-cafe-de-verviers\/","og_locale":"fr_FR","og_type":"article","og_title":"Verviers | 18\/04 | Repair Caf\u00e9 de Verviers - Ciep-verviers","og_description":"Deuxi\u00e8me Repair Caf\u00e9 de Verviers en 2026 \u2013 Donnons une seconde vie \u00e0 vos objets [&hellip;]","og_url":"https:\/\/mocliege.be\/ciep-verviers\/verviers-18-04-repair-cafe-de-verviers\/","og_site_name":"Ciep-verviers","article_published_time":"2026-04-13T08:00:11+00:00","article_modified_time":"2026-04-13T09:08:41+00:00","og_image":[{"width":1414,"height":2000,"url":"https:\/\/mocliege.be\/ciep-verviers\/wp-content\/uploads\/sites\/6\/2026\/03\/Affiches_Repair-Cafe-Verviers.jpg","type":"image\/jpeg"}],"author":"leysten","twitter_card":"summary_large_image","twitter_misc":{"\u00c9crit par":"leysten","Dur\u00e9e de lecture estim\u00e9e":"1 minute"},"schema":{"@context":"https:\/\/schema.org","@graph":[{"@type":"WebPage","@id":"https:\/\/mocliege.be\/ciep-verviers\/verviers-18-04-repair-cafe-de-verviers\/","url":"https:\/\/mocliege.be\/ciep-verviers\/verviers-18-04-repair-cafe-de-verviers\/","name":"Verviers | 18\/04 | Repair Caf\u00e9 de Verviers - Ciep-verviers","isPartOf":{"@id":"https:\/\/mocliege.be\/ciep-verviers\/#website"},"datePublished":"2026-04-13T08:00:11+00:00","dateModified":"2026-04-13T09:08:41+00:00","author":{"@id":"https:\/\/mocliege.be\/ciep-verviers\/#\/schema\/person\/7b93d1557a445ae7e3b25e6c34ac0a09"},"breadcrumb":{"@id":"https:\/\/mocliege.be\/ciep-verviers\/verviers-18-04-repair-cafe-de-verviers\/#breadcrumb"},"inLanguage":"fr-FR","potentialAction":[{"@type":"ReadAction","target":["https:\/\/mocliege.be\/ciep-verviers\/verviers-18-04-repair-cafe-de-verviers\/"]}]},{"@type":"BreadcrumbList","@id":"https:\/\/mocliege.be\/ciep-verviers\/verviers-18-04-repair-cafe-de-verviers\/#breadcrumb","itemListElement":[{"@type":"ListItem","position":1,"name":"Accueil","item":"https:\/\/mocliege.be\/ciep-verviers\/"},{"@type":"ListItem","position":2,"name":"Verviers | 18\/04 | Repair Caf\u00e9 de Verviers"}]},{"@type":"WebSite","@id":"https:\/\/mocliege.be\/ciep-verviers\/#website","url":"https:\/\/mocliege.be\/ciep-verviers\/","name":"Ciep-verviers","description":"Un site utilisant Sites du MOC - Li\u00e8ge","potentialAction":[{"@type":"SearchAction","target":{"@type":"EntryPoint","urlTemplate":"https:\/\/mocliege.be\/ciep-verviers\/?s={search_term_string}"},"query-input":"required name=search_term_string"}],"inLanguage":"fr-FR"},{"@type":"Person","@id":"https:\/\/mocliege.be\/ciep-verviers\/#\/schema\/person\/7b93d1557a445ae7e3b25e6c34ac0a09","name":"leysten","image":{"@type":"ImageObject","inLanguage":"fr-FR","@id":"https:\/\/mocliege.be\/ciep-verviers\/#\/schema\/person\/image\/","url":"https:\/\/secure.gravatar.com\/avatar\/649ab73f8cfba33ce337612dfcf51c0d?s=96&d=mm&r=g","contentUrl":"https:\/\/secure.gravatar.com\/avatar\/649ab73f8cfba33ce337612dfcf51c0d?s=96&d=mm&r=g","caption":"leysten"},"url":"https:\/\/mocliege.be\/ciep-verviers\/author\/leysten\/"}]}},"_links":{"self":[{"href":"https:\/\/mocliege.be\/ciep-verviers\/wp-json\/wp\/v2\/posts\/2772"}],"collection":[{"href":"https:\/\/mocliege.be\/ciep-verviers\/wp-json\/wp\/v2\/posts"}],"about":[{"href":"https:\/\/mocliege.be\/ciep-verviers\/wp-json\/wp\/v2\/types\/post"}],"author":[{"embeddable":true,"href":"https:\/\/mocliege.be\/ciep-verviers\/wp-json\/wp\/v2\/users\/17"}],"replies":[{"embeddable":true,"href":"https:\/\/mocliege.be\/ciep-verviers\/wp-json\/wp\/v2\/comments?post=2772"}],"version-history":[{"count":4,"href":"https:\/\/mocliege.be\/ciep-verviers\/wp-json\/wp\/v2\/posts\/2772\/revisions"}],"predecessor-version":[{"id":2777,"href":"https:\/\/mocliege.be\/ciep-verviers\/wp-json\/wp\/v2\/posts\/2772\/revisions\/2777"}],"wp:featuredmedia":[{"embeddable":true,"href":"https:\/\/mocliege.be\/ciep-verviers\/wp-json\/wp\/v2\/media\/2773"}],"wp:attachment":[{"href":"https:\/\/mocliege.be\/ciep-verviers\/wp-json\/wp\/v2\/media?parent=2772"}],"wp:term":[{"taxonomy":"category","embeddable":true,"href":"https:\/\/mocliege.be\/ciep-verviers\/wp-json\/wp\/v2\/categories?post=2772"},{"taxonomy":"post_tag","embeddable":true,"href":"https:\/\/mocliege.be\/ciep-verviers\/wp-json\/wp\/v2\/tags?post=2772"}],"curies":[{"name":"wp","href":"https:\/\/api.w.org\/{rel}","templated":true}]}}