{"id":2786,"date":"2026-03-05T15:58:52","date_gmt":"2026-03-05T14:58:52","guid":{"rendered":"https:\/\/mocliege.be\/ciep-verviers\/?p=2786"},"modified":"2026-03-05T16:18:21","modified_gmt":"2026-03-05T15:18:21","slug":"besoin-daide-la-permanence-sociale-du-ciep-verviers-est-la-pour-vous-chaque-jeudi","status":"publish","type":"post","link":"https:\/\/mocliege.be\/ciep-verviers\/besoin-daide-la-permanence-sociale-du-ciep-verviers-est-la-pour-vous-chaque-jeudi\/","title":{"rendered":"Besoin d&rsquo;aide ? La permanence sociale du CIEP Verviers est l\u00e0 pour vous chaque jeudi !"},"content":{"rendered":"<p><img loading=\"lazy\" decoding=\"async\" class=\" wp-image-2793 alignright\" src=\"https:\/\/mocliege.be\/ciep-verviers\/wp-content\/uploads\/sites\/6\/2026\/03\/Animation-energieLogement-1-724x1024.jpg\" alt=\"\" width=\"489\" height=\"692\" srcset=\"https:\/\/mocliege.be\/ciep-verviers\/wp-content\/uploads\/sites\/6\/2026\/03\/Animation-energieLogement-1-724x1024.jpg 724w, https:\/\/mocliege.be\/ciep-verviers\/wp-content\/uploads\/sites\/6\/2026\/03\/Animation-energieLogement-1-212x300.jpg 212w, https:\/\/mocliege.be\/ciep-verviers\/wp-content\/uploads\/sites\/6\/2026\/03\/Animation-energieLogement-1-768x1086.jpg 768w, https:\/\/mocliege.be\/ciep-verviers\/wp-content\/uploads\/sites\/6\/2026\/03\/Animation-energieLogement-1-1086x1536.jpg 1086w, https:\/\/mocliege.be\/ciep-verviers\/wp-content\/uploads\/sites\/6\/2026\/03\/Animation-energieLogement-1-45x64.jpg 45w, https:\/\/mocliege.be\/ciep-verviers\/wp-content\/uploads\/sites\/6\/2026\/03\/Animation-energieLogement-1-177x250.jpg 177w, https:\/\/mocliege.be\/ciep-verviers\/wp-content\/uploads\/sites\/6\/2026\/03\/Animation-energieLogement-1-53x75.jpg 53w, https:\/\/mocliege.be\/ciep-verviers\/wp-content\/uploads\/sites\/6\/2026\/03\/Animation-energieLogement-1-150x212.jpg 150w, https:\/\/mocliege.be\/ciep-verviers\/wp-content\/uploads\/sites\/6\/2026\/03\/Animation-energieLogement-1-450x636.jpg 450w, https:\/\/mocliege.be\/ciep-verviers\/wp-content\/uploads\/sites\/6\/2026\/03\/Animation-energieLogement-1-600x849.jpg 600w, https:\/\/mocliege.be\/ciep-verviers\/wp-content\/uploads\/sites\/6\/2026\/03\/Animation-energieLogement-1-1200x1697.jpg 1200w, https:\/\/mocliege.be\/ciep-verviers\/wp-content\/uploads\/sites\/6\/2026\/03\/Animation-energieLogement-1.jpg 1414w\" sizes=\"(max-width: 489px) 100vw, 489px\" \/>Vous venez d&rsquo;arriver en Belgique, ou vous y vivez depuis un moment, mais vous avez des questions ou des difficult\u00e9s dans votre vie quotidienne ? <strong>Le CIEP Verviers organise chaque semaine une permanence sociale gratuite<\/strong>, sp\u00e9cialement pens\u00e9e pour les personnes issues de l&rsquo;immigration. Vous n&rsquo;\u00eates pas seul, nous sommes l\u00e0 pour vous \u00e9couter et vous aider.<\/p>\n<h2>Quand et o\u00f9 venir ?<\/h2>\n<p>Les permanences ont lieu <strong>tous les jeudis<\/strong>, de <strong>9h30 \u00e0 17h30<\/strong> (pause de 12h30 \u00e0 13h00), <strong>sur rendez-vous<\/strong>. Il vous suffit de prendre rendez-vous \u00e0 l&rsquo;avance pour \u00eatre s\u00fbr d&rsquo;\u00eatre re\u00e7u. Vous pouvez venir accompagn\u00e9(e) de vos enfants, sans probl\u00e8me.<\/p>\n<h2>Pour qui est cette permanence ?<\/h2>\n<p>Cette permanence s&rsquo;adresse en priorit\u00e9 aux <strong>personnes issues de l&rsquo;immigration<\/strong> qui vivent \u00e0 Verviers ou dans la r\u00e9gion. Que vous soyez r\u00e9fugi\u00e9, demandeur ou demandeuse d&rsquo;asile, ou que vous ayez un titre de s\u00e9jour, vous pouvez venir nous voir.<\/p>\n<p>Vous n&rsquo;avez pas besoin de parler parfaitement le fran\u00e7ais. <strong>Nous faisons de notre mieux pour vous comprendre et vous aider<\/strong>, quelle que soit votre situation.<\/p>\n<h2>Pour quels types de probl\u00e8mes pouvons-nous vous aider ?<\/h2>\n<p>Nos permanences sociales couvrent de nombreux sujets du quotidien. Voici les domaines dans lesquels nous pouvons vous accompagner :<\/p>\n<ul>\n<li><strong>Logement<\/strong> : probl\u00e8me avec votre propri\u00e9taire, inscription aux logements sociaux, agences immobili\u00e8res sociales (AIS)\u2026<\/li>\n<li><strong>Budget et factures<\/strong> : vous avez du mal \u00e0 payer vos factures ou \u00e0 g\u00e9rer votre budget ? Nous vous aidons \u00e0 trouver des solutions.<\/li>\n<li><strong>Droits des \u00e9trangers<\/strong> : questions sur votre titre de s\u00e9jour, vos droits en Belgique, les d\u00e9marches li\u00e9es \u00e0 votre statut\u2026<\/li>\n<li><strong>Aide administrative<\/strong> : remplir des formulaires, comprendre des courriers officiels, contacter des administrations\u2026<\/li>\n<li><strong>Recherche d&#8217;emploi ou de formation<\/strong> : vous voulez travailler ou vous former ? Nous vous orientons vers les bons services.<\/li>\n<li><strong>Inscription scolaire<\/strong> : vous avez besoin d&rsquo;aide pour inscrire vos enfants \u00e0 l&rsquo;\u00e9cole ? Nous vous guidons pas \u00e0 pas.<\/li>\n<li><strong>Stages pour les enfants<\/strong> : recherche de stages ou d&rsquo;activit\u00e9s pour vos enfants.<\/li>\n<\/ul>\n<p>Si votre probl\u00e8me ne figure pas dans cette liste, <strong>venez quand m\u00eame<\/strong>. Nous \u00e9coutons toutes les situations et, si nous ne pouvons pas vous aider directement, nous vous orientons vers le bon service.<\/p>\n<h2>Notre objectif : vous aider vraiment<\/h2>\n<p>Chaque personne qui prend rendez-vous est <strong>\u00e9cout\u00e9e avec attention<\/strong>. Notre objectif est simple : vous apporter l&rsquo;aide dont vous avez besoin, ou vous diriger vers la bonne personne ou le bon service si n\u00e9cessaire. Vous ne repartirez pas sans une r\u00e9ponse ou une piste concr\u00e8te.<\/p>\n<p>Cette permanence est men\u00e9e dans le cadre du programme <strong>ILI (Initiative Locale d\u2019Int\u00e9gration)<\/strong>, avec le soutien de la F\u00e9d\u00e9ration Wallonie-Bruxelles.<\/p>\n<h2>Comment prendre rendez-vous ?<\/h2>\n<p>Pour venir \u00e0 la permanence, il suffit de <strong>contacter l&rsquo;assistant social du CIEP Verviers, Benjamin Laurent,<\/strong> pour fixer un rendez-vous.<\/p>\n<ul>\n<li>T\u00e9l\u00e9phone : <span class=\"a_GcMg font-feature-liga-off font-feature-clig-off font-feature-calt-off text-decoration-none text-strikethrough-none\">+32 470 60 01 28<\/span><\/li>\n<li>E-mail : <a href=\"mailto:laurentb@mocliege.org\"><span class=\"a_GcMg font-feature-liga-off font-feature-clig-off font-feature-calt-off text-decoration-none text-strikethrough-none\">laurentb@mocliege.org<\/span><\/a><\/li>\n<li>CIEP Verviers &#8211;\u00a0<a tabindex=\"0\" href=\"https:\/\/www.google.com\/maps\/place\/\/data=!4m2!3m1!1s0x47c08bc3134db6fd:0x66a1ed8f42ab95b5?sa=X&amp;ved=1t:8290&amp;ictx=111\" data-url=\"\/maps\/place\/\/data=!4m2!3m1!1s0x47c08bc3134db6fd:0x66a1ed8f42ab95b5?sa=X&amp;ved=2ahUKEwin3OX9gImTAxUHNfsDHQgWAqcQ4kB6BAgsEAA\">Rue du Palais 25, 4800 Verviers<\/a><\/li>\n<\/ul>\n<p><!-- Remplacez ce bloc par vos coordonn\u00e9es r\u00e9elles --><\/p>\n<p>N&rsquo;attendez pas ! Plus t\u00f4t vous appelez, plus vite vous pouvez \u00eatre aid\u00e9 !<\/p>\n","protected":false},"excerpt":{"rendered":"<p>Vous venez d&rsquo;arriver en Belgique, ou vous y vivez depuis un moment, mais vous avez [&hellip;]<\/p>\n","protected":false},"author":9,"featured_media":2788,"comment_status":"open","ping_status":"open","sticky":false,"template":"","format":"standard","meta":{"_monsterinsights_skip_tracking":false,"_monsterinsights_sitenote_active":false,"_monsterinsights_sitenote_note":"","_monsterinsights_sitenote_category":0,"footnotes":""},"categories":[1],"tags":[11],"acf":[],"yoast_head":"<!-- This site is optimized with the Yoast SEO plugin v19.14 - https:\/\/yoast.com\/wordpress\/plugins\/seo\/ -->\n<title>Besoin d&#039;aide ? La permanence sociale du CIEP Verviers est l\u00e0 pour vous chaque jeudi ! - Ciep-verviers<\/title>\n<meta name=\"robots\" content=\"index, follow, max-snippet:-1, max-image-preview:large, max-video-preview:-1\" \/>\n<link rel=\"canonical\" href=\"https:\/\/mocliege.be\/ciep-verviers\/besoin-daide-la-permanence-sociale-du-ciep-verviers-est-la-pour-vous-chaque-jeudi\/\" \/>\n<meta property=\"og:locale\" content=\"fr_FR\" \/>\n<meta property=\"og:type\" content=\"article\" \/>\n<meta property=\"og:title\" content=\"Besoin d&#039;aide ? La permanence sociale du CIEP Verviers est l\u00e0 pour vous chaque jeudi ! - Ciep-verviers\" \/>\n<meta property=\"og:description\" content=\"Vous venez d&rsquo;arriver en Belgique, ou vous y vivez depuis un moment, mais vous avez [&hellip;]\" \/>\n<meta property=\"og:url\" content=\"https:\/\/mocliege.be\/ciep-verviers\/besoin-daide-la-permanence-sociale-du-ciep-verviers-est-la-pour-vous-chaque-jeudi\/\" \/>\n<meta property=\"og:site_name\" content=\"Ciep-verviers\" \/>\n<meta property=\"article:published_time\" content=\"2026-03-05T14:58:52+00:00\" \/>\n<meta property=\"article:modified_time\" content=\"2026-03-05T15:18:21+00:00\" \/>\n<meta property=\"og:image\" content=\"https:\/\/mocliege.be\/ciep-verviers\/wp-content\/uploads\/sites\/6\/2026\/03\/Miniatures-articles-site-54.jpg\" \/>\n\t<meta property=\"og:image:width\" content=\"1002\" \/>\n\t<meta property=\"og:image:height\" content=\"482\" \/>\n\t<meta property=\"og:image:type\" content=\"image\/jpeg\" \/>\n<meta name=\"author\" content=\"nlaermans\" \/>\n<meta name=\"twitter:card\" content=\"summary_large_image\" \/>\n<meta name=\"twitter:label1\" content=\"\u00c9crit par\" \/>\n\t<meta name=\"twitter:data1\" content=\"nlaermans\" \/>\n\t<meta name=\"twitter:label2\" content=\"Dur\u00e9e de lecture estim\u00e9e\" \/>\n\t<meta name=\"twitter:data2\" content=\"2 minutes\" \/>\n<script type=\"application\/ld+json\" class=\"yoast-schema-graph\">{\"@context\":\"https:\/\/schema.org\",\"@graph\":[{\"@type\":\"WebPage\",\"@id\":\"https:\/\/mocliege.be\/ciep-verviers\/besoin-daide-la-permanence-sociale-du-ciep-verviers-est-la-pour-vous-chaque-jeudi\/\",\"url\":\"https:\/\/mocliege.be\/ciep-verviers\/besoin-daide-la-permanence-sociale-du-ciep-verviers-est-la-pour-vous-chaque-jeudi\/\",\"name\":\"Besoin d'aide ? La permanence sociale du CIEP Verviers est l\u00e0 pour vous chaque jeudi ! - Ciep-verviers\",\"isPartOf\":{\"@id\":\"https:\/\/mocliege.be\/ciep-verviers\/#website\"},\"datePublished\":\"2026-03-05T14:58:52+00:00\",\"dateModified\":\"2026-03-05T15:18:21+00:00\",\"author\":{\"@id\":\"https:\/\/mocliege.be\/ciep-verviers\/#\/schema\/person\/26283e812b371323e9e5f18fbdd33d6b\"},\"breadcrumb\":{\"@id\":\"https:\/\/mocliege.be\/ciep-verviers\/besoin-daide-la-permanence-sociale-du-ciep-verviers-est-la-pour-vous-chaque-jeudi\/#breadcrumb\"},\"inLanguage\":\"fr-FR\",\"potentialAction\":[{\"@type\":\"ReadAction\",\"target\":[\"https:\/\/mocliege.be\/ciep-verviers\/besoin-daide-la-permanence-sociale-du-ciep-verviers-est-la-pour-vous-chaque-jeudi\/\"]}]},{\"@type\":\"BreadcrumbList\",\"@id\":\"https:\/\/mocliege.be\/ciep-verviers\/besoin-daide-la-permanence-sociale-du-ciep-verviers-est-la-pour-vous-chaque-jeudi\/#breadcrumb\",\"itemListElement\":[{\"@type\":\"ListItem\",\"position\":1,\"name\":\"Accueil\",\"item\":\"https:\/\/mocliege.be\/ciep-verviers\/\"},{\"@type\":\"ListItem\",\"position\":2,\"name\":\"Besoin d&rsquo;aide ? La permanence sociale du CIEP Verviers est l\u00e0 pour vous chaque jeudi !\"}]},{\"@type\":\"WebSite\",\"@id\":\"https:\/\/mocliege.be\/ciep-verviers\/#website\",\"url\":\"https:\/\/mocliege.be\/ciep-verviers\/\",\"name\":\"Ciep-verviers\",\"description\":\"Un site utilisant Sites du MOC - Li\u00e8ge\",\"potentialAction\":[{\"@type\":\"SearchAction\",\"target\":{\"@type\":\"EntryPoint\",\"urlTemplate\":\"https:\/\/mocliege.be\/ciep-verviers\/?s={search_term_string}\"},\"query-input\":\"required name=search_term_string\"}],\"inLanguage\":\"fr-FR\"},{\"@type\":\"Person\",\"@id\":\"https:\/\/mocliege.be\/ciep-verviers\/#\/schema\/person\/26283e812b371323e9e5f18fbdd33d6b\",\"name\":\"nlaermans\",\"image\":{\"@type\":\"ImageObject\",\"inLanguage\":\"fr-FR\",\"@id\":\"https:\/\/mocliege.be\/ciep-verviers\/#\/schema\/person\/image\/\",\"url\":\"https:\/\/secure.gravatar.com\/avatar\/bbefd6fbf0498a667ea40c2b873b73ea?s=96&d=mm&r=g\",\"contentUrl\":\"https:\/\/secure.gravatar.com\/avatar\/bbefd6fbf0498a667ea40c2b873b73ea?s=96&d=mm&r=g\",\"caption\":\"nlaermans\"},\"url\":\"https:\/\/mocliege.be\/ciep-verviers\/author\/nlaermans\/\"}]}<\/script>\n<!-- \/ Yoast SEO plugin. -->","yoast_head_json":{"title":"Besoin d'aide ? La permanence sociale du CIEP Verviers est l\u00e0 pour vous chaque jeudi ! - Ciep-verviers","robots":{"index":"index","follow":"follow","max-snippet":"max-snippet:-1","max-image-preview":"max-image-preview:large","max-video-preview":"max-video-preview:-1"},"canonical":"https:\/\/mocliege.be\/ciep-verviers\/besoin-daide-la-permanence-sociale-du-ciep-verviers-est-la-pour-vous-chaque-jeudi\/","og_locale":"fr_FR","og_type":"article","og_title":"Besoin d'aide ? La permanence sociale du CIEP Verviers est l\u00e0 pour vous chaque jeudi ! - Ciep-verviers","og_description":"Vous venez d&rsquo;arriver en Belgique, ou vous y vivez depuis un moment, mais vous avez [&hellip;]","og_url":"https:\/\/mocliege.be\/ciep-verviers\/besoin-daide-la-permanence-sociale-du-ciep-verviers-est-la-pour-vous-chaque-jeudi\/","og_site_name":"Ciep-verviers","article_published_time":"2026-03-05T14:58:52+00:00","article_modified_time":"2026-03-05T15:18:21+00:00","og_image":[{"width":1002,"height":482,"url":"https:\/\/mocliege.be\/ciep-verviers\/wp-content\/uploads\/sites\/6\/2026\/03\/Miniatures-articles-site-54.jpg","type":"image\/jpeg"}],"author":"nlaermans","twitter_card":"summary_large_image","twitter_misc":{"\u00c9crit par":"nlaermans","Dur\u00e9e de lecture estim\u00e9e":"2 minutes"},"schema":{"@context":"https:\/\/schema.org","@graph":[{"@type":"WebPage","@id":"https:\/\/mocliege.be\/ciep-verviers\/besoin-daide-la-permanence-sociale-du-ciep-verviers-est-la-pour-vous-chaque-jeudi\/","url":"https:\/\/mocliege.be\/ciep-verviers\/besoin-daide-la-permanence-sociale-du-ciep-verviers-est-la-pour-vous-chaque-jeudi\/","name":"Besoin d'aide ? La permanence sociale du CIEP Verviers est l\u00e0 pour vous chaque jeudi ! - Ciep-verviers","isPartOf":{"@id":"https:\/\/mocliege.be\/ciep-verviers\/#website"},"datePublished":"2026-03-05T14:58:52+00:00","dateModified":"2026-03-05T15:18:21+00:00","author":{"@id":"https:\/\/mocliege.be\/ciep-verviers\/#\/schema\/person\/26283e812b371323e9e5f18fbdd33d6b"},"breadcrumb":{"@id":"https:\/\/mocliege.be\/ciep-verviers\/besoin-daide-la-permanence-sociale-du-ciep-verviers-est-la-pour-vous-chaque-jeudi\/#breadcrumb"},"inLanguage":"fr-FR","potentialAction":[{"@type":"ReadAction","target":["https:\/\/mocliege.be\/ciep-verviers\/besoin-daide-la-permanence-sociale-du-ciep-verviers-est-la-pour-vous-chaque-jeudi\/"]}]},{"@type":"BreadcrumbList","@id":"https:\/\/mocliege.be\/ciep-verviers\/besoin-daide-la-permanence-sociale-du-ciep-verviers-est-la-pour-vous-chaque-jeudi\/#breadcrumb","itemListElement":[{"@type":"ListItem","position":1,"name":"Accueil","item":"https:\/\/mocliege.be\/ciep-verviers\/"},{"@type":"ListItem","position":2,"name":"Besoin d&rsquo;aide ? La permanence sociale du CIEP Verviers est l\u00e0 pour vous chaque jeudi !"}]},{"@type":"WebSite","@id":"https:\/\/mocliege.be\/ciep-verviers\/#website","url":"https:\/\/mocliege.be\/ciep-verviers\/","name":"Ciep-verviers","description":"Un site utilisant Sites du MOC - Li\u00e8ge","potentialAction":[{"@type":"SearchAction","target":{"@type":"EntryPoint","urlTemplate":"https:\/\/mocliege.be\/ciep-verviers\/?s={search_term_string}"},"query-input":"required name=search_term_string"}],"inLanguage":"fr-FR"},{"@type":"Person","@id":"https:\/\/mocliege.be\/ciep-verviers\/#\/schema\/person\/26283e812b371323e9e5f18fbdd33d6b","name":"nlaermans","image":{"@type":"ImageObject","inLanguage":"fr-FR","@id":"https:\/\/mocliege.be\/ciep-verviers\/#\/schema\/person\/image\/","url":"https:\/\/secure.gravatar.com\/avatar\/bbefd6fbf0498a667ea40c2b873b73ea?s=96&d=mm&r=g","contentUrl":"https:\/\/secure.gravatar.com\/avatar\/bbefd6fbf0498a667ea40c2b873b73ea?s=96&d=mm&r=g","caption":"nlaermans"},"url":"https:\/\/mocliege.be\/ciep-verviers\/author\/nlaermans\/"}]}},"_links":{"self":[{"href":"https:\/\/mocliege.be\/ciep-verviers\/wp-json\/wp\/v2\/posts\/2786"}],"collection":[{"href":"https:\/\/mocliege.be\/ciep-verviers\/wp-json\/wp\/v2\/posts"}],"about":[{"href":"https:\/\/mocliege.be\/ciep-verviers\/wp-json\/wp\/v2\/types\/post"}],"author":[{"embeddable":true,"href":"https:\/\/mocliege.be\/ciep-verviers\/wp-json\/wp\/v2\/users\/9"}],"replies":[{"embeddable":true,"href":"https:\/\/mocliege.be\/ciep-verviers\/wp-json\/wp\/v2\/comments?post=2786"}],"version-history":[{"count":5,"href":"https:\/\/mocliege.be\/ciep-verviers\/wp-json\/wp\/v2\/posts\/2786\/revisions"}],"predecessor-version":[{"id":2791,"href":"https:\/\/mocliege.be\/ciep-verviers\/wp-json\/wp\/v2\/posts\/2786\/revisions\/2791"}],"wp:featuredmedia":[{"embeddable":true,"href":"https:\/\/mocliege.be\/ciep-verviers\/wp-json\/wp\/v2\/media\/2788"}],"wp:attachment":[{"href":"https:\/\/mocliege.be\/ciep-verviers\/wp-json\/wp\/v2\/media?parent=2786"}],"wp:term":[{"taxonomy":"category","embeddable":true,"href":"https:\/\/mocliege.be\/ciep-verviers\/wp-json\/wp\/v2\/categories?post=2786"},{"taxonomy":"post_tag","embeddable":true,"href":"https:\/\/mocliege.be\/ciep-verviers\/wp-json\/wp\/v2\/tags?post=2786"}],"curies":[{"name":"wp","href":"https:\/\/api.w.org\/{rel}","templated":true}]}}