{"id":2796,"date":"2026-03-17T09:20:53","date_gmt":"2026-03-17T08:20:53","guid":{"rendered":"https:\/\/mocliege.be\/ciep-verviers\/?p=2796"},"modified":"2026-03-26T09:15:57","modified_gmt":"2026-03-26T08:15:57","slug":"25-03-la-grainotheque-de-spa-vous-apprend-a-elever-des-poules-a-la-maison","status":"publish","type":"post","link":"https:\/\/mocliege.be\/ciep-verviers\/25-03-la-grainotheque-de-spa-vous-apprend-a-elever-des-poules-a-la-maison\/","title":{"rendered":"25\/03 | La grainoth\u00e8que de Spa vous apprend \u00e0 \u00e9lever des poules \u00e0 la maison !"},"content":{"rendered":"<p><strong><img loading=\"lazy\" decoding=\"async\" class=\" wp-image-2787 alignright\" src=\"https:\/\/mocliege.be\/ciep-verviers\/wp-content\/uploads\/sites\/6\/2026\/03\/Affiche-Poules-mars-2026-250326-724x1024.jpg\" alt=\"\" width=\"513\" height=\"726\" srcset=\"https:\/\/mocliege.be\/ciep-verviers\/wp-content\/uploads\/sites\/6\/2026\/03\/Affiche-Poules-mars-2026-250326-724x1024.jpg 724w, https:\/\/mocliege.be\/ciep-verviers\/wp-content\/uploads\/sites\/6\/2026\/03\/Affiche-Poules-mars-2026-250326-212x300.jpg 212w, https:\/\/mocliege.be\/ciep-verviers\/wp-content\/uploads\/sites\/6\/2026\/03\/Affiche-Poules-mars-2026-250326-768x1086.jpg 768w, https:\/\/mocliege.be\/ciep-verviers\/wp-content\/uploads\/sites\/6\/2026\/03\/Affiche-Poules-mars-2026-250326-1086x1536.jpg 1086w, https:\/\/mocliege.be\/ciep-verviers\/wp-content\/uploads\/sites\/6\/2026\/03\/Affiche-Poules-mars-2026-250326-1448x2048.jpg 1448w, https:\/\/mocliege.be\/ciep-verviers\/wp-content\/uploads\/sites\/6\/2026\/03\/Affiche-Poules-mars-2026-250326-45x64.jpg 45w, https:\/\/mocliege.be\/ciep-verviers\/wp-content\/uploads\/sites\/6\/2026\/03\/Affiche-Poules-mars-2026-250326-177x250.jpg 177w, https:\/\/mocliege.be\/ciep-verviers\/wp-content\/uploads\/sites\/6\/2026\/03\/Affiche-Poules-mars-2026-250326-53x75.jpg 53w, https:\/\/mocliege.be\/ciep-verviers\/wp-content\/uploads\/sites\/6\/2026\/03\/Affiche-Poules-mars-2026-250326-150x212.jpg 150w, https:\/\/mocliege.be\/ciep-verviers\/wp-content\/uploads\/sites\/6\/2026\/03\/Affiche-Poules-mars-2026-250326-450x637.jpg 450w, https:\/\/mocliege.be\/ciep-verviers\/wp-content\/uploads\/sites\/6\/2026\/03\/Affiche-Poules-mars-2026-250326-600x849.jpg 600w, https:\/\/mocliege.be\/ciep-verviers\/wp-content\/uploads\/sites\/6\/2026\/03\/Affiche-Poules-mars-2026-250326-1200x1698.jpg 1200w, https:\/\/mocliege.be\/ciep-verviers\/wp-content\/uploads\/sites\/6\/2026\/03\/Affiche-Poules-mars-2026-250326.jpg 1587w\" sizes=\"(max-width: 513px) 100vw, 513px\" \/>Vous avez d\u00e9cid\u00e9 d&rsquo;acheter des poules ou vous aimeriez en savoir plus, conna\u00eetre ses besoins et toutes les choses importantes pour son \u00e9levage domestique, alors venez nous retrouver \u00e0 la soir\u00e9e th\u00e9matique consacr\u00e9e \u00e0 la poule !<\/strong><\/p>\n<p>Dans le cadre du programme <em>Ram\u00e8ne ta Graine !<\/em> (Une autre fa\u00e7on de se cultiver), la <a href=\"https:\/\/www.villedespa.be\/loisirs\/culture\/bibliotheque\">Biblioth\u00e8que communale de Spa<\/a> et le CIEP Verviers vous proposent une soir\u00e9e enti\u00e8rement d\u00e9di\u00e9e \u00e0 l&rsquo;\u00e9levage des poules. Un rendez-vous convivial et concret pour toutes celles et ceux qui souhaitent se lancer dans l&rsquo;aventure avicole ou approfondir leurs connaissances sur ce sujet.<\/p>\n<h2>Au programme : une conf\u00e9rence accessible \u00e0 toutes et tous<\/h2>\n<p>Qu&rsquo;on soit novice ou passionn\u00e9, la question de l&rsquo;\u00e9levage des poules en milieu domestique soul\u00e8ve de nombreuses interrogations pratiques : quel espace pr\u00e9voir ? Quelle alimentation adopter ? Comment assurer le bien-\u00eatre de ses animaux au fil des saisons ? Quelles d\u00e9marches administratives sont n\u00e9cessaires en Wallonie ?<\/p>\n<p>Cette soir\u00e9e est l&rsquo;occasion id\u00e9ale de poser toutes vos questions et d&rsquo;obtenir des r\u00e9ponses fiables, directement aupr\u00e8s d&rsquo;un expert reconnu.<\/p>\n<h2>Un intervenant de r\u00e9f\u00e9rence<\/h2>\n<p>La conf\u00e9rence sera anim\u00e9e par <strong>Monsieur Jean-Marie Pr\u00e9gardien<\/strong>, <strong>Pr\u00e9sident de la F\u00e9d\u00e9ration Avicole Wallonne<\/strong>. Fort de son exp\u00e9rience et de sa connaissance approfondie du monde avicole, il partagera ses conseils pratiques et son expertise pour vous aider \u00e0 d\u00e9marrer votre \u00e9levage dans les meilleures conditions.<\/p>\n<p>Une intervention de terrain, loin des discours th\u00e9oriques, pour repartir avec de vraies cl\u00e9s en main.<\/p>\n<h2>Infos pratiques<\/h2>\n<ul>\n<li><strong>Date :<\/strong> Mercredi 25 mars 2026 \u00e0 19h<\/li>\n<li><strong>Lieu :<\/strong> Biblioth\u00e8que communale de Spa (Jardins du Casino, 4900 Spa)<\/li>\n<li><strong>Entr\u00e9e :<\/strong> Gratuite<\/li>\n<\/ul>\n<h2>Inscriptions<\/h2>\n<p>Les places \u00e9tant limit\u00e9es, l&rsquo;inscription est vivement recommand\u00e9e pour garantir votre participation.<\/p>\n<p>R\u00e9servez au : <a href=\"tel:+3287772452\">087 77 24 52<\/a><\/p>\n","protected":false},"excerpt":{"rendered":"<p>Vous avez d\u00e9cid\u00e9 d&rsquo;acheter des poules ou vous aimeriez en savoir plus, conna\u00eetre ses besoins [&hellip;]<\/p>\n","protected":false},"author":9,"featured_media":2797,"comment_status":"open","ping_status":"open","sticky":false,"template":"","format":"standard","meta":{"_monsterinsights_skip_tracking":false,"_monsterinsights_sitenote_active":false,"_monsterinsights_sitenote_note":"","_monsterinsights_sitenote_category":0,"footnotes":""},"categories":[1],"tags":[11],"acf":[],"yoast_head":"<!-- This site is optimized with the Yoast SEO plugin v19.14 - https:\/\/yoast.com\/wordpress\/plugins\/seo\/ -->\n<title>25\/03 | La grainoth\u00e8que de Spa vous apprend \u00e0 \u00e9lever des poules \u00e0 la maison ! - Ciep-verviers<\/title>\n<meta name=\"robots\" content=\"index, follow, max-snippet:-1, max-image-preview:large, max-video-preview:-1\" \/>\n<link rel=\"canonical\" href=\"https:\/\/mocliege.be\/ciep-verviers\/25-03-la-grainotheque-de-spa-vous-apprend-a-elever-des-poules-a-la-maison\/\" \/>\n<meta property=\"og:locale\" content=\"fr_FR\" \/>\n<meta property=\"og:type\" content=\"article\" \/>\n<meta property=\"og:title\" content=\"25\/03 | La grainoth\u00e8que de Spa vous apprend \u00e0 \u00e9lever des poules \u00e0 la maison ! - Ciep-verviers\" \/>\n<meta property=\"og:description\" content=\"Vous avez d\u00e9cid\u00e9 d&rsquo;acheter des poules ou vous aimeriez en savoir plus, conna\u00eetre ses besoins [&hellip;]\" \/>\n<meta property=\"og:url\" content=\"https:\/\/mocliege.be\/ciep-verviers\/25-03-la-grainotheque-de-spa-vous-apprend-a-elever-des-poules-a-la-maison\/\" \/>\n<meta property=\"og:site_name\" content=\"Ciep-verviers\" \/>\n<meta property=\"article:published_time\" content=\"2026-03-17T08:20:53+00:00\" \/>\n<meta property=\"article:modified_time\" content=\"2026-03-26T08:15:57+00:00\" \/>\n<meta property=\"og:image\" content=\"https:\/\/mocliege.be\/ciep-verviers\/wp-content\/uploads\/sites\/6\/2026\/03\/Miniatures-articles-site-55.jpg\" \/>\n\t<meta property=\"og:image:width\" content=\"1002\" \/>\n\t<meta property=\"og:image:height\" content=\"482\" \/>\n\t<meta property=\"og:image:type\" content=\"image\/jpeg\" \/>\n<meta name=\"author\" content=\"nlaermans\" \/>\n<meta name=\"twitter:card\" content=\"summary_large_image\" \/>\n<meta name=\"twitter:label1\" content=\"\u00c9crit par\" \/>\n\t<meta name=\"twitter:data1\" content=\"nlaermans\" \/>\n\t<meta name=\"twitter:label2\" content=\"Dur\u00e9e de lecture estim\u00e9e\" \/>\n\t<meta name=\"twitter:data2\" content=\"1 minute\" \/>\n<script type=\"application\/ld+json\" class=\"yoast-schema-graph\">{\"@context\":\"https:\/\/schema.org\",\"@graph\":[{\"@type\":\"WebPage\",\"@id\":\"https:\/\/mocliege.be\/ciep-verviers\/25-03-la-grainotheque-de-spa-vous-apprend-a-elever-des-poules-a-la-maison\/\",\"url\":\"https:\/\/mocliege.be\/ciep-verviers\/25-03-la-grainotheque-de-spa-vous-apprend-a-elever-des-poules-a-la-maison\/\",\"name\":\"25\/03 | La grainoth\u00e8que de Spa vous apprend \u00e0 \u00e9lever des poules \u00e0 la maison ! - Ciep-verviers\",\"isPartOf\":{\"@id\":\"https:\/\/mocliege.be\/ciep-verviers\/#website\"},\"datePublished\":\"2026-03-17T08:20:53+00:00\",\"dateModified\":\"2026-03-26T08:15:57+00:00\",\"author\":{\"@id\":\"https:\/\/mocliege.be\/ciep-verviers\/#\/schema\/person\/26283e812b371323e9e5f18fbdd33d6b\"},\"breadcrumb\":{\"@id\":\"https:\/\/mocliege.be\/ciep-verviers\/25-03-la-grainotheque-de-spa-vous-apprend-a-elever-des-poules-a-la-maison\/#breadcrumb\"},\"inLanguage\":\"fr-FR\",\"potentialAction\":[{\"@type\":\"ReadAction\",\"target\":[\"https:\/\/mocliege.be\/ciep-verviers\/25-03-la-grainotheque-de-spa-vous-apprend-a-elever-des-poules-a-la-maison\/\"]}]},{\"@type\":\"BreadcrumbList\",\"@id\":\"https:\/\/mocliege.be\/ciep-verviers\/25-03-la-grainotheque-de-spa-vous-apprend-a-elever-des-poules-a-la-maison\/#breadcrumb\",\"itemListElement\":[{\"@type\":\"ListItem\",\"position\":1,\"name\":\"Accueil\",\"item\":\"https:\/\/mocliege.be\/ciep-verviers\/\"},{\"@type\":\"ListItem\",\"position\":2,\"name\":\"25\/03 | La grainoth\u00e8que de Spa vous apprend \u00e0 \u00e9lever des poules \u00e0 la maison !\"}]},{\"@type\":\"WebSite\",\"@id\":\"https:\/\/mocliege.be\/ciep-verviers\/#website\",\"url\":\"https:\/\/mocliege.be\/ciep-verviers\/\",\"name\":\"Ciep-verviers\",\"description\":\"Un site utilisant Sites du MOC - Li\u00e8ge\",\"potentialAction\":[{\"@type\":\"SearchAction\",\"target\":{\"@type\":\"EntryPoint\",\"urlTemplate\":\"https:\/\/mocliege.be\/ciep-verviers\/?s={search_term_string}\"},\"query-input\":\"required name=search_term_string\"}],\"inLanguage\":\"fr-FR\"},{\"@type\":\"Person\",\"@id\":\"https:\/\/mocliege.be\/ciep-verviers\/#\/schema\/person\/26283e812b371323e9e5f18fbdd33d6b\",\"name\":\"nlaermans\",\"image\":{\"@type\":\"ImageObject\",\"inLanguage\":\"fr-FR\",\"@id\":\"https:\/\/mocliege.be\/ciep-verviers\/#\/schema\/person\/image\/\",\"url\":\"https:\/\/secure.gravatar.com\/avatar\/bbefd6fbf0498a667ea40c2b873b73ea?s=96&d=mm&r=g\",\"contentUrl\":\"https:\/\/secure.gravatar.com\/avatar\/bbefd6fbf0498a667ea40c2b873b73ea?s=96&d=mm&r=g\",\"caption\":\"nlaermans\"},\"url\":\"https:\/\/mocliege.be\/ciep-verviers\/author\/nlaermans\/\"}]}<\/script>\n<!-- \/ Yoast SEO plugin. -->","yoast_head_json":{"title":"25\/03 | La grainoth\u00e8que de Spa vous apprend \u00e0 \u00e9lever des poules \u00e0 la maison ! - Ciep-verviers","robots":{"index":"index","follow":"follow","max-snippet":"max-snippet:-1","max-image-preview":"max-image-preview:large","max-video-preview":"max-video-preview:-1"},"canonical":"https:\/\/mocliege.be\/ciep-verviers\/25-03-la-grainotheque-de-spa-vous-apprend-a-elever-des-poules-a-la-maison\/","og_locale":"fr_FR","og_type":"article","og_title":"25\/03 | La grainoth\u00e8que de Spa vous apprend \u00e0 \u00e9lever des poules \u00e0 la maison ! - Ciep-verviers","og_description":"Vous avez d\u00e9cid\u00e9 d&rsquo;acheter des poules ou vous aimeriez en savoir plus, conna\u00eetre ses besoins [&hellip;]","og_url":"https:\/\/mocliege.be\/ciep-verviers\/25-03-la-grainotheque-de-spa-vous-apprend-a-elever-des-poules-a-la-maison\/","og_site_name":"Ciep-verviers","article_published_time":"2026-03-17T08:20:53+00:00","article_modified_time":"2026-03-26T08:15:57+00:00","og_image":[{"width":1002,"height":482,"url":"https:\/\/mocliege.be\/ciep-verviers\/wp-content\/uploads\/sites\/6\/2026\/03\/Miniatures-articles-site-55.jpg","type":"image\/jpeg"}],"author":"nlaermans","twitter_card":"summary_large_image","twitter_misc":{"\u00c9crit par":"nlaermans","Dur\u00e9e de lecture estim\u00e9e":"1 minute"},"schema":{"@context":"https:\/\/schema.org","@graph":[{"@type":"WebPage","@id":"https:\/\/mocliege.be\/ciep-verviers\/25-03-la-grainotheque-de-spa-vous-apprend-a-elever-des-poules-a-la-maison\/","url":"https:\/\/mocliege.be\/ciep-verviers\/25-03-la-grainotheque-de-spa-vous-apprend-a-elever-des-poules-a-la-maison\/","name":"25\/03 | La grainoth\u00e8que de Spa vous apprend \u00e0 \u00e9lever des poules \u00e0 la maison ! - Ciep-verviers","isPartOf":{"@id":"https:\/\/mocliege.be\/ciep-verviers\/#website"},"datePublished":"2026-03-17T08:20:53+00:00","dateModified":"2026-03-26T08:15:57+00:00","author":{"@id":"https:\/\/mocliege.be\/ciep-verviers\/#\/schema\/person\/26283e812b371323e9e5f18fbdd33d6b"},"breadcrumb":{"@id":"https:\/\/mocliege.be\/ciep-verviers\/25-03-la-grainotheque-de-spa-vous-apprend-a-elever-des-poules-a-la-maison\/#breadcrumb"},"inLanguage":"fr-FR","potentialAction":[{"@type":"ReadAction","target":["https:\/\/mocliege.be\/ciep-verviers\/25-03-la-grainotheque-de-spa-vous-apprend-a-elever-des-poules-a-la-maison\/"]}]},{"@type":"BreadcrumbList","@id":"https:\/\/mocliege.be\/ciep-verviers\/25-03-la-grainotheque-de-spa-vous-apprend-a-elever-des-poules-a-la-maison\/#breadcrumb","itemListElement":[{"@type":"ListItem","position":1,"name":"Accueil","item":"https:\/\/mocliege.be\/ciep-verviers\/"},{"@type":"ListItem","position":2,"name":"25\/03 | La grainoth\u00e8que de Spa vous apprend \u00e0 \u00e9lever des poules \u00e0 la maison !"}]},{"@type":"WebSite","@id":"https:\/\/mocliege.be\/ciep-verviers\/#website","url":"https:\/\/mocliege.be\/ciep-verviers\/","name":"Ciep-verviers","description":"Un site utilisant Sites du MOC - Li\u00e8ge","potentialAction":[{"@type":"SearchAction","target":{"@type":"EntryPoint","urlTemplate":"https:\/\/mocliege.be\/ciep-verviers\/?s={search_term_string}"},"query-input":"required name=search_term_string"}],"inLanguage":"fr-FR"},{"@type":"Person","@id":"https:\/\/mocliege.be\/ciep-verviers\/#\/schema\/person\/26283e812b371323e9e5f18fbdd33d6b","name":"nlaermans","image":{"@type":"ImageObject","inLanguage":"fr-FR","@id":"https:\/\/mocliege.be\/ciep-verviers\/#\/schema\/person\/image\/","url":"https:\/\/secure.gravatar.com\/avatar\/bbefd6fbf0498a667ea40c2b873b73ea?s=96&d=mm&r=g","contentUrl":"https:\/\/secure.gravatar.com\/avatar\/bbefd6fbf0498a667ea40c2b873b73ea?s=96&d=mm&r=g","caption":"nlaermans"},"url":"https:\/\/mocliege.be\/ciep-verviers\/author\/nlaermans\/"}]}},"_links":{"self":[{"href":"https:\/\/mocliege.be\/ciep-verviers\/wp-json\/wp\/v2\/posts\/2796"}],"collection":[{"href":"https:\/\/mocliege.be\/ciep-verviers\/wp-json\/wp\/v2\/posts"}],"about":[{"href":"https:\/\/mocliege.be\/ciep-verviers\/wp-json\/wp\/v2\/types\/post"}],"author":[{"embeddable":true,"href":"https:\/\/mocliege.be\/ciep-verviers\/wp-json\/wp\/v2\/users\/9"}],"replies":[{"embeddable":true,"href":"https:\/\/mocliege.be\/ciep-verviers\/wp-json\/wp\/v2\/comments?post=2796"}],"version-history":[{"count":2,"href":"https:\/\/mocliege.be\/ciep-verviers\/wp-json\/wp\/v2\/posts\/2796\/revisions"}],"predecessor-version":[{"id":2852,"href":"https:\/\/mocliege.be\/ciep-verviers\/wp-json\/wp\/v2\/posts\/2796\/revisions\/2852"}],"wp:featuredmedia":[{"embeddable":true,"href":"https:\/\/mocliege.be\/ciep-verviers\/wp-json\/wp\/v2\/media\/2797"}],"wp:attachment":[{"href":"https:\/\/mocliege.be\/ciep-verviers\/wp-json\/wp\/v2\/media?parent=2796"}],"wp:term":[{"taxonomy":"category","embeddable":true,"href":"https:\/\/mocliege.be\/ciep-verviers\/wp-json\/wp\/v2\/categories?post=2796"},{"taxonomy":"post_tag","embeddable":true,"href":"https:\/\/mocliege.be\/ciep-verviers\/wp-json\/wp\/v2\/tags?post=2796"}],"curies":[{"name":"wp","href":"https:\/\/api.w.org\/{rel}","templated":true}]}}