{"id":2805,"date":"2026-03-17T09:26:37","date_gmt":"2026-03-17T08:26:37","guid":{"rendered":"https:\/\/mocliege.be\/ciep-verviers\/?p=2805"},"modified":"2026-04-07T11:09:18","modified_gmt":"2026-04-07T09:09:18","slug":"verviers-04-04-cafe-citoyen-projection-quand-les-tomates-rencontrent-wagner","status":"publish","type":"post","link":"https:\/\/mocliege.be\/ciep-verviers\/verviers-04-04-cafe-citoyen-projection-quand-les-tomates-rencontrent-wagner\/","title":{"rendered":"Verviers | 04\/04 | Caf\u00e9-citoyen &#8211; \u00ab\u00a0Quand les tomates rencontrent Wagner\u00a0\u00bb"},"content":{"rendered":"<div id=\"fws_68baf04148da0\" class=\"wpb_row vc_row-fluid vc_row inner_row\" data-midnight=\"\" data-column-margin=\"default\">\n<div class=\"row_col_wrap_12_inner col span_12 left\">\n<div class=\"vc_column-inner\">\n<h2 style=\"text-align: left;\">Une ode \u00e0 la r\u00e9silience et \u00e0 la magie des liens humains<\/h2>\n<p>Projection du documentaire \u00ab\u00a0<em>Quand les tomates rencontrent Wagner<\/em>\u00a0\u00bb suivie d&rsquo;un \u00e9change avec le public.<\/p>\n<\/div>\n<div class=\"vc_column-inner\"><\/div>\n<h4>Synopsis du film :<\/h4>\n<div class=\"vc_column-inner\">\n<p style=\"text-align: left;\"><span style=\"font-size: 16px;\">Elias, un petit village d\u2019agriculteurs dans le centre de la Gr\u00e8ce se meurt. Face \u00e0 cette situation, deux cousins font \u00e9quipe avec les grand-m\u00e8res du village pour planter les graines de vari\u00e9t\u00e9s de tomates locales. Aid\u00e9s par la musique de Wagner, qu\u2019ils diffusent pour encourager les tomates \u00e0 pousser, l\u2019\u00e9quipe tente d\u2019exporter aux quatre coins du monde les produits qu\u2019ils pr\u00e9parent avec leurs tomates biologiques, dans le but de d\u00e9gager un revenu suffisant pour vivre dans cette r\u00e9gion d\u00e9sert\u00e9e. Le film suit les protagonistes de cette qu\u00eate improbable, dans leurs efforts pour survivre et pour r\u00e9aliser leurs r\u00eaves.<\/span><\/p>\n<\/div>\n<\/div>\n<\/div>\n<p>&nbsp;<\/p>\n<div>\n<h4>Informations pratiques :<\/h4>\n<\/div>\n<ul>\n<li><strong>Quand ?<\/strong> Le samedi 4 avril \u00e0 10h (accueil) &#8211; d\u00e9but de la projection \u00e0 10h30<\/li>\n<li><strong>O\u00f9 ?<\/strong>\u00a0Au Croc\u2019Espace (Rue de la Station 35, Verviers)<\/li>\n<li>Une activit\u00e9\u00a0<strong>gratuite<\/strong>\u00a0et ouverte \u00e0 tout le monde<\/li>\n<li><span class=\"OYPEnA text-decoration-none text-strikethrough-none\"><strong>Contact<\/strong>\u00a0:\u00a0<\/span><a class=\"OYPEnA text-decoration-none text-strikethrough-none\" href=\"mailto:vavea@protonmail.com\" target=\"_blank\" rel=\"noopener\">vavea@protonmail.com<\/a><span class=\"OYPEnA text-decoration-none text-strikethrough-none\">\u00a0(0472 57 86 07)<\/span><\/li>\n<li>Film de 2020 projet\u00e9 en grec (sous-titre en fran\u00e7ais), R\u00e9alisation : Maria Economou, bande d&rsquo;annonce disponible ici<\/li>\n<\/ul>\n<p>&nbsp;<\/p>\n<p>&nbsp;<\/p>\n<p><img loading=\"lazy\" decoding=\"async\" class=\"wp-image-2806 aligncenter\" src=\"https:\/\/mocliege.be\/ciep-verviers\/wp-content\/uploads\/sites\/6\/2026\/03\/Cafe-citoyen-4-212x300.jpg\" alt=\"\" width=\"511\" height=\"723\" srcset=\"https:\/\/mocliege.be\/ciep-verviers\/wp-content\/uploads\/sites\/6\/2026\/03\/Cafe-citoyen-4-212x300.jpg 212w, https:\/\/mocliege.be\/ciep-verviers\/wp-content\/uploads\/sites\/6\/2026\/03\/Cafe-citoyen-4-724x1024.jpg 724w, https:\/\/mocliege.be\/ciep-verviers\/wp-content\/uploads\/sites\/6\/2026\/03\/Cafe-citoyen-4-768x1086.jpg 768w, https:\/\/mocliege.be\/ciep-verviers\/wp-content\/uploads\/sites\/6\/2026\/03\/Cafe-citoyen-4-1086x1536.jpg 1086w, https:\/\/mocliege.be\/ciep-verviers\/wp-content\/uploads\/sites\/6\/2026\/03\/Cafe-citoyen-4-1448x2048.jpg 1448w, https:\/\/mocliege.be\/ciep-verviers\/wp-content\/uploads\/sites\/6\/2026\/03\/Cafe-citoyen-4-45x64.jpg 45w, https:\/\/mocliege.be\/ciep-verviers\/wp-content\/uploads\/sites\/6\/2026\/03\/Cafe-citoyen-4-177x250.jpg 177w, https:\/\/mocliege.be\/ciep-verviers\/wp-content\/uploads\/sites\/6\/2026\/03\/Cafe-citoyen-4-53x75.jpg 53w, https:\/\/mocliege.be\/ciep-verviers\/wp-content\/uploads\/sites\/6\/2026\/03\/Cafe-citoyen-4-150x212.jpg 150w, https:\/\/mocliege.be\/ciep-verviers\/wp-content\/uploads\/sites\/6\/2026\/03\/Cafe-citoyen-4-450x637.jpg 450w, https:\/\/mocliege.be\/ciep-verviers\/wp-content\/uploads\/sites\/6\/2026\/03\/Cafe-citoyen-4-600x849.jpg 600w, https:\/\/mocliege.be\/ciep-verviers\/wp-content\/uploads\/sites\/6\/2026\/03\/Cafe-citoyen-4-1200x1698.jpg 1200w, https:\/\/mocliege.be\/ciep-verviers\/wp-content\/uploads\/sites\/6\/2026\/03\/Cafe-citoyen-4.jpg 1587w\" sizes=\"(max-width: 511px) 100vw, 511px\" \/><\/p>\n","protected":false},"excerpt":{"rendered":"<p>Une ode \u00e0 la r\u00e9silience et \u00e0 la magie des liens humains Projection du documentaire [&hellip;]<\/p>\n","protected":false},"author":17,"featured_media":2806,"comment_status":"open","ping_status":"open","sticky":false,"template":"","format":"standard","meta":{"_monsterinsights_skip_tracking":false,"_monsterinsights_sitenote_active":false,"_monsterinsights_sitenote_note":"","_monsterinsights_sitenote_category":0,"footnotes":""},"categories":[1],"tags":[11],"acf":[],"yoast_head":"<!-- This site is optimized with the Yoast SEO plugin v19.14 - https:\/\/yoast.com\/wordpress\/plugins\/seo\/ -->\n<title>Verviers | 04\/04 | Caf\u00e9-citoyen - &quot;Quand les tomates rencontrent Wagner&quot; - Ciep-verviers<\/title>\n<meta name=\"robots\" content=\"index, follow, max-snippet:-1, max-image-preview:large, max-video-preview:-1\" \/>\n<link rel=\"canonical\" href=\"https:\/\/mocliege.be\/ciep-verviers\/verviers-04-04-cafe-citoyen-projection-quand-les-tomates-rencontrent-wagner\/\" \/>\n<meta property=\"og:locale\" content=\"fr_FR\" \/>\n<meta property=\"og:type\" content=\"article\" \/>\n<meta property=\"og:title\" content=\"Verviers | 04\/04 | Caf\u00e9-citoyen - &quot;Quand les tomates rencontrent Wagner&quot; - Ciep-verviers\" \/>\n<meta property=\"og:description\" content=\"Une ode \u00e0 la r\u00e9silience et \u00e0 la magie des liens humains Projection du documentaire [&hellip;]\" \/>\n<meta property=\"og:url\" content=\"https:\/\/mocliege.be\/ciep-verviers\/verviers-04-04-cafe-citoyen-projection-quand-les-tomates-rencontrent-wagner\/\" \/>\n<meta property=\"og:site_name\" content=\"Ciep-verviers\" \/>\n<meta property=\"article:published_time\" content=\"2026-03-17T08:26:37+00:00\" \/>\n<meta property=\"article:modified_time\" content=\"2026-04-07T09:09:18+00:00\" \/>\n<meta property=\"og:image\" content=\"https:\/\/mocliege.be\/ciep-verviers\/wp-content\/uploads\/sites\/6\/2026\/03\/Cafe-citoyen-4.jpg\" \/>\n\t<meta property=\"og:image:width\" content=\"1587\" \/>\n\t<meta property=\"og:image:height\" content=\"2245\" \/>\n\t<meta property=\"og:image:type\" content=\"image\/jpeg\" \/>\n<meta name=\"author\" content=\"leysten\" \/>\n<meta name=\"twitter:card\" content=\"summary_large_image\" \/>\n<meta name=\"twitter:label1\" content=\"\u00c9crit par\" \/>\n\t<meta name=\"twitter:data1\" content=\"leysten\" \/>\n\t<meta name=\"twitter:label2\" content=\"Dur\u00e9e de lecture estim\u00e9e\" \/>\n\t<meta name=\"twitter:data2\" content=\"1 minute\" \/>\n<script type=\"application\/ld+json\" class=\"yoast-schema-graph\">{\"@context\":\"https:\/\/schema.org\",\"@graph\":[{\"@type\":\"WebPage\",\"@id\":\"https:\/\/mocliege.be\/ciep-verviers\/verviers-04-04-cafe-citoyen-projection-quand-les-tomates-rencontrent-wagner\/\",\"url\":\"https:\/\/mocliege.be\/ciep-verviers\/verviers-04-04-cafe-citoyen-projection-quand-les-tomates-rencontrent-wagner\/\",\"name\":\"Verviers | 04\/04 | Caf\u00e9-citoyen - \\\"Quand les tomates rencontrent Wagner\\\" - Ciep-verviers\",\"isPartOf\":{\"@id\":\"https:\/\/mocliege.be\/ciep-verviers\/#website\"},\"datePublished\":\"2026-03-17T08:26:37+00:00\",\"dateModified\":\"2026-04-07T09:09:18+00:00\",\"author\":{\"@id\":\"https:\/\/mocliege.be\/ciep-verviers\/#\/schema\/person\/7b93d1557a445ae7e3b25e6c34ac0a09\"},\"breadcrumb\":{\"@id\":\"https:\/\/mocliege.be\/ciep-verviers\/verviers-04-04-cafe-citoyen-projection-quand-les-tomates-rencontrent-wagner\/#breadcrumb\"},\"inLanguage\":\"fr-FR\",\"potentialAction\":[{\"@type\":\"ReadAction\",\"target\":[\"https:\/\/mocliege.be\/ciep-verviers\/verviers-04-04-cafe-citoyen-projection-quand-les-tomates-rencontrent-wagner\/\"]}]},{\"@type\":\"BreadcrumbList\",\"@id\":\"https:\/\/mocliege.be\/ciep-verviers\/verviers-04-04-cafe-citoyen-projection-quand-les-tomates-rencontrent-wagner\/#breadcrumb\",\"itemListElement\":[{\"@type\":\"ListItem\",\"position\":1,\"name\":\"Accueil\",\"item\":\"https:\/\/mocliege.be\/ciep-verviers\/\"},{\"@type\":\"ListItem\",\"position\":2,\"name\":\"Verviers | 04\/04 | Caf\u00e9-citoyen &#8211; \u00ab\u00a0Quand les tomates rencontrent Wagner\u00a0\u00bb\"}]},{\"@type\":\"WebSite\",\"@id\":\"https:\/\/mocliege.be\/ciep-verviers\/#website\",\"url\":\"https:\/\/mocliege.be\/ciep-verviers\/\",\"name\":\"Ciep-verviers\",\"description\":\"Un site utilisant Sites du MOC - Li\u00e8ge\",\"potentialAction\":[{\"@type\":\"SearchAction\",\"target\":{\"@type\":\"EntryPoint\",\"urlTemplate\":\"https:\/\/mocliege.be\/ciep-verviers\/?s={search_term_string}\"},\"query-input\":\"required name=search_term_string\"}],\"inLanguage\":\"fr-FR\"},{\"@type\":\"Person\",\"@id\":\"https:\/\/mocliege.be\/ciep-verviers\/#\/schema\/person\/7b93d1557a445ae7e3b25e6c34ac0a09\",\"name\":\"leysten\",\"image\":{\"@type\":\"ImageObject\",\"inLanguage\":\"fr-FR\",\"@id\":\"https:\/\/mocliege.be\/ciep-verviers\/#\/schema\/person\/image\/\",\"url\":\"https:\/\/secure.gravatar.com\/avatar\/649ab73f8cfba33ce337612dfcf51c0d?s=96&d=mm&r=g\",\"contentUrl\":\"https:\/\/secure.gravatar.com\/avatar\/649ab73f8cfba33ce337612dfcf51c0d?s=96&d=mm&r=g\",\"caption\":\"leysten\"},\"url\":\"https:\/\/mocliege.be\/ciep-verviers\/author\/leysten\/\"}]}<\/script>\n<!-- \/ Yoast SEO plugin. -->","yoast_head_json":{"title":"Verviers | 04\/04 | Caf\u00e9-citoyen - \"Quand les tomates rencontrent Wagner\" - Ciep-verviers","robots":{"index":"index","follow":"follow","max-snippet":"max-snippet:-1","max-image-preview":"max-image-preview:large","max-video-preview":"max-video-preview:-1"},"canonical":"https:\/\/mocliege.be\/ciep-verviers\/verviers-04-04-cafe-citoyen-projection-quand-les-tomates-rencontrent-wagner\/","og_locale":"fr_FR","og_type":"article","og_title":"Verviers | 04\/04 | Caf\u00e9-citoyen - \"Quand les tomates rencontrent Wagner\" - Ciep-verviers","og_description":"Une ode \u00e0 la r\u00e9silience et \u00e0 la magie des liens humains Projection du documentaire [&hellip;]","og_url":"https:\/\/mocliege.be\/ciep-verviers\/verviers-04-04-cafe-citoyen-projection-quand-les-tomates-rencontrent-wagner\/","og_site_name":"Ciep-verviers","article_published_time":"2026-03-17T08:26:37+00:00","article_modified_time":"2026-04-07T09:09:18+00:00","og_image":[{"width":1587,"height":2245,"url":"https:\/\/mocliege.be\/ciep-verviers\/wp-content\/uploads\/sites\/6\/2026\/03\/Cafe-citoyen-4.jpg","type":"image\/jpeg"}],"author":"leysten","twitter_card":"summary_large_image","twitter_misc":{"\u00c9crit par":"leysten","Dur\u00e9e de lecture estim\u00e9e":"1 minute"},"schema":{"@context":"https:\/\/schema.org","@graph":[{"@type":"WebPage","@id":"https:\/\/mocliege.be\/ciep-verviers\/verviers-04-04-cafe-citoyen-projection-quand-les-tomates-rencontrent-wagner\/","url":"https:\/\/mocliege.be\/ciep-verviers\/verviers-04-04-cafe-citoyen-projection-quand-les-tomates-rencontrent-wagner\/","name":"Verviers | 04\/04 | Caf\u00e9-citoyen - \"Quand les tomates rencontrent Wagner\" - Ciep-verviers","isPartOf":{"@id":"https:\/\/mocliege.be\/ciep-verviers\/#website"},"datePublished":"2026-03-17T08:26:37+00:00","dateModified":"2026-04-07T09:09:18+00:00","author":{"@id":"https:\/\/mocliege.be\/ciep-verviers\/#\/schema\/person\/7b93d1557a445ae7e3b25e6c34ac0a09"},"breadcrumb":{"@id":"https:\/\/mocliege.be\/ciep-verviers\/verviers-04-04-cafe-citoyen-projection-quand-les-tomates-rencontrent-wagner\/#breadcrumb"},"inLanguage":"fr-FR","potentialAction":[{"@type":"ReadAction","target":["https:\/\/mocliege.be\/ciep-verviers\/verviers-04-04-cafe-citoyen-projection-quand-les-tomates-rencontrent-wagner\/"]}]},{"@type":"BreadcrumbList","@id":"https:\/\/mocliege.be\/ciep-verviers\/verviers-04-04-cafe-citoyen-projection-quand-les-tomates-rencontrent-wagner\/#breadcrumb","itemListElement":[{"@type":"ListItem","position":1,"name":"Accueil","item":"https:\/\/mocliege.be\/ciep-verviers\/"},{"@type":"ListItem","position":2,"name":"Verviers | 04\/04 | Caf\u00e9-citoyen &#8211; \u00ab\u00a0Quand les tomates rencontrent Wagner\u00a0\u00bb"}]},{"@type":"WebSite","@id":"https:\/\/mocliege.be\/ciep-verviers\/#website","url":"https:\/\/mocliege.be\/ciep-verviers\/","name":"Ciep-verviers","description":"Un site utilisant Sites du MOC - Li\u00e8ge","potentialAction":[{"@type":"SearchAction","target":{"@type":"EntryPoint","urlTemplate":"https:\/\/mocliege.be\/ciep-verviers\/?s={search_term_string}"},"query-input":"required name=search_term_string"}],"inLanguage":"fr-FR"},{"@type":"Person","@id":"https:\/\/mocliege.be\/ciep-verviers\/#\/schema\/person\/7b93d1557a445ae7e3b25e6c34ac0a09","name":"leysten","image":{"@type":"ImageObject","inLanguage":"fr-FR","@id":"https:\/\/mocliege.be\/ciep-verviers\/#\/schema\/person\/image\/","url":"https:\/\/secure.gravatar.com\/avatar\/649ab73f8cfba33ce337612dfcf51c0d?s=96&d=mm&r=g","contentUrl":"https:\/\/secure.gravatar.com\/avatar\/649ab73f8cfba33ce337612dfcf51c0d?s=96&d=mm&r=g","caption":"leysten"},"url":"https:\/\/mocliege.be\/ciep-verviers\/author\/leysten\/"}]}},"_links":{"self":[{"href":"https:\/\/mocliege.be\/ciep-verviers\/wp-json\/wp\/v2\/posts\/2805"}],"collection":[{"href":"https:\/\/mocliege.be\/ciep-verviers\/wp-json\/wp\/v2\/posts"}],"about":[{"href":"https:\/\/mocliege.be\/ciep-verviers\/wp-json\/wp\/v2\/types\/post"}],"author":[{"embeddable":true,"href":"https:\/\/mocliege.be\/ciep-verviers\/wp-json\/wp\/v2\/users\/17"}],"replies":[{"embeddable":true,"href":"https:\/\/mocliege.be\/ciep-verviers\/wp-json\/wp\/v2\/comments?post=2805"}],"version-history":[{"count":11,"href":"https:\/\/mocliege.be\/ciep-verviers\/wp-json\/wp\/v2\/posts\/2805\/revisions"}],"predecessor-version":[{"id":2841,"href":"https:\/\/mocliege.be\/ciep-verviers\/wp-json\/wp\/v2\/posts\/2805\/revisions\/2841"}],"wp:featuredmedia":[{"embeddable":true,"href":"https:\/\/mocliege.be\/ciep-verviers\/wp-json\/wp\/v2\/media\/2806"}],"wp:attachment":[{"href":"https:\/\/mocliege.be\/ciep-verviers\/wp-json\/wp\/v2\/media?parent=2805"}],"wp:term":[{"taxonomy":"category","embeddable":true,"href":"https:\/\/mocliege.be\/ciep-verviers\/wp-json\/wp\/v2\/categories?post=2805"},{"taxonomy":"post_tag","embeddable":true,"href":"https:\/\/mocliege.be\/ciep-verviers\/wp-json\/wp\/v2\/tags?post=2805"}],"curies":[{"name":"wp","href":"https:\/\/api.w.org\/{rel}","templated":true}]}}