{"id":2818,"date":"2026-04-20T08:30:47","date_gmt":"2026-04-20T06:30:47","guid":{"rendered":"https:\/\/mocliege.be\/ciep-verviers\/?p=2818"},"modified":"2026-04-20T09:41:52","modified_gmt":"2026-04-20T07:41:52","slug":"verviers-les-jeudis-matins-tables-de-conversation-citoyenne","status":"publish","type":"post","link":"https:\/\/mocliege.be\/ciep-verviers\/verviers-les-jeudis-matins-tables-de-conversation-citoyenne\/","title":{"rendered":"Verviers | Les jeudis matins | Participez \u00e0 nos tables de Conversation Citoyenne en fran\u00e7ais"},"content":{"rendered":"<p><!-- SEO: Titre H1 optimis\u00e9 avec mots-cl\u00e9s locaux --><\/p>\n<p><strong><img loading=\"lazy\" decoding=\"async\" class=\" wp-image-2825 alignright\" src=\"https:\/\/mocliege.be\/ciep-verviers\/wp-content\/uploads\/sites\/6\/2026\/03\/Tables-de-conversation-1-724x1024.jpg\" alt=\"\" width=\"493\" height=\"697\" srcset=\"https:\/\/mocliege.be\/ciep-verviers\/wp-content\/uploads\/sites\/6\/2026\/03\/Tables-de-conversation-1-724x1024.jpg 724w, https:\/\/mocliege.be\/ciep-verviers\/wp-content\/uploads\/sites\/6\/2026\/03\/Tables-de-conversation-1-212x300.jpg 212w, https:\/\/mocliege.be\/ciep-verviers\/wp-content\/uploads\/sites\/6\/2026\/03\/Tables-de-conversation-1-768x1086.jpg 768w, https:\/\/mocliege.be\/ciep-verviers\/wp-content\/uploads\/sites\/6\/2026\/03\/Tables-de-conversation-1-1086x1536.jpg 1086w, https:\/\/mocliege.be\/ciep-verviers\/wp-content\/uploads\/sites\/6\/2026\/03\/Tables-de-conversation-1-45x64.jpg 45w, https:\/\/mocliege.be\/ciep-verviers\/wp-content\/uploads\/sites\/6\/2026\/03\/Tables-de-conversation-1-177x250.jpg 177w, https:\/\/mocliege.be\/ciep-verviers\/wp-content\/uploads\/sites\/6\/2026\/03\/Tables-de-conversation-1-53x75.jpg 53w, https:\/\/mocliege.be\/ciep-verviers\/wp-content\/uploads\/sites\/6\/2026\/03\/Tables-de-conversation-1-150x212.jpg 150w, https:\/\/mocliege.be\/ciep-verviers\/wp-content\/uploads\/sites\/6\/2026\/03\/Tables-de-conversation-1-450x636.jpg 450w, https:\/\/mocliege.be\/ciep-verviers\/wp-content\/uploads\/sites\/6\/2026\/03\/Tables-de-conversation-1-600x849.jpg 600w, https:\/\/mocliege.be\/ciep-verviers\/wp-content\/uploads\/sites\/6\/2026\/03\/Tables-de-conversation-1-1200x1697.jpg 1200w, https:\/\/mocliege.be\/ciep-verviers\/wp-content\/uploads\/sites\/6\/2026\/03\/Tables-de-conversation-1.jpg 1414w\" sizes=\"(max-width: 493px) 100vw, 493px\" \/>Vous voulez parler fran\u00e7ais avec d&rsquo;autres personnes ?<\/strong> Rejoignez nos <strong>Tables de Conversation Citoyenne<\/strong>, chaque jeudi matin de <strong>9h30 \u00e0 12h30<\/strong>, au CIEP Verviers. C&rsquo;est gratuit et ouvert \u00e0 tous !<\/p>\n<h2>C&rsquo;est quoi, une Table de Conversation ?<\/h2>\n<p>C&rsquo;est un groupe o\u00f9 on <strong>parle ensemble en fran\u00e7ais<\/strong>, dans une ambiance sympa et sans pression. Chaque semaine, on discute d&rsquo;un sujet diff\u00e9rent autour de la vie en Belgique et dans le monde.<\/p>\n<p>Par exemple, on parle de :<\/p>\n<ul>\n<li>\ud83d\ude8c Les transports et la mobilit\u00e9<\/li>\n<li>\ud83d\udcf0 L&rsquo;actualit\u00e9 en Belgique et dans le monde<\/li>\n<li>\ud83d\udcbc Les droits au travail<\/li>\n<li>\ud83c\udfac La culture : cin\u00e9ma, expositions, livres<\/li>\n<li>\ud83d\udcf1 Les \u00e9crans et la technologie dans notre vie quotidienne<\/li>\n<li>\ud83d\uddf3\ufe0f La politique et la citoyennet\u00e9<\/li>\n<li>&#8230; et les sujets propos\u00e9s par les participants !<\/li>\n<\/ul>\n<h2>Comment on participe ?<\/h2>\n<p>On discute, on partage des anecdotes, on joue \u00e0 des jeux, on regarde des documentaires&#8230; On fait aussi des sorties : visites d&rsquo;expositions, balades dans Verviers ou Li\u00e8ge, d\u00e9couverte d&rsquo;associations locales.<\/p>\n<p>C&rsquo;est aussi une belle occasion de <strong>rencontrer des habitants de son quartier<\/strong> et de cr\u00e9er des liens.<\/p>\n<h2>Qui peut venir ?<\/h2>\n<p><strong>Tout le monde est le bienvenu !<\/strong> Vous n&rsquo;avez pas besoin de :<\/p>\n<ul>\n<li>\u274c Savoir lire ou \u00e9crire<\/li>\n<li>\u274c Parler fran\u00e7ais parfaitement<\/li>\n<\/ul>\n<p>Il faut seulement <strong>comprendre et parler un peu le fran\u00e7ais \u00e0 l&rsquo;oral<\/strong>. C&rsquo;est justement l&rsquo;occasion de <strong>progresser, gagner en confiance et s&rsquo;exercer<\/strong> dans un cadre bienveillant.<\/p>\n<h2>\ud83d\udccd Informations pratiques<\/h2>\n<ul>\n<li>\ud83d\udcc5 <strong>Quand ?<\/strong> Chaque jeudi de <strong>9h30 \u00e0 12h30<\/strong> (sauf pendant les cong\u00e9s scolaires)<\/li>\n<li>\ud83d\udccc <strong>O\u00f9 ?<\/strong> CIEP Verviers \u2013 <strong>Rue du Palais 25, 4800 Verviers<\/strong><\/li>\n<li>\ud83d\udcb6 <strong>Prix ?<\/strong> <strong>Gratuit !<\/strong><\/li>\n<li>\ud83d\udcde <strong>Contact :<\/strong> Nora Marcolungo \u2013 <a href=\"tel:0470250119\">0470 25 01 19<\/a> \u2013 <a href=\"mailto:marcolungo@mocliege.org\">marcolungo@mocliege.org<\/a><\/li>\n<\/ul>\n<p style=\"text-align: center;\"><strong>\ud83d\udc49 Venez nous rejoindre ! Bienvenue \u00e0 toutes et tous. \ud83d\ude0a<\/strong><\/p>\n<div class=\"row gallery\">\n\t\t<div class=\"col-6 col-md-4\">\n\t\t<div class=\"gallery-image-wrap\">\n\t\t<a data-gallery=\"gallery\" href=\"https:\/\/mocliege.be\/ciep-verviers\/wp-content\/uploads\/sites\/6\/2025\/12\/1-1.jpg\">\n\t\t<img decoding=\"async\" src=\"https:\/\/mocliege.be\/ciep-verviers\/wp-content\/uploads\/sites\/6\/2025\/12\/1-1.jpg\" alt=\"\" class=\"img-responsive\">\n\t\t<\/a>\n\t\t<\/div>\n\t\t<\/div>\n\t\t<div class=\"col-6 col-md-4\">\n\t\t<div class=\"gallery-image-wrap\">\n\t\t<a data-gallery=\"gallery\" href=\"https:\/\/mocliege.be\/ciep-verviers\/wp-content\/uploads\/sites\/6\/2025\/12\/2-1.jpg\">\n\t\t<img decoding=\"async\" src=\"https:\/\/mocliege.be\/ciep-verviers\/wp-content\/uploads\/sites\/6\/2025\/12\/2-1.jpg\" alt=\"\" class=\"img-responsive\">\n\t\t<\/a>\n\t\t<\/div>\n\t\t<\/div>\n\t\t<div class=\"col-6 col-md-4\">\n\t\t<div class=\"gallery-image-wrap\">\n\t\t<a data-gallery=\"gallery\" href=\"https:\/\/mocliege.be\/ciep-verviers\/wp-content\/uploads\/sites\/6\/2025\/12\/3-1.jpg\">\n\t\t<img decoding=\"async\" src=\"https:\/\/mocliege.be\/ciep-verviers\/wp-content\/uploads\/sites\/6\/2025\/12\/3-1.jpg\" alt=\"\" class=\"img-responsive\">\n\t\t<\/a>\n\t\t<\/div>\n\t\t<\/div><\/div>\n<p>&nbsp;<\/p>\n","protected":false},"excerpt":{"rendered":"<p>Vous voulez parler fran\u00e7ais avec d&rsquo;autres personnes ? Rejoignez nos Tables de Conversation Citoyenne, chaque [&hellip;]<\/p>\n","protected":false},"author":38,"featured_media":2826,"comment_status":"open","ping_status":"open","sticky":false,"template":"","format":"standard","meta":{"_monsterinsights_skip_tracking":false,"_monsterinsights_sitenote_active":false,"_monsterinsights_sitenote_note":"","_monsterinsights_sitenote_category":0,"footnotes":""},"categories":[1],"tags":[11],"acf":[],"yoast_head":"<!-- This site is optimized with the Yoast SEO plugin v19.14 - https:\/\/yoast.com\/wordpress\/plugins\/seo\/ -->\n<title>Verviers | Les jeudis matins | Participez \u00e0 nos tables de Conversation Citoyenne en fran\u00e7ais - Ciep-verviers<\/title>\n<meta name=\"robots\" content=\"index, follow, max-snippet:-1, max-image-preview:large, max-video-preview:-1\" \/>\n<link rel=\"canonical\" href=\"https:\/\/mocliege.be\/ciep-verviers\/verviers-les-jeudis-matins-tables-de-conversation-citoyenne\/\" \/>\n<meta property=\"og:locale\" content=\"fr_FR\" \/>\n<meta property=\"og:type\" content=\"article\" \/>\n<meta property=\"og:title\" content=\"Verviers | Les jeudis matins | Participez \u00e0 nos tables de Conversation Citoyenne en fran\u00e7ais - Ciep-verviers\" \/>\n<meta property=\"og:description\" content=\"Vous voulez parler fran\u00e7ais avec d&rsquo;autres personnes ? Rejoignez nos Tables de Conversation Citoyenne, chaque [&hellip;]\" \/>\n<meta property=\"og:url\" content=\"https:\/\/mocliege.be\/ciep-verviers\/verviers-les-jeudis-matins-tables-de-conversation-citoyenne\/\" \/>\n<meta property=\"og:site_name\" content=\"Ciep-verviers\" \/>\n<meta property=\"article:published_time\" content=\"2026-04-20T06:30:47+00:00\" \/>\n<meta property=\"article:modified_time\" content=\"2026-04-20T07:41:52+00:00\" \/>\n<meta property=\"og:image\" content=\"https:\/\/mocliege.be\/ciep-verviers\/wp-content\/uploads\/sites\/6\/2026\/03\/Miniatures-articles-site-57.jpg\" \/>\n\t<meta property=\"og:image:width\" content=\"1002\" \/>\n\t<meta property=\"og:image:height\" content=\"482\" \/>\n\t<meta property=\"og:image:type\" content=\"image\/jpeg\" \/>\n<meta name=\"author\" content=\"noram25\" \/>\n<meta name=\"twitter:card\" content=\"summary_large_image\" \/>\n<meta name=\"twitter:label1\" content=\"\u00c9crit par\" \/>\n\t<meta name=\"twitter:data1\" content=\"noram25\" \/>\n\t<meta name=\"twitter:label2\" content=\"Dur\u00e9e de lecture estim\u00e9e\" \/>\n\t<meta name=\"twitter:data2\" content=\"1 minute\" \/>\n<script type=\"application\/ld+json\" class=\"yoast-schema-graph\">{\"@context\":\"https:\/\/schema.org\",\"@graph\":[{\"@type\":\"WebPage\",\"@id\":\"https:\/\/mocliege.be\/ciep-verviers\/verviers-les-jeudis-matins-tables-de-conversation-citoyenne\/\",\"url\":\"https:\/\/mocliege.be\/ciep-verviers\/verviers-les-jeudis-matins-tables-de-conversation-citoyenne\/\",\"name\":\"Verviers | Les jeudis matins | Participez \u00e0 nos tables de Conversation Citoyenne en fran\u00e7ais - Ciep-verviers\",\"isPartOf\":{\"@id\":\"https:\/\/mocliege.be\/ciep-verviers\/#website\"},\"datePublished\":\"2026-04-20T06:30:47+00:00\",\"dateModified\":\"2026-04-20T07:41:52+00:00\",\"author\":{\"@id\":\"https:\/\/mocliege.be\/ciep-verviers\/#\/schema\/person\/0b99d99392475326e5fb92a13b3b7dff\"},\"breadcrumb\":{\"@id\":\"https:\/\/mocliege.be\/ciep-verviers\/verviers-les-jeudis-matins-tables-de-conversation-citoyenne\/#breadcrumb\"},\"inLanguage\":\"fr-FR\",\"potentialAction\":[{\"@type\":\"ReadAction\",\"target\":[\"https:\/\/mocliege.be\/ciep-verviers\/verviers-les-jeudis-matins-tables-de-conversation-citoyenne\/\"]}]},{\"@type\":\"BreadcrumbList\",\"@id\":\"https:\/\/mocliege.be\/ciep-verviers\/verviers-les-jeudis-matins-tables-de-conversation-citoyenne\/#breadcrumb\",\"itemListElement\":[{\"@type\":\"ListItem\",\"position\":1,\"name\":\"Accueil\",\"item\":\"https:\/\/mocliege.be\/ciep-verviers\/\"},{\"@type\":\"ListItem\",\"position\":2,\"name\":\"Verviers | Les jeudis matins | Participez \u00e0 nos tables de Conversation Citoyenne en fran\u00e7ais\"}]},{\"@type\":\"WebSite\",\"@id\":\"https:\/\/mocliege.be\/ciep-verviers\/#website\",\"url\":\"https:\/\/mocliege.be\/ciep-verviers\/\",\"name\":\"Ciep-verviers\",\"description\":\"Un site utilisant Sites du MOC - Li\u00e8ge\",\"potentialAction\":[{\"@type\":\"SearchAction\",\"target\":{\"@type\":\"EntryPoint\",\"urlTemplate\":\"https:\/\/mocliege.be\/ciep-verviers\/?s={search_term_string}\"},\"query-input\":\"required name=search_term_string\"}],\"inLanguage\":\"fr-FR\"},{\"@type\":\"Person\",\"@id\":\"https:\/\/mocliege.be\/ciep-verviers\/#\/schema\/person\/0b99d99392475326e5fb92a13b3b7dff\",\"name\":\"noram25\",\"image\":{\"@type\":\"ImageObject\",\"inLanguage\":\"fr-FR\",\"@id\":\"https:\/\/mocliege.be\/ciep-verviers\/#\/schema\/person\/image\/\",\"url\":\"https:\/\/secure.gravatar.com\/avatar\/cb7575a519e9441434eaacd7822be148?s=96&d=mm&r=g\",\"contentUrl\":\"https:\/\/secure.gravatar.com\/avatar\/cb7575a519e9441434eaacd7822be148?s=96&d=mm&r=g\",\"caption\":\"noram25\"},\"url\":\"https:\/\/mocliege.be\/ciep-verviers\/author\/noram25\/\"}]}<\/script>\n<!-- \/ Yoast SEO plugin. -->","yoast_head_json":{"title":"Verviers | Les jeudis matins | Participez \u00e0 nos tables de Conversation Citoyenne en fran\u00e7ais - Ciep-verviers","robots":{"index":"index","follow":"follow","max-snippet":"max-snippet:-1","max-image-preview":"max-image-preview:large","max-video-preview":"max-video-preview:-1"},"canonical":"https:\/\/mocliege.be\/ciep-verviers\/verviers-les-jeudis-matins-tables-de-conversation-citoyenne\/","og_locale":"fr_FR","og_type":"article","og_title":"Verviers | Les jeudis matins | Participez \u00e0 nos tables de Conversation Citoyenne en fran\u00e7ais - Ciep-verviers","og_description":"Vous voulez parler fran\u00e7ais avec d&rsquo;autres personnes ? Rejoignez nos Tables de Conversation Citoyenne, chaque [&hellip;]","og_url":"https:\/\/mocliege.be\/ciep-verviers\/verviers-les-jeudis-matins-tables-de-conversation-citoyenne\/","og_site_name":"Ciep-verviers","article_published_time":"2026-04-20T06:30:47+00:00","article_modified_time":"2026-04-20T07:41:52+00:00","og_image":[{"width":1002,"height":482,"url":"https:\/\/mocliege.be\/ciep-verviers\/wp-content\/uploads\/sites\/6\/2026\/03\/Miniatures-articles-site-57.jpg","type":"image\/jpeg"}],"author":"noram25","twitter_card":"summary_large_image","twitter_misc":{"\u00c9crit par":"noram25","Dur\u00e9e de lecture estim\u00e9e":"1 minute"},"schema":{"@context":"https:\/\/schema.org","@graph":[{"@type":"WebPage","@id":"https:\/\/mocliege.be\/ciep-verviers\/verviers-les-jeudis-matins-tables-de-conversation-citoyenne\/","url":"https:\/\/mocliege.be\/ciep-verviers\/verviers-les-jeudis-matins-tables-de-conversation-citoyenne\/","name":"Verviers | Les jeudis matins | Participez \u00e0 nos tables de Conversation Citoyenne en fran\u00e7ais - Ciep-verviers","isPartOf":{"@id":"https:\/\/mocliege.be\/ciep-verviers\/#website"},"datePublished":"2026-04-20T06:30:47+00:00","dateModified":"2026-04-20T07:41:52+00:00","author":{"@id":"https:\/\/mocliege.be\/ciep-verviers\/#\/schema\/person\/0b99d99392475326e5fb92a13b3b7dff"},"breadcrumb":{"@id":"https:\/\/mocliege.be\/ciep-verviers\/verviers-les-jeudis-matins-tables-de-conversation-citoyenne\/#breadcrumb"},"inLanguage":"fr-FR","potentialAction":[{"@type":"ReadAction","target":["https:\/\/mocliege.be\/ciep-verviers\/verviers-les-jeudis-matins-tables-de-conversation-citoyenne\/"]}]},{"@type":"BreadcrumbList","@id":"https:\/\/mocliege.be\/ciep-verviers\/verviers-les-jeudis-matins-tables-de-conversation-citoyenne\/#breadcrumb","itemListElement":[{"@type":"ListItem","position":1,"name":"Accueil","item":"https:\/\/mocliege.be\/ciep-verviers\/"},{"@type":"ListItem","position":2,"name":"Verviers | Les jeudis matins | Participez \u00e0 nos tables de Conversation Citoyenne en fran\u00e7ais"}]},{"@type":"WebSite","@id":"https:\/\/mocliege.be\/ciep-verviers\/#website","url":"https:\/\/mocliege.be\/ciep-verviers\/","name":"Ciep-verviers","description":"Un site utilisant Sites du MOC - Li\u00e8ge","potentialAction":[{"@type":"SearchAction","target":{"@type":"EntryPoint","urlTemplate":"https:\/\/mocliege.be\/ciep-verviers\/?s={search_term_string}"},"query-input":"required name=search_term_string"}],"inLanguage":"fr-FR"},{"@type":"Person","@id":"https:\/\/mocliege.be\/ciep-verviers\/#\/schema\/person\/0b99d99392475326e5fb92a13b3b7dff","name":"noram25","image":{"@type":"ImageObject","inLanguage":"fr-FR","@id":"https:\/\/mocliege.be\/ciep-verviers\/#\/schema\/person\/image\/","url":"https:\/\/secure.gravatar.com\/avatar\/cb7575a519e9441434eaacd7822be148?s=96&d=mm&r=g","contentUrl":"https:\/\/secure.gravatar.com\/avatar\/cb7575a519e9441434eaacd7822be148?s=96&d=mm&r=g","caption":"noram25"},"url":"https:\/\/mocliege.be\/ciep-verviers\/author\/noram25\/"}]}},"_links":{"self":[{"href":"https:\/\/mocliege.be\/ciep-verviers\/wp-json\/wp\/v2\/posts\/2818"}],"collection":[{"href":"https:\/\/mocliege.be\/ciep-verviers\/wp-json\/wp\/v2\/posts"}],"about":[{"href":"https:\/\/mocliege.be\/ciep-verviers\/wp-json\/wp\/v2\/types\/post"}],"author":[{"embeddable":true,"href":"https:\/\/mocliege.be\/ciep-verviers\/wp-json\/wp\/v2\/users\/38"}],"replies":[{"embeddable":true,"href":"https:\/\/mocliege.be\/ciep-verviers\/wp-json\/wp\/v2\/comments?post=2818"}],"version-history":[{"count":8,"href":"https:\/\/mocliege.be\/ciep-verviers\/wp-json\/wp\/v2\/posts\/2818\/revisions"}],"predecessor-version":[{"id":2824,"href":"https:\/\/mocliege.be\/ciep-verviers\/wp-json\/wp\/v2\/posts\/2818\/revisions\/2824"}],"wp:featuredmedia":[{"embeddable":true,"href":"https:\/\/mocliege.be\/ciep-verviers\/wp-json\/wp\/v2\/media\/2826"}],"wp:attachment":[{"href":"https:\/\/mocliege.be\/ciep-verviers\/wp-json\/wp\/v2\/media?parent=2818"}],"wp:term":[{"taxonomy":"category","embeddable":true,"href":"https:\/\/mocliege.be\/ciep-verviers\/wp-json\/wp\/v2\/categories?post=2818"},{"taxonomy":"post_tag","embeddable":true,"href":"https:\/\/mocliege.be\/ciep-verviers\/wp-json\/wp\/v2\/tags?post=2818"}],"curies":[{"name":"wp","href":"https:\/\/api.w.org\/{rel}","templated":true}]}}