{"id":3105,"date":"2026-09-01T15:27:04","date_gmt":"2026-09-01T13:27:04","guid":{"rendered":"https:\/\/mocliege.be\/ciep-verviers\/?p=3105"},"modified":"2026-09-01T15:27:04","modified_gmt":"2026-09-01T13:27:04","slug":"concours-kilometres-alimentaires-ciep-verviers","status":"publish","type":"post","link":"https:\/\/mocliege.be\/ciep-verviers\/concours-kilometres-alimentaires-ciep-verviers\/","title":{"rendered":"D\u00e9couvrez les gagnants de nos 2 concours des kilom\u00e8tres alimentaires !"},"content":{"rendered":"<p><img loading=\"lazy\" decoding=\"async\" class=\"wp-image-2996 alignright\" src=\"https:\/\/mocliege.be\/ciep-verviers\/wp-content\/uploads\/sites\/6\/2026\/06\/2-1-1024x1024.jpg\" alt=\"\" width=\"440\" height=\"440\" srcset=\"https:\/\/mocliege.be\/ciep-verviers\/wp-content\/uploads\/sites\/6\/2026\/06\/2-1-1024x1024.jpg 1024w, https:\/\/mocliege.be\/ciep-verviers\/wp-content\/uploads\/sites\/6\/2026\/06\/2-1-300x300.jpg 300w, https:\/\/mocliege.be\/ciep-verviers\/wp-content\/uploads\/sites\/6\/2026\/06\/2-1-150x150.jpg 150w, https:\/\/mocliege.be\/ciep-verviers\/wp-content\/uploads\/sites\/6\/2026\/06\/2-1-768x768.jpg 768w, https:\/\/mocliege.be\/ciep-verviers\/wp-content\/uploads\/sites\/6\/2026\/06\/2-1-1536x1536.jpg 1536w, https:\/\/mocliege.be\/ciep-verviers\/wp-content\/uploads\/sites\/6\/2026\/06\/2-1-64x64.jpg 64w, https:\/\/mocliege.be\/ciep-verviers\/wp-content\/uploads\/sites\/6\/2026\/06\/2-1-250x250.jpg 250w, https:\/\/mocliege.be\/ciep-verviers\/wp-content\/uploads\/sites\/6\/2026\/06\/2-1-75x75.jpg 75w, https:\/\/mocliege.be\/ciep-verviers\/wp-content\/uploads\/sites\/6\/2026\/06\/2-1-450x450.jpg 450w, https:\/\/mocliege.be\/ciep-verviers\/wp-content\/uploads\/sites\/6\/2026\/06\/2-1-600x600.jpg 600w, https:\/\/mocliege.be\/ciep-verviers\/wp-content\/uploads\/sites\/6\/2026\/06\/2-1-1200x1200.jpg 1200w, https:\/\/mocliege.be\/ciep-verviers\/wp-content\/uploads\/sites\/6\/2026\/06\/2-1.jpg 2000w\" sizes=\"auto, (max-width: 440px) 100vw, 440px\" \/>Et si vos fruits et l\u00e9gumes pr\u00e9f\u00e9r\u00e9s avaient fait le tour du monde avant d&rsquo;arriver dans votre assiette ? C&rsquo;est la question que nous avons pos\u00e9e au public le printemps dernier \u00e0 travers un concours, durant deux \u00e9v\u00e9nements sur le th\u00e8me de la <strong>transition alimentaire<\/strong>. L&rsquo;occasion de faire r\u00e9fl\u00e9chir petits et grands sur les kilom\u00e8tres parcourus par notre alimentation, mais aussi de faire plaisir \u00e0 deux gagnants !<\/p>\n<p>Caf\u00e9 venu de Colombie, gingembre arriv\u00e9 de Chine, curcuma originaire du P\u00e9rou, \u2026 Nos assiettes racontent souvent un incroyable voyage, invisible au premier coup d&rsquo;\u0153il. En proposant \u00e0 des groupes de participants de calculer le nombre de kilom\u00e8tres cumul\u00e9s par une s\u00e9lection d&rsquo;aliments, le CIEP Verviers a imagin\u00e9 un outil concret pour sensibiliser \u00e0 la question des <strong>circuits courts<\/strong> et de <strong>l&rsquo;alimentation locale<\/strong>, deux piliers essentiels d&rsquo;une transition plus durable.<\/p>\n<p>Le principe : deviner, au plus juste, la distance totale parcourue par une liste d&rsquo;aliments, entre produits venus de loin et produits locaux.<\/p>\n<h2>Premier concours : \u00ab Des aliments qui ont le go\u00fbt du voyage \u00bb<\/h2>\n<p>Le premier rendez-vous s&rsquo;est tenu le <strong>23 mai<\/strong>, au <a href=\"https:\/\/revert.be\/jardin-patati-patata\/\">Jardin Patati Patata<\/a>, \u00e0 l&rsquo;occasion de l&rsquo;activit\u00e9 d&rsquo;\u00e9change de graines, de semis et de plantes organis\u00e9e par la <a href=\"https:\/\/www.verviers.be\/bibliotheque\/nos-services\/grainotheque\"><strong>Grainoth\u00e8que de Verviers<\/strong><\/a>. Cette belle collaboration entre le CIEP, la <a href=\"https:\/\/www.verviers.be\/bibliotheque\/home-page\">Biblioth\u00e8que de Verviers<\/a>, le Jardin Patati Patata et la librairie <a href=\"https:\/\/www.librairielatraversee.be\/\"><strong>La Travers\u00e9e<\/strong><\/a> a permis de proposer aux participants un quiz bas\u00e9 sur <strong>10 aliments<\/strong> \u00e0 additionner.<\/p>\n<p>La bonne r\u00e9ponse ? Un total de <strong>59.400 km<\/strong> parcourus cumulativement par les dix aliments propos\u00e9s. C&rsquo;est <strong>Colette D.<\/strong> qui s&rsquo;est r\u00e9v\u00e9l\u00e9e la plus proche du compte avec une estimation de 58.500 km, remportant ainsi <strong>un bon d&rsquo;achat de 10 \u20ac \u00e0 la librairie La Travers\u00e9e<\/strong>. Toutes nos f\u00e9licitations \u00e0 elle !<\/p>\n<h2>Second concours : \u00ab Vos aliments voyagent\u2026 \u00bb lors du festival Nourrir Autrement<\/h2>\n<p>Le second concours s&rsquo;est d\u00e9roul\u00e9 quelques jours plus tard, le <strong>3 juin<\/strong>, dans un cadre diff\u00e9rent : le <strong>pique-nique solidaire<\/strong> organis\u00e9 par le CIEP et les <a href=\"https:\/\/www.equipespopulaires.be\/verviers\/\">\u00c9quipes Populaires de Verviers<\/a> dans le cadre du festival <strong>\u00ab <a href=\"https:\/\/nourrirverviers.be\/\">Nourrir Autrement<\/a> \u00bb<\/strong>. Toujours au Jardin Patati Patata, ce moment convivial a rassembl\u00e9 pas moins de <strong>25 participants<\/strong> autour d&rsquo;un d\u00e9fi un peu plus cors\u00e9 : cette fois, il fallait estimer le total kilom\u00e9trique de <strong>16 aliments<\/strong> !<\/p>\n<p>La bonne r\u00e9ponse s&rsquo;\u00e9levait \u00e0 <strong>74.200 km<\/strong>. C&rsquo;est <strong>Eddy W.<\/strong> qui a remport\u00e9 le concours avec une estimation de 75.000 km, d\u00e9crochant lui aussi <strong>un bon d&rsquo;achat de 10 \u20ac \u00e0 la librairie La Travers\u00e9e<\/strong>. Un grand bravo \u00e0 lui \u00e9galement !<\/p>\n<h2>Envie de participer \u00e0 nos prochains rendez-vous ?<\/h2>\n<p>Au-del\u00e0 du jeu, ces concours illustrent une conviction forte : comprendre d&rsquo;o\u00f9 vient ce que l&rsquo;on mange, c&rsquo;est d\u00e9j\u00e0 un premier pas vers une consommation plus consciente et plus durable !<\/p>\n<p>Ces deux concours ne sont qu&rsquo;un exemple parmi les nombreuses animations que nous organisons tout au long de l&rsquo;ann\u00e9e telles que des <a href=\"https:\/\/mocliege.be\/ciep-verviers\/verviers-04-06-midi-cine-le-pain-qui-nous-lie\/\">midi-cin\u00e9s<\/a>, des <a href=\"https:\/\/mocliege.be\/ciep-verviers\/retour-sur-notre-premiere-rencontre-interculturelle-et-intergenerationnelle\/\">tables de conversation<\/a>, des <a href=\"https:\/\/mocliege.be\/ciep-verviers\/verviers-07-09-participez-a-notre-debat-lade-une-balade-citoyenne-pour-repenser-la-nature-en-ville\/\">d\u00e9bat-lades<\/a>, <a href=\"https:\/\/mocliege.be\/ciep-verviers\/verviers-repair-cafe-programme-de-2026\/\">Repair Caf\u00e9<\/a>, <a href=\"https:\/\/mocliege.be\/ciep-verviers\/chauve-souris-plantes-sauvages-frelon-asiatique-retour-sur-notre-saison-de-grainotheques-a-spa-et-verviers\/\">grainoth\u00e8ques<\/a>, <a href=\"https:\/\/mocliege.be\/besoin-daide-pour-vos-demarches-administratives-contactez-notre-permanence-sociale-gratuite-a-liege-et-verviers\/\">permanences sociales<\/a>, <a href=\"https:\/\/mocliege.be\/ciep-verviers\/participez-a-notre-formation-gratuite-a-la-citoyennete-a-spa-des-septembre-2026\/\">formation \u00e0 la citoyennet\u00e9<\/a>, <a href=\"https:\/\/mocliege.be\/ciep-verviers\/carrefour-vervietois-des-ccca-lart-de-partager-idees-et-tartes\/\">CCCA<\/a> et encore <a href=\"https:\/\/mocliege.be\/ciep-verviers\/a-vos-agendas-les-evenements-a-ne-pas-rater\/\">bien d&rsquo;autres \u00e9v\u00e9nements<\/a> ! Pour ne manquer aucun prochain rendez-vous, <a href=\"https:\/\/mailchi.mp\/129e88dd7819\/ciepverviers\"><strong>inscrivez-vous d\u00e8s maintenant \u00e0 notre newsletter en cliquant-ici<\/strong> <\/a>et recevez toute notre actualit\u00e9 directement dans votre bo\u00eete mail !<\/p>\n<div class=\"row gallery\">\n\t\t<div class=\"col-6 col-md-4\">\n\t\t<div class=\"gallery-image-wrap\">\n\t\t<a data-gallery=\"gallery\" href=\"https:\/\/mocliege.be\/ciep-verviers\/wp-content\/uploads\/sites\/6\/2026\/06\/Sans-titre-Lolhhgo.png\">\n\t\t<img decoding=\"async\" src=\"https:\/\/mocliege.be\/ciep-verviers\/wp-content\/uploads\/sites\/6\/2026\/06\/Sans-titre-Lolhhgo.png\" alt=\"\" class=\"img-responsive\">\n\t\t<\/a>\n\t\t<\/div>\n\t\t<\/div>\n\t\t<div class=\"col-6 col-md-4\">\n\t\t<div class=\"gallery-image-wrap\">\n\t\t<a data-gallery=\"gallery\" href=\"https:\/\/mocliege.be\/ciep-verviers\/wp-content\/uploads\/sites\/6\/2026\/06\/13.jpg\">\n\t\t<img decoding=\"async\" src=\"https:\/\/mocliege.be\/ciep-verviers\/wp-content\/uploads\/sites\/6\/2026\/06\/13.jpg\" alt=\"\" class=\"img-responsive\">\n\t\t<\/a>\n\t\t<\/div>\n\t\t<\/div>\n\t\t<div class=\"col-6 col-md-4\">\n\t\t<div class=\"gallery-image-wrap\">\n\t\t<a data-gallery=\"gallery\" href=\"https:\/\/mocliege.be\/ciep-verviers\/wp-content\/uploads\/sites\/6\/2026\/06\/4.jpg\">\n\t\t<img decoding=\"async\" src=\"https:\/\/mocliege.be\/ciep-verviers\/wp-content\/uploads\/sites\/6\/2026\/06\/4.jpg\" alt=\"\" class=\"img-responsive\">\n\t\t<\/a>\n\t\t<\/div>\n\t\t<\/div><\/div>\n","protected":false},"excerpt":{"rendered":"<p>Et si vos fruits et l\u00e9gumes pr\u00e9f\u00e9r\u00e9s avaient fait le tour du monde avant d&rsquo;arriver [&hellip;]<\/p>\n","protected":false},"author":9,"featured_media":3106,"comment_status":"closed","ping_status":"closed","sticky":false,"template":"","format":"standard","meta":{"_acf_changed":false,"_monsterinsights_skip_tracking":false,"_monsterinsights_sitenote_active":false,"_monsterinsights_sitenote_note":"","_monsterinsights_sitenote_category":0,"footnotes":""},"categories":[1],"tags":[11],"class_list":["post-3105","post","type-post","status-publish","format-standard","has-post-thumbnail","hentry","category-non-classe","tag-ciep-verviers"],"acf":[],"yoast_head":"<!-- This site is optimized with the Yoast SEO plugin v28.1 - https:\/\/yoast.com\/product\/yoast-seo-wordpress\/ -->\n<title>D\u00e9couvrez les gagnants de nos 2 concours des kilom\u00e8tres alimentaires ! - Ciep-verviers<\/title>\n<meta name=\"description\" content=\"Le CIEP Verviers a organis\u00e9 deux concours sur les kilom\u00e8tres parcourus par nos aliments. D\u00e9couvrez les \u00e9v\u00e9nements, les r\u00e9sultats et les gagnants !\" \/>\n<meta name=\"robots\" content=\"index, follow, max-snippet:-1, max-image-preview:large, max-video-preview:-1\" \/>\n<link rel=\"canonical\" href=\"https:\/\/mocliege.be\/ciep-verviers\/concours-kilometres-alimentaires-ciep-verviers\/\" \/>\n<meta property=\"og:locale\" content=\"fr_FR\" \/>\n<meta property=\"og:type\" content=\"article\" \/>\n<meta property=\"og:title\" content=\"D\u00e9couvrez les gagnants de nos 2 concours des kilom\u00e8tres alimentaires ! - Ciep-verviers\" \/>\n<meta property=\"og:description\" content=\"Le CIEP Verviers a organis\u00e9 deux concours sur les kilom\u00e8tres parcourus par nos aliments. D\u00e9couvrez les \u00e9v\u00e9nements, les r\u00e9sultats et les gagnants !\" \/>\n<meta property=\"og:url\" content=\"https:\/\/mocliege.be\/ciep-verviers\/concours-kilometres-alimentaires-ciep-verviers\/\" \/>\n<meta property=\"og:site_name\" content=\"Ciep-verviers\" \/>\n<meta property=\"article:published_time\" content=\"2026-09-01T13:27:04+00:00\" \/>\n<meta property=\"og:image\" content=\"https:\/\/mocliege.be\/ciep-verviers\/wp-content\/uploads\/sites\/6\/2026\/09\/Miniatures-articles-site-90.jpg\" \/>\n\t<meta property=\"og:image:width\" content=\"752\" \/>\n\t<meta property=\"og:image:height\" content=\"362\" \/>\n\t<meta property=\"og:image:type\" content=\"image\/jpeg\" \/>\n<meta name=\"author\" content=\"nlaermans\" \/>\n<meta name=\"twitter:card\" content=\"summary_large_image\" \/>\n<meta name=\"twitter:label1\" content=\"\u00c9crit par\" \/>\n\t<meta name=\"twitter:data1\" content=\"nlaermans\" \/>\n\t<meta name=\"twitter:label2\" content=\"Dur\u00e9e de lecture estim\u00e9e\" \/>\n\t<meta name=\"twitter:data2\" content=\"3 minutes\" \/>\n<script type=\"application\/ld+json\" class=\"yoast-schema-graph\">{\"@context\":\"https:\\\/\\\/schema.org\",\"@graph\":[{\"@type\":\"Article\",\"@id\":\"https:\\\/\\\/mocliege.be\\\/ciep-verviers\\\/concours-kilometres-alimentaires-ciep-verviers\\\/#article\",\"isPartOf\":{\"@id\":\"https:\\\/\\\/mocliege.be\\\/ciep-verviers\\\/concours-kilometres-alimentaires-ciep-verviers\\\/\"},\"author\":{\"name\":\"nlaermans\",\"@id\":\"https:\\\/\\\/mocliege.be\\\/ciep-verviers\\\/#\\\/schema\\\/person\\\/26283e812b371323e9e5f18fbdd33d6b\"},\"headline\":\"D\u00e9couvrez les gagnants de nos 2 concours des kilom\u00e8tres alimentaires !\",\"datePublished\":\"2026-09-01T13:27:04+00:00\",\"mainEntityOfPage\":{\"@id\":\"https:\\\/\\\/mocliege.be\\\/ciep-verviers\\\/concours-kilometres-alimentaires-ciep-verviers\\\/\"},\"wordCount\":557,\"image\":{\"@id\":\"https:\\\/\\\/mocliege.be\\\/ciep-verviers\\\/concours-kilometres-alimentaires-ciep-verviers\\\/#primaryimage\"},\"thumbnailUrl\":\"https:\\\/\\\/mocliege.be\\\/ciep-verviers\\\/wp-content\\\/uploads\\\/sites\\\/6\\\/2026\\\/09\\\/Miniatures-articles-site-90.jpg\",\"keywords\":[\"CIEP Verviers\"],\"inLanguage\":\"fr-FR\"},{\"@type\":\"WebPage\",\"@id\":\"https:\\\/\\\/mocliege.be\\\/ciep-verviers\\\/concours-kilometres-alimentaires-ciep-verviers\\\/\",\"url\":\"https:\\\/\\\/mocliege.be\\\/ciep-verviers\\\/concours-kilometres-alimentaires-ciep-verviers\\\/\",\"name\":\"D\u00e9couvrez les gagnants de nos 2 concours des kilom\u00e8tres alimentaires ! - Ciep-verviers\",\"isPartOf\":{\"@id\":\"https:\\\/\\\/mocliege.be\\\/ciep-verviers\\\/#website\"},\"primaryImageOfPage\":{\"@id\":\"https:\\\/\\\/mocliege.be\\\/ciep-verviers\\\/concours-kilometres-alimentaires-ciep-verviers\\\/#primaryimage\"},\"image\":{\"@id\":\"https:\\\/\\\/mocliege.be\\\/ciep-verviers\\\/concours-kilometres-alimentaires-ciep-verviers\\\/#primaryimage\"},\"thumbnailUrl\":\"https:\\\/\\\/mocliege.be\\\/ciep-verviers\\\/wp-content\\\/uploads\\\/sites\\\/6\\\/2026\\\/09\\\/Miniatures-articles-site-90.jpg\",\"datePublished\":\"2026-09-01T13:27:04+00:00\",\"author\":{\"@id\":\"https:\\\/\\\/mocliege.be\\\/ciep-verviers\\\/#\\\/schema\\\/person\\\/26283e812b371323e9e5f18fbdd33d6b\"},\"description\":\"Le CIEP Verviers a organis\u00e9 deux concours sur les kilom\u00e8tres parcourus par nos aliments. D\u00e9couvrez les \u00e9v\u00e9nements, les r\u00e9sultats et les gagnants !\",\"breadcrumb\":{\"@id\":\"https:\\\/\\\/mocliege.be\\\/ciep-verviers\\\/concours-kilometres-alimentaires-ciep-verviers\\\/#breadcrumb\"},\"inLanguage\":\"fr-FR\",\"potentialAction\":[{\"@type\":\"ReadAction\",\"target\":[\"https:\\\/\\\/mocliege.be\\\/ciep-verviers\\\/concours-kilometres-alimentaires-ciep-verviers\\\/\"]}]},{\"@type\":\"ImageObject\",\"inLanguage\":\"fr-FR\",\"@id\":\"https:\\\/\\\/mocliege.be\\\/ciep-verviers\\\/concours-kilometres-alimentaires-ciep-verviers\\\/#primaryimage\",\"url\":\"https:\\\/\\\/mocliege.be\\\/ciep-verviers\\\/wp-content\\\/uploads\\\/sites\\\/6\\\/2026\\\/09\\\/Miniatures-articles-site-90.jpg\",\"contentUrl\":\"https:\\\/\\\/mocliege.be\\\/ciep-verviers\\\/wp-content\\\/uploads\\\/sites\\\/6\\\/2026\\\/09\\\/Miniatures-articles-site-90.jpg\",\"width\":752,\"height\":362},{\"@type\":\"BreadcrumbList\",\"@id\":\"https:\\\/\\\/mocliege.be\\\/ciep-verviers\\\/concours-kilometres-alimentaires-ciep-verviers\\\/#breadcrumb\",\"itemListElement\":[{\"@type\":\"ListItem\",\"position\":1,\"name\":\"Accueil\",\"item\":\"https:\\\/\\\/mocliege.be\\\/ciep-verviers\\\/\"},{\"@type\":\"ListItem\",\"position\":2,\"name\":\"D\u00e9couvrez les gagnants de nos 2 concours des kilom\u00e8tres alimentaires !\"}]},{\"@type\":\"WebSite\",\"@id\":\"https:\\\/\\\/mocliege.be\\\/ciep-verviers\\\/#website\",\"url\":\"https:\\\/\\\/mocliege.be\\\/ciep-verviers\\\/\",\"name\":\"Ciep-verviers\",\"description\":\"Un site utilisant Sites du MOC - Li\u00e8ge\",\"potentialAction\":[{\"@type\":\"SearchAction\",\"target\":{\"@type\":\"EntryPoint\",\"urlTemplate\":\"https:\\\/\\\/mocliege.be\\\/ciep-verviers\\\/?s={search_term_string}\"},\"query-input\":{\"@type\":\"PropertyValueSpecification\",\"valueRequired\":true,\"valueName\":\"search_term_string\"}}],\"inLanguage\":\"fr-FR\"},{\"@type\":\"Person\",\"@id\":\"https:\\\/\\\/mocliege.be\\\/ciep-verviers\\\/#\\\/schema\\\/person\\\/26283e812b371323e9e5f18fbdd33d6b\",\"name\":\"nlaermans\",\"image\":{\"@type\":\"ImageObject\",\"inLanguage\":\"fr-FR\",\"@id\":\"https:\\\/\\\/secure.gravatar.com\\\/avatar\\\/a20092a6b2167caf0d75f27981dff0bfc2e396f1e200748c1079885ac6a84a3a?s=96&d=mm&r=g\",\"url\":\"https:\\\/\\\/secure.gravatar.com\\\/avatar\\\/a20092a6b2167caf0d75f27981dff0bfc2e396f1e200748c1079885ac6a84a3a?s=96&d=mm&r=g\",\"contentUrl\":\"https:\\\/\\\/secure.gravatar.com\\\/avatar\\\/a20092a6b2167caf0d75f27981dff0bfc2e396f1e200748c1079885ac6a84a3a?s=96&d=mm&r=g\",\"caption\":\"nlaermans\"},\"url\":\"https:\\\/\\\/mocliege.be\\\/ciep-verviers\\\/author\\\/nlaermans\\\/\"}]}<\/script>\n<!-- \/ Yoast SEO plugin. -->","yoast_head_json":{"title":"D\u00e9couvrez les gagnants de nos 2 concours des kilom\u00e8tres alimentaires ! - Ciep-verviers","description":"Le CIEP Verviers a organis\u00e9 deux concours sur les kilom\u00e8tres parcourus par nos aliments. D\u00e9couvrez les \u00e9v\u00e9nements, les r\u00e9sultats et les gagnants !","robots":{"index":"index","follow":"follow","max-snippet":"max-snippet:-1","max-image-preview":"max-image-preview:large","max-video-preview":"max-video-preview:-1"},"canonical":"https:\/\/mocliege.be\/ciep-verviers\/concours-kilometres-alimentaires-ciep-verviers\/","og_locale":"fr_FR","og_type":"article","og_title":"D\u00e9couvrez les gagnants de nos 2 concours des kilom\u00e8tres alimentaires ! - Ciep-verviers","og_description":"Le CIEP Verviers a organis\u00e9 deux concours sur les kilom\u00e8tres parcourus par nos aliments. D\u00e9couvrez les \u00e9v\u00e9nements, les r\u00e9sultats et les gagnants !","og_url":"https:\/\/mocliege.be\/ciep-verviers\/concours-kilometres-alimentaires-ciep-verviers\/","og_site_name":"Ciep-verviers","article_published_time":"2026-09-01T13:27:04+00:00","og_image":[{"width":752,"height":362,"url":"https:\/\/mocliege.be\/ciep-verviers\/wp-content\/uploads\/sites\/6\/2026\/09\/Miniatures-articles-site-90.jpg","type":"image\/jpeg"}],"author":"nlaermans","twitter_card":"summary_large_image","twitter_misc":{"\u00c9crit par":"nlaermans","Dur\u00e9e de lecture estim\u00e9e":"3 minutes"},"schema":{"@context":"https:\/\/schema.org","@graph":[{"@type":"Article","@id":"https:\/\/mocliege.be\/ciep-verviers\/concours-kilometres-alimentaires-ciep-verviers\/#article","isPartOf":{"@id":"https:\/\/mocliege.be\/ciep-verviers\/concours-kilometres-alimentaires-ciep-verviers\/"},"author":{"name":"nlaermans","@id":"https:\/\/mocliege.be\/ciep-verviers\/#\/schema\/person\/26283e812b371323e9e5f18fbdd33d6b"},"headline":"D\u00e9couvrez les gagnants de nos 2 concours des kilom\u00e8tres alimentaires !","datePublished":"2026-09-01T13:27:04+00:00","mainEntityOfPage":{"@id":"https:\/\/mocliege.be\/ciep-verviers\/concours-kilometres-alimentaires-ciep-verviers\/"},"wordCount":557,"image":{"@id":"https:\/\/mocliege.be\/ciep-verviers\/concours-kilometres-alimentaires-ciep-verviers\/#primaryimage"},"thumbnailUrl":"https:\/\/mocliege.be\/ciep-verviers\/wp-content\/uploads\/sites\/6\/2026\/09\/Miniatures-articles-site-90.jpg","keywords":["CIEP Verviers"],"inLanguage":"fr-FR"},{"@type":"WebPage","@id":"https:\/\/mocliege.be\/ciep-verviers\/concours-kilometres-alimentaires-ciep-verviers\/","url":"https:\/\/mocliege.be\/ciep-verviers\/concours-kilometres-alimentaires-ciep-verviers\/","name":"D\u00e9couvrez les gagnants de nos 2 concours des kilom\u00e8tres alimentaires ! - Ciep-verviers","isPartOf":{"@id":"https:\/\/mocliege.be\/ciep-verviers\/#website"},"primaryImageOfPage":{"@id":"https:\/\/mocliege.be\/ciep-verviers\/concours-kilometres-alimentaires-ciep-verviers\/#primaryimage"},"image":{"@id":"https:\/\/mocliege.be\/ciep-verviers\/concours-kilometres-alimentaires-ciep-verviers\/#primaryimage"},"thumbnailUrl":"https:\/\/mocliege.be\/ciep-verviers\/wp-content\/uploads\/sites\/6\/2026\/09\/Miniatures-articles-site-90.jpg","datePublished":"2026-09-01T13:27:04+00:00","author":{"@id":"https:\/\/mocliege.be\/ciep-verviers\/#\/schema\/person\/26283e812b371323e9e5f18fbdd33d6b"},"description":"Le CIEP Verviers a organis\u00e9 deux concours sur les kilom\u00e8tres parcourus par nos aliments. D\u00e9couvrez les \u00e9v\u00e9nements, les r\u00e9sultats et les gagnants !","breadcrumb":{"@id":"https:\/\/mocliege.be\/ciep-verviers\/concours-kilometres-alimentaires-ciep-verviers\/#breadcrumb"},"inLanguage":"fr-FR","potentialAction":[{"@type":"ReadAction","target":["https:\/\/mocliege.be\/ciep-verviers\/concours-kilometres-alimentaires-ciep-verviers\/"]}]},{"@type":"ImageObject","inLanguage":"fr-FR","@id":"https:\/\/mocliege.be\/ciep-verviers\/concours-kilometres-alimentaires-ciep-verviers\/#primaryimage","url":"https:\/\/mocliege.be\/ciep-verviers\/wp-content\/uploads\/sites\/6\/2026\/09\/Miniatures-articles-site-90.jpg","contentUrl":"https:\/\/mocliege.be\/ciep-verviers\/wp-content\/uploads\/sites\/6\/2026\/09\/Miniatures-articles-site-90.jpg","width":752,"height":362},{"@type":"BreadcrumbList","@id":"https:\/\/mocliege.be\/ciep-verviers\/concours-kilometres-alimentaires-ciep-verviers\/#breadcrumb","itemListElement":[{"@type":"ListItem","position":1,"name":"Accueil","item":"https:\/\/mocliege.be\/ciep-verviers\/"},{"@type":"ListItem","position":2,"name":"D\u00e9couvrez les gagnants de nos 2 concours des kilom\u00e8tres alimentaires !"}]},{"@type":"WebSite","@id":"https:\/\/mocliege.be\/ciep-verviers\/#website","url":"https:\/\/mocliege.be\/ciep-verviers\/","name":"Ciep-verviers","description":"Un site utilisant Sites du MOC - Li\u00e8ge","potentialAction":[{"@type":"SearchAction","target":{"@type":"EntryPoint","urlTemplate":"https:\/\/mocliege.be\/ciep-verviers\/?s={search_term_string}"},"query-input":{"@type":"PropertyValueSpecification","valueRequired":true,"valueName":"search_term_string"}}],"inLanguage":"fr-FR"},{"@type":"Person","@id":"https:\/\/mocliege.be\/ciep-verviers\/#\/schema\/person\/26283e812b371323e9e5f18fbdd33d6b","name":"nlaermans","image":{"@type":"ImageObject","inLanguage":"fr-FR","@id":"https:\/\/secure.gravatar.com\/avatar\/a20092a6b2167caf0d75f27981dff0bfc2e396f1e200748c1079885ac6a84a3a?s=96&d=mm&r=g","url":"https:\/\/secure.gravatar.com\/avatar\/a20092a6b2167caf0d75f27981dff0bfc2e396f1e200748c1079885ac6a84a3a?s=96&d=mm&r=g","contentUrl":"https:\/\/secure.gravatar.com\/avatar\/a20092a6b2167caf0d75f27981dff0bfc2e396f1e200748c1079885ac6a84a3a?s=96&d=mm&r=g","caption":"nlaermans"},"url":"https:\/\/mocliege.be\/ciep-verviers\/author\/nlaermans\/"}]}},"_links":{"self":[{"href":"https:\/\/mocliege.be\/ciep-verviers\/wp-json\/wp\/v2\/posts\/3105","targetHints":{"allow":["GET"]}}],"collection":[{"href":"https:\/\/mocliege.be\/ciep-verviers\/wp-json\/wp\/v2\/posts"}],"about":[{"href":"https:\/\/mocliege.be\/ciep-verviers\/wp-json\/wp\/v2\/types\/post"}],"author":[{"embeddable":true,"href":"https:\/\/mocliege.be\/ciep-verviers\/wp-json\/wp\/v2\/users\/9"}],"replies":[{"embeddable":true,"href":"https:\/\/mocliege.be\/ciep-verviers\/wp-json\/wp\/v2\/comments?post=3105"}],"version-history":[{"count":1,"href":"https:\/\/mocliege.be\/ciep-verviers\/wp-json\/wp\/v2\/posts\/3105\/revisions"}],"predecessor-version":[{"id":3107,"href":"https:\/\/mocliege.be\/ciep-verviers\/wp-json\/wp\/v2\/posts\/3105\/revisions\/3107"}],"wp:featuredmedia":[{"embeddable":true,"href":"https:\/\/mocliege.be\/ciep-verviers\/wp-json\/wp\/v2\/media\/3106"}],"wp:attachment":[{"href":"https:\/\/mocliege.be\/ciep-verviers\/wp-json\/wp\/v2\/media?parent=3105"}],"wp:term":[{"taxonomy":"category","embeddable":true,"href":"https:\/\/mocliege.be\/ciep-verviers\/wp-json\/wp\/v2\/categories?post=3105"},{"taxonomy":"post_tag","embeddable":true,"href":"https:\/\/mocliege.be\/ciep-verviers\/wp-json\/wp\/v2\/tags?post=3105"}],"curies":[{"name":"wp","href":"https:\/\/api.w.org\/{rel}","templated":true}]}}