{"id":3119,"date":"2026-09-02T14:49:55","date_gmt":"2026-09-02T12:49:55","guid":{"rendered":"https:\/\/mocliege.be\/ciep-verviers\/?p=3119"},"modified":"2026-09-02T14:49:55","modified_gmt":"2026-09-02T12:49:55","slug":"immersion-au-centre-de-tri-terre-avec-les-benevoles-du-repair-cafe-de-verviers","status":"publish","type":"post","link":"https:\/\/mocliege.be\/ciep-verviers\/immersion-au-centre-de-tri-terre-avec-les-benevoles-du-repair-cafe-de-verviers\/","title":{"rendered":"Immersion au centre de tri Terre\u00a0avec les b\u00e9n\u00e9voles du Repair Caf\u00e9 de Verviers"},"content":{"rendered":"<div class=\"xdj266r x14z9mp xat24cr x1lziwak x1vvkbs x126k92a\">\n<h2 dir=\"auto\">O\u00f9 vont nos v\u00eatements d\u00e9pos\u00e9s dans les bulles Terre ?<\/h2>\n<h3 dir=\"auto\">Immersion au c\u0153ur du tri du centre textile Terre \u00e0 Herstal<\/h3>\n<\/div>\n<p dir=\"auto\">\n<div class=\"x14z9mp xat24cr x1lziwak x1vvkbs xtlvy1s x126k92a\"><\/div>\n<div dir=\"auto\">Chaque ann\u00e9e, les couturi\u00e8res du <a href=\"https:\/\/www.facebook.com\/profile.php?id=100064696591884\">Repair Caf\u00e9 de Verviers<\/a> redonnent vie \u00e0 des centaines de v\u00eatements gr\u00e2ce \u00e0 leurs r\u00e9parations. Mais que deviennent ceux qui sont d\u00e9pos\u00e9s dans une bulle Terre ?<\/div>\n<div dir=\"auto\">\nC\u2019est la question qui a interpell\u00e9 plusieurs b\u00e9n\u00e9voles du Repair Caf\u00e9. Pour y r\u00e9pondre, ils ont rendu visite au centre de tri du <a href=\"https:\/\/www.groupeterre.org\/\">groupe Terre<\/a> \u00e0 Herstal, o\u00f9 jusqu\u2019\u00e0 84 tonnes de v\u00eatements sont collect\u00e9es quotidiennement en p\u00e9riode de pic. Sur place, les participants ont d\u00e9couvert l&rsquo;envers du d\u00e9cor : des montagnes de v\u00eatements jet\u00e9s ou recycl\u00e9s chaque jour, mais aussi les coulisses d\u2019un processus de tri complexe qui permet d&rsquo;alimenter un vaste march\u00e9 de seconde main gr\u00e2ce aux boutiques du groupe Terre.<\/div>\n<p dir=\"auto\">\n<div dir=\"auto\">\n<div class=\"row gallery\">\n\t\t<div class=\"col-6 col-md-4\">\n\t\t<div class=\"gallery-image-wrap\">\n\t\t<a data-gallery=\"gallery\" href=\"https:\/\/mocliege.be\/ciep-verviers\/wp-content\/uploads\/sites\/6\/2026\/09\/4.png\">\n\t\t<img decoding=\"async\" src=\"https:\/\/mocliege.be\/ciep-verviers\/wp-content\/uploads\/sites\/6\/2026\/09\/4.png\" alt=\"\" class=\"img-responsive\">\n\t\t<\/a>\n\t\t<\/div>\n\t\t<\/div>\n\t\t<div class=\"col-6 col-md-4\">\n\t\t<div class=\"gallery-image-wrap\">\n\t\t<a data-gallery=\"gallery\" href=\"https:\/\/mocliege.be\/ciep-verviers\/wp-content\/uploads\/sites\/6\/2026\/09\/1.png\">\n\t\t<img decoding=\"async\" src=\"https:\/\/mocliege.be\/ciep-verviers\/wp-content\/uploads\/sites\/6\/2026\/09\/1.png\" alt=\"\" class=\"img-responsive\">\n\t\t<\/a>\n\t\t<\/div>\n\t\t<\/div>\n\t\t<div class=\"col-6 col-md-4\">\n\t\t<div class=\"gallery-image-wrap\">\n\t\t<a data-gallery=\"gallery\" href=\"https:\/\/mocliege.be\/ciep-verviers\/wp-content\/uploads\/sites\/6\/2026\/09\/7.png\">\n\t\t<img decoding=\"async\" src=\"https:\/\/mocliege.be\/ciep-verviers\/wp-content\/uploads\/sites\/6\/2026\/09\/7.png\" alt=\"\" class=\"img-responsive\">\n\t\t<\/a>\n\t\t<\/div>\n\t\t<\/div><\/div>\n<p>&nbsp;<\/p>\n<\/div>\n<div dir=\"auto\">De mani\u00e8re g\u00e9n\u00e9rale, cette visite a aussi \u00e9t\u00e9 l\u2019occasion d\u2019aborder des enjeux cruciaux : la crise du textile, la surproduction li\u00e9e \u00e0 la fast-fashion, ou encore les difficult\u00e9s \u00e0 \u00e9couler les v\u00eatements de seconde main en 2026. Autant de sujets qui soulignent l\u2019urgence d\u2019agir pour une mode plus durable.<\/div>\n<div dir=\"auto\">\n<div class=\"row gallery\">\n\t\t<div class=\"col-6 col-md-3\">\n\t\t<div class=\"gallery-image-wrap\">\n\t\t<a data-gallery=\"gallery\" href=\"https:\/\/mocliege.be\/ciep-verviers\/wp-content\/uploads\/sites\/6\/2026\/09\/6.png\">\n\t\t<img decoding=\"async\" src=\"https:\/\/mocliege.be\/ciep-verviers\/wp-content\/uploads\/sites\/6\/2026\/09\/6.png\" alt=\"\" class=\"img-responsive\">\n\t\t<\/a>\n\t\t<\/div>\n\t\t<\/div>\n\t\t<div class=\"col-6 col-md-3\">\n\t\t<div class=\"gallery-image-wrap\">\n\t\t<a data-gallery=\"gallery\" href=\"https:\/\/mocliege.be\/ciep-verviers\/wp-content\/uploads\/sites\/6\/2026\/09\/3.png\">\n\t\t<img decoding=\"async\" src=\"https:\/\/mocliege.be\/ciep-verviers\/wp-content\/uploads\/sites\/6\/2026\/09\/3.png\" alt=\"\" class=\"img-responsive\">\n\t\t<\/a>\n\t\t<\/div>\n\t\t<\/div>\n\t\t<div class=\"col-6 col-md-3\">\n\t\t<div class=\"gallery-image-wrap\">\n\t\t<a data-gallery=\"gallery\" href=\"https:\/\/mocliege.be\/ciep-verviers\/wp-content\/uploads\/sites\/6\/2026\/09\/5.png\">\n\t\t<img decoding=\"async\" src=\"https:\/\/mocliege.be\/ciep-verviers\/wp-content\/uploads\/sites\/6\/2026\/09\/5.png\" alt=\"\" class=\"img-responsive\">\n\t\t<\/a>\n\t\t<\/div>\n\t\t<\/div>\n\t\t<div class=\"col-6 col-md-3\">\n\t\t<div class=\"gallery-image-wrap\">\n\t\t<a data-gallery=\"gallery\" href=\"https:\/\/mocliege.be\/ciep-verviers\/wp-content\/uploads\/sites\/6\/2026\/09\/2.png\">\n\t\t<img decoding=\"async\" src=\"https:\/\/mocliege.be\/ciep-verviers\/wp-content\/uploads\/sites\/6\/2026\/09\/2.png\" alt=\"\" class=\"img-responsive\">\n\t\t<\/a>\n\t\t<\/div>\n\t\t<\/div><\/div>\n<\/div>\n<p dir=\"auto\">\n<p>&nbsp;<\/p>\n<h3 dir=\"auto\">Un Repair Caf\u00e9 toujours \u00e0 la recherche de nouveaux b\u00e9n\u00e9voles<\/h3>\n<div class=\"x14z9mp xat24cr x1lziwak x1vvkbs xtlvy1s x126k92a\">\n<div dir=\"auto\">Redonner une seconde vie \u00e0 une veste oubli\u00e9e, c&rsquo;est exactement la m\u00eame d\u00e9marche que r\u00e9parer un grille-pain ou remettre en \u00e9tat un v\u00e9lo pendant nos Repair Caf\u00e9s : on consomme moins, on r\u00e9pare plus, et on fait du bien \u00e0 la plan\u00e8te comme au porte-monnaie !<\/div>\n<\/div>\n<div class=\"x14z9mp xat24cr x1lziwak x1vvkbs xtlvy1s x126k92a\">\n<div dir=\"auto\">Envie de passer \u00e0 l&rsquo;action avec nous ?<\/div>\n<\/div>\n<div class=\"x14z9mp xat24cr x1lziwak x1vvkbs xtlvy1s x126k92a\">\n<ul>\n<li dir=\"auto\">Rejoignez l&rsquo;\u00e9quipe : Bricoleur, couturier ou simplement envie de donner un coup de main ? Nos b\u00e9n\u00e9voles vous accueillent les bras ouverts !<\/li>\n<li dir=\"auto\">Venez r\u00e9parer vos objets : Apportez vos appareils ou v\u00e9los ab\u00eem\u00e9s et apprenons \u00e0 les r\u00e9parer ensemble dans une ambiance conviviale.<\/li>\n<\/ul>\n<\/div>\n<div class=\"x14z9mp xat24cr x1lziwak x1vvkbs xtlvy1s x126k92a\"><\/div>\n<div class=\"x14z9mp xat24cr x1lziwak x1vvkbs xtlvy1s x126k92a\">\n<div dir=\"auto\">Contact : <a class=\"x1i10hfl xjbqb8w x1ejq31n x18oe1m7 x1sy0etr xstzfhl x972fbf x10w94by x1qhh985 x14e42zd x9f619 x1ypdohk xt0psk2 x3ct3a4 xdj266r x14z9mp xat24cr x1lziwak xexx8yu xyri2b x18d9i69 x1c1uobl x16tdsg8 x1hl2dhg xggy1nq x1a2a7pz xkrqix3 x1sur9pj x1fey0fg x1s688f\" role=\"link\" href=\"mailto:repairverviers@gmail.com\" target=\"_blank\" rel=\"nofollow noopener noreferrer\">repairverviers@gmail.com<\/a><\/p>\n<div>\n<div><\/div>\n<\/div>\n<div>\n<div><img loading=\"lazy\" decoding=\"async\" class=\"wp-image-3120 aligncenter\" src=\"https:\/\/mocliege.be\/ciep-verviers\/wp-content\/uploads\/sites\/6\/2026\/09\/1000038598-300x225.jpg\" alt=\"\" width=\"572\" height=\"429\" srcset=\"https:\/\/mocliege.be\/ciep-verviers\/wp-content\/uploads\/sites\/6\/2026\/09\/1000038598-300x225.jpg 300w, https:\/\/mocliege.be\/ciep-verviers\/wp-content\/uploads\/sites\/6\/2026\/09\/1000038598-1024x768.jpg 1024w, https:\/\/mocliege.be\/ciep-verviers\/wp-content\/uploads\/sites\/6\/2026\/09\/1000038598-768x576.jpg 768w, https:\/\/mocliege.be\/ciep-verviers\/wp-content\/uploads\/sites\/6\/2026\/09\/1000038598-1536x1152.jpg 1536w, https:\/\/mocliege.be\/ciep-verviers\/wp-content\/uploads\/sites\/6\/2026\/09\/1000038598-2048x1536.jpg 2048w, https:\/\/mocliege.be\/ciep-verviers\/wp-content\/uploads\/sites\/6\/2026\/09\/1000038598-64x48.jpg 64w, https:\/\/mocliege.be\/ciep-verviers\/wp-content\/uploads\/sites\/6\/2026\/09\/1000038598-250x188.jpg 250w, https:\/\/mocliege.be\/ciep-verviers\/wp-content\/uploads\/sites\/6\/2026\/09\/1000038598-100x75.jpg 100w, https:\/\/mocliege.be\/ciep-verviers\/wp-content\/uploads\/sites\/6\/2026\/09\/1000038598-150x113.jpg 150w, https:\/\/mocliege.be\/ciep-verviers\/wp-content\/uploads\/sites\/6\/2026\/09\/1000038598-450x338.jpg 450w, https:\/\/mocliege.be\/ciep-verviers\/wp-content\/uploads\/sites\/6\/2026\/09\/1000038598-600x450.jpg 600w, https:\/\/mocliege.be\/ciep-verviers\/wp-content\/uploads\/sites\/6\/2026\/09\/1000038598-1200x900.jpg 1200w\" sizes=\"auto, (max-width: 572px) 100vw, 572px\" \/><\/div>\n<div><\/div>\n<div class=\"xtqikln x78zum5 x1y1aw1k xwib8y2\">Un projet port\u00e9 par le CIEP, l&rsquo;<a href=\"https:\/\/arc-verviers.be\/\">ARC<\/a> et le <a href=\"https:\/\/www.ccverviers.be\/\">Centre Culturel de Verviers<\/a>.<\/div>\n<\/div>\n<\/div>\n<div dir=\"auto\"><\/div>\n<\/div>\n","protected":false},"excerpt":{"rendered":"<p>O\u00f9 vont nos v\u00eatements d\u00e9pos\u00e9s dans les bulles Terre ? Immersion au c\u0153ur du tri [&hellip;]<\/p>\n","protected":false},"author":17,"featured_media":3121,"comment_status":"closed","ping_status":"closed","sticky":false,"template":"","format":"standard","meta":{"_acf_changed":false,"_monsterinsights_skip_tracking":false,"_monsterinsights_sitenote_active":false,"_monsterinsights_sitenote_note":"","_monsterinsights_sitenote_category":0,"footnotes":""},"categories":[1],"tags":[11],"class_list":["post-3119","post","type-post","status-publish","format-standard","has-post-thumbnail","hentry","category-non-classe","tag-ciep-verviers"],"acf":[],"yoast_head":"<!-- This site is optimized with the Yoast SEO plugin v28.1 - https:\/\/yoast.com\/product\/yoast-seo-wordpress\/ -->\n<title>Immersion au centre de tri Terre\u00a0avec les b\u00e9n\u00e9voles du Repair Caf\u00e9 de Verviers - Ciep-verviers<\/title>\n<meta name=\"robots\" content=\"index, follow, max-snippet:-1, max-image-preview:large, max-video-preview:-1\" \/>\n<link rel=\"canonical\" href=\"https:\/\/mocliege.be\/ciep-verviers\/immersion-au-centre-de-tri-terre-avec-les-benevoles-du-repair-cafe-de-verviers\/\" \/>\n<meta property=\"og:locale\" content=\"fr_FR\" \/>\n<meta property=\"og:type\" content=\"article\" \/>\n<meta property=\"og:title\" content=\"Immersion au centre de tri Terre\u00a0avec les b\u00e9n\u00e9voles du Repair Caf\u00e9 de Verviers - Ciep-verviers\" \/>\n<meta property=\"og:description\" content=\"O\u00f9 vont nos v\u00eatements d\u00e9pos\u00e9s dans les bulles Terre ? Immersion au c\u0153ur du tri [&hellip;]\" \/>\n<meta property=\"og:url\" content=\"https:\/\/mocliege.be\/ciep-verviers\/immersion-au-centre-de-tri-terre-avec-les-benevoles-du-repair-cafe-de-verviers\/\" \/>\n<meta property=\"og:site_name\" content=\"Ciep-verviers\" \/>\n<meta property=\"article:published_time\" content=\"2026-09-02T12:49:55+00:00\" \/>\n<meta property=\"og:image\" content=\"https:\/\/mocliege.be\/ciep-verviers\/wp-content\/uploads\/sites\/6\/2026\/09\/1-1024x1024.png\" \/>\n\t<meta property=\"og:image:width\" content=\"1024\" \/>\n\t<meta property=\"og:image:height\" content=\"1024\" \/>\n\t<meta property=\"og:image:type\" content=\"image\/png\" \/>\n<meta name=\"author\" content=\"leysten\" \/>\n<meta name=\"twitter:card\" content=\"summary_large_image\" \/>\n<meta name=\"twitter:label1\" content=\"\u00c9crit par\" \/>\n\t<meta name=\"twitter:data1\" content=\"leysten\" \/>\n\t<meta name=\"twitter:label2\" content=\"Dur\u00e9e de lecture estim\u00e9e\" \/>\n\t<meta name=\"twitter:data2\" content=\"2 minutes\" \/>\n<script type=\"application\/ld+json\" class=\"yoast-schema-graph\">{\"@context\":\"https:\\\/\\\/schema.org\",\"@graph\":[{\"@type\":\"Article\",\"@id\":\"https:\\\/\\\/mocliege.be\\\/ciep-verviers\\\/immersion-au-centre-de-tri-terre-avec-les-benevoles-du-repair-cafe-de-verviers\\\/#article\",\"isPartOf\":{\"@id\":\"https:\\\/\\\/mocliege.be\\\/ciep-verviers\\\/immersion-au-centre-de-tri-terre-avec-les-benevoles-du-repair-cafe-de-verviers\\\/\"},\"author\":{\"name\":\"leysten\",\"@id\":\"https:\\\/\\\/mocliege.be\\\/ciep-verviers\\\/#\\\/schema\\\/person\\\/7b93d1557a445ae7e3b25e6c34ac0a09\"},\"headline\":\"Immersion au centre de tri Terre\u00a0avec les b\u00e9n\u00e9voles du Repair Caf\u00e9 de Verviers\",\"datePublished\":\"2026-09-02T12:49:55+00:00\",\"mainEntityOfPage\":{\"@id\":\"https:\\\/\\\/mocliege.be\\\/ciep-verviers\\\/immersion-au-centre-de-tri-terre-avec-les-benevoles-du-repair-cafe-de-verviers\\\/\"},\"wordCount\":371,\"image\":{\"@id\":\"https:\\\/\\\/mocliege.be\\\/ciep-verviers\\\/immersion-au-centre-de-tri-terre-avec-les-benevoles-du-repair-cafe-de-verviers\\\/#primaryimage\"},\"thumbnailUrl\":\"https:\\\/\\\/mocliege.be\\\/ciep-verviers\\\/wp-content\\\/uploads\\\/sites\\\/6\\\/2026\\\/09\\\/1.png\",\"keywords\":[\"CIEP Verviers\"],\"inLanguage\":\"fr-FR\"},{\"@type\":\"WebPage\",\"@id\":\"https:\\\/\\\/mocliege.be\\\/ciep-verviers\\\/immersion-au-centre-de-tri-terre-avec-les-benevoles-du-repair-cafe-de-verviers\\\/\",\"url\":\"https:\\\/\\\/mocliege.be\\\/ciep-verviers\\\/immersion-au-centre-de-tri-terre-avec-les-benevoles-du-repair-cafe-de-verviers\\\/\",\"name\":\"Immersion au centre de tri Terre\u00a0avec les b\u00e9n\u00e9voles du Repair Caf\u00e9 de Verviers - Ciep-verviers\",\"isPartOf\":{\"@id\":\"https:\\\/\\\/mocliege.be\\\/ciep-verviers\\\/#website\"},\"primaryImageOfPage\":{\"@id\":\"https:\\\/\\\/mocliege.be\\\/ciep-verviers\\\/immersion-au-centre-de-tri-terre-avec-les-benevoles-du-repair-cafe-de-verviers\\\/#primaryimage\"},\"image\":{\"@id\":\"https:\\\/\\\/mocliege.be\\\/ciep-verviers\\\/immersion-au-centre-de-tri-terre-avec-les-benevoles-du-repair-cafe-de-verviers\\\/#primaryimage\"},\"thumbnailUrl\":\"https:\\\/\\\/mocliege.be\\\/ciep-verviers\\\/wp-content\\\/uploads\\\/sites\\\/6\\\/2026\\\/09\\\/1.png\",\"datePublished\":\"2026-09-02T12:49:55+00:00\",\"author\":{\"@id\":\"https:\\\/\\\/mocliege.be\\\/ciep-verviers\\\/#\\\/schema\\\/person\\\/7b93d1557a445ae7e3b25e6c34ac0a09\"},\"breadcrumb\":{\"@id\":\"https:\\\/\\\/mocliege.be\\\/ciep-verviers\\\/immersion-au-centre-de-tri-terre-avec-les-benevoles-du-repair-cafe-de-verviers\\\/#breadcrumb\"},\"inLanguage\":\"fr-FR\",\"potentialAction\":[{\"@type\":\"ReadAction\",\"target\":[\"https:\\\/\\\/mocliege.be\\\/ciep-verviers\\\/immersion-au-centre-de-tri-terre-avec-les-benevoles-du-repair-cafe-de-verviers\\\/\"]}]},{\"@type\":\"ImageObject\",\"inLanguage\":\"fr-FR\",\"@id\":\"https:\\\/\\\/mocliege.be\\\/ciep-verviers\\\/immersion-au-centre-de-tri-terre-avec-les-benevoles-du-repair-cafe-de-verviers\\\/#primaryimage\",\"url\":\"https:\\\/\\\/mocliege.be\\\/ciep-verviers\\\/wp-content\\\/uploads\\\/sites\\\/6\\\/2026\\\/09\\\/1.png\",\"contentUrl\":\"https:\\\/\\\/mocliege.be\\\/ciep-verviers\\\/wp-content\\\/uploads\\\/sites\\\/6\\\/2026\\\/09\\\/1.png\",\"width\":2000,\"height\":2000},{\"@type\":\"BreadcrumbList\",\"@id\":\"https:\\\/\\\/mocliege.be\\\/ciep-verviers\\\/immersion-au-centre-de-tri-terre-avec-les-benevoles-du-repair-cafe-de-verviers\\\/#breadcrumb\",\"itemListElement\":[{\"@type\":\"ListItem\",\"position\":1,\"name\":\"Accueil\",\"item\":\"https:\\\/\\\/mocliege.be\\\/ciep-verviers\\\/\"},{\"@type\":\"ListItem\",\"position\":2,\"name\":\"Immersion au centre de tri Terre\u00a0avec les b\u00e9n\u00e9voles du Repair Caf\u00e9 de Verviers\"}]},{\"@type\":\"WebSite\",\"@id\":\"https:\\\/\\\/mocliege.be\\\/ciep-verviers\\\/#website\",\"url\":\"https:\\\/\\\/mocliege.be\\\/ciep-verviers\\\/\",\"name\":\"Ciep-verviers\",\"description\":\"Un site utilisant Sites du MOC - Li\u00e8ge\",\"potentialAction\":[{\"@type\":\"SearchAction\",\"target\":{\"@type\":\"EntryPoint\",\"urlTemplate\":\"https:\\\/\\\/mocliege.be\\\/ciep-verviers\\\/?s={search_term_string}\"},\"query-input\":{\"@type\":\"PropertyValueSpecification\",\"valueRequired\":true,\"valueName\":\"search_term_string\"}}],\"inLanguage\":\"fr-FR\"},{\"@type\":\"Person\",\"@id\":\"https:\\\/\\\/mocliege.be\\\/ciep-verviers\\\/#\\\/schema\\\/person\\\/7b93d1557a445ae7e3b25e6c34ac0a09\",\"name\":\"leysten\",\"image\":{\"@type\":\"ImageObject\",\"inLanguage\":\"fr-FR\",\"@id\":\"https:\\\/\\\/secure.gravatar.com\\\/avatar\\\/32835ea618ceba10fbe62687412a953d9a403f16e4455c54003c13d4013be939?s=96&d=mm&r=g\",\"url\":\"https:\\\/\\\/secure.gravatar.com\\\/avatar\\\/32835ea618ceba10fbe62687412a953d9a403f16e4455c54003c13d4013be939?s=96&d=mm&r=g\",\"contentUrl\":\"https:\\\/\\\/secure.gravatar.com\\\/avatar\\\/32835ea618ceba10fbe62687412a953d9a403f16e4455c54003c13d4013be939?s=96&d=mm&r=g\",\"caption\":\"leysten\"},\"url\":\"https:\\\/\\\/mocliege.be\\\/ciep-verviers\\\/author\\\/leysten\\\/\"}]}<\/script>\n<!-- \/ Yoast SEO plugin. -->","yoast_head_json":{"title":"Immersion au centre de tri Terre\u00a0avec les b\u00e9n\u00e9voles du Repair Caf\u00e9 de Verviers - Ciep-verviers","robots":{"index":"index","follow":"follow","max-snippet":"max-snippet:-1","max-image-preview":"max-image-preview:large","max-video-preview":"max-video-preview:-1"},"canonical":"https:\/\/mocliege.be\/ciep-verviers\/immersion-au-centre-de-tri-terre-avec-les-benevoles-du-repair-cafe-de-verviers\/","og_locale":"fr_FR","og_type":"article","og_title":"Immersion au centre de tri Terre\u00a0avec les b\u00e9n\u00e9voles du Repair Caf\u00e9 de Verviers - Ciep-verviers","og_description":"O\u00f9 vont nos v\u00eatements d\u00e9pos\u00e9s dans les bulles Terre ? Immersion au c\u0153ur du tri [&hellip;]","og_url":"https:\/\/mocliege.be\/ciep-verviers\/immersion-au-centre-de-tri-terre-avec-les-benevoles-du-repair-cafe-de-verviers\/","og_site_name":"Ciep-verviers","article_published_time":"2026-09-02T12:49:55+00:00","og_image":[{"width":1024,"height":1024,"url":"https:\/\/mocliege.be\/ciep-verviers\/wp-content\/uploads\/sites\/6\/2026\/09\/1-1024x1024.png","type":"image\/png"}],"author":"leysten","twitter_card":"summary_large_image","twitter_misc":{"\u00c9crit par":"leysten","Dur\u00e9e de lecture estim\u00e9e":"2 minutes"},"schema":{"@context":"https:\/\/schema.org","@graph":[{"@type":"Article","@id":"https:\/\/mocliege.be\/ciep-verviers\/immersion-au-centre-de-tri-terre-avec-les-benevoles-du-repair-cafe-de-verviers\/#article","isPartOf":{"@id":"https:\/\/mocliege.be\/ciep-verviers\/immersion-au-centre-de-tri-terre-avec-les-benevoles-du-repair-cafe-de-verviers\/"},"author":{"name":"leysten","@id":"https:\/\/mocliege.be\/ciep-verviers\/#\/schema\/person\/7b93d1557a445ae7e3b25e6c34ac0a09"},"headline":"Immersion au centre de tri Terre\u00a0avec les b\u00e9n\u00e9voles du Repair Caf\u00e9 de Verviers","datePublished":"2026-09-02T12:49:55+00:00","mainEntityOfPage":{"@id":"https:\/\/mocliege.be\/ciep-verviers\/immersion-au-centre-de-tri-terre-avec-les-benevoles-du-repair-cafe-de-verviers\/"},"wordCount":371,"image":{"@id":"https:\/\/mocliege.be\/ciep-verviers\/immersion-au-centre-de-tri-terre-avec-les-benevoles-du-repair-cafe-de-verviers\/#primaryimage"},"thumbnailUrl":"https:\/\/mocliege.be\/ciep-verviers\/wp-content\/uploads\/sites\/6\/2026\/09\/1.png","keywords":["CIEP Verviers"],"inLanguage":"fr-FR"},{"@type":"WebPage","@id":"https:\/\/mocliege.be\/ciep-verviers\/immersion-au-centre-de-tri-terre-avec-les-benevoles-du-repair-cafe-de-verviers\/","url":"https:\/\/mocliege.be\/ciep-verviers\/immersion-au-centre-de-tri-terre-avec-les-benevoles-du-repair-cafe-de-verviers\/","name":"Immersion au centre de tri Terre\u00a0avec les b\u00e9n\u00e9voles du Repair Caf\u00e9 de Verviers - Ciep-verviers","isPartOf":{"@id":"https:\/\/mocliege.be\/ciep-verviers\/#website"},"primaryImageOfPage":{"@id":"https:\/\/mocliege.be\/ciep-verviers\/immersion-au-centre-de-tri-terre-avec-les-benevoles-du-repair-cafe-de-verviers\/#primaryimage"},"image":{"@id":"https:\/\/mocliege.be\/ciep-verviers\/immersion-au-centre-de-tri-terre-avec-les-benevoles-du-repair-cafe-de-verviers\/#primaryimage"},"thumbnailUrl":"https:\/\/mocliege.be\/ciep-verviers\/wp-content\/uploads\/sites\/6\/2026\/09\/1.png","datePublished":"2026-09-02T12:49:55+00:00","author":{"@id":"https:\/\/mocliege.be\/ciep-verviers\/#\/schema\/person\/7b93d1557a445ae7e3b25e6c34ac0a09"},"breadcrumb":{"@id":"https:\/\/mocliege.be\/ciep-verviers\/immersion-au-centre-de-tri-terre-avec-les-benevoles-du-repair-cafe-de-verviers\/#breadcrumb"},"inLanguage":"fr-FR","potentialAction":[{"@type":"ReadAction","target":["https:\/\/mocliege.be\/ciep-verviers\/immersion-au-centre-de-tri-terre-avec-les-benevoles-du-repair-cafe-de-verviers\/"]}]},{"@type":"ImageObject","inLanguage":"fr-FR","@id":"https:\/\/mocliege.be\/ciep-verviers\/immersion-au-centre-de-tri-terre-avec-les-benevoles-du-repair-cafe-de-verviers\/#primaryimage","url":"https:\/\/mocliege.be\/ciep-verviers\/wp-content\/uploads\/sites\/6\/2026\/09\/1.png","contentUrl":"https:\/\/mocliege.be\/ciep-verviers\/wp-content\/uploads\/sites\/6\/2026\/09\/1.png","width":2000,"height":2000},{"@type":"BreadcrumbList","@id":"https:\/\/mocliege.be\/ciep-verviers\/immersion-au-centre-de-tri-terre-avec-les-benevoles-du-repair-cafe-de-verviers\/#breadcrumb","itemListElement":[{"@type":"ListItem","position":1,"name":"Accueil","item":"https:\/\/mocliege.be\/ciep-verviers\/"},{"@type":"ListItem","position":2,"name":"Immersion au centre de tri Terre\u00a0avec les b\u00e9n\u00e9voles du Repair Caf\u00e9 de Verviers"}]},{"@type":"WebSite","@id":"https:\/\/mocliege.be\/ciep-verviers\/#website","url":"https:\/\/mocliege.be\/ciep-verviers\/","name":"Ciep-verviers","description":"Un site utilisant Sites du MOC - Li\u00e8ge","potentialAction":[{"@type":"SearchAction","target":{"@type":"EntryPoint","urlTemplate":"https:\/\/mocliege.be\/ciep-verviers\/?s={search_term_string}"},"query-input":{"@type":"PropertyValueSpecification","valueRequired":true,"valueName":"search_term_string"}}],"inLanguage":"fr-FR"},{"@type":"Person","@id":"https:\/\/mocliege.be\/ciep-verviers\/#\/schema\/person\/7b93d1557a445ae7e3b25e6c34ac0a09","name":"leysten","image":{"@type":"ImageObject","inLanguage":"fr-FR","@id":"https:\/\/secure.gravatar.com\/avatar\/32835ea618ceba10fbe62687412a953d9a403f16e4455c54003c13d4013be939?s=96&d=mm&r=g","url":"https:\/\/secure.gravatar.com\/avatar\/32835ea618ceba10fbe62687412a953d9a403f16e4455c54003c13d4013be939?s=96&d=mm&r=g","contentUrl":"https:\/\/secure.gravatar.com\/avatar\/32835ea618ceba10fbe62687412a953d9a403f16e4455c54003c13d4013be939?s=96&d=mm&r=g","caption":"leysten"},"url":"https:\/\/mocliege.be\/ciep-verviers\/author\/leysten\/"}]}},"_links":{"self":[{"href":"https:\/\/mocliege.be\/ciep-verviers\/wp-json\/wp\/v2\/posts\/3119","targetHints":{"allow":["GET"]}}],"collection":[{"href":"https:\/\/mocliege.be\/ciep-verviers\/wp-json\/wp\/v2\/posts"}],"about":[{"href":"https:\/\/mocliege.be\/ciep-verviers\/wp-json\/wp\/v2\/types\/post"}],"author":[{"embeddable":true,"href":"https:\/\/mocliege.be\/ciep-verviers\/wp-json\/wp\/v2\/users\/17"}],"replies":[{"embeddable":true,"href":"https:\/\/mocliege.be\/ciep-verviers\/wp-json\/wp\/v2\/comments?post=3119"}],"version-history":[{"count":5,"href":"https:\/\/mocliege.be\/ciep-verviers\/wp-json\/wp\/v2\/posts\/3119\/revisions"}],"predecessor-version":[{"id":3132,"href":"https:\/\/mocliege.be\/ciep-verviers\/wp-json\/wp\/v2\/posts\/3119\/revisions\/3132"}],"wp:featuredmedia":[{"embeddable":true,"href":"https:\/\/mocliege.be\/ciep-verviers\/wp-json\/wp\/v2\/media\/3121"}],"wp:attachment":[{"href":"https:\/\/mocliege.be\/ciep-verviers\/wp-json\/wp\/v2\/media?parent=3119"}],"wp:term":[{"taxonomy":"category","embeddable":true,"href":"https:\/\/mocliege.be\/ciep-verviers\/wp-json\/wp\/v2\/categories?post=3119"},{"taxonomy":"post_tag","embeddable":true,"href":"https:\/\/mocliege.be\/ciep-verviers\/wp-json\/wp\/v2\/tags?post=3119"}],"curies":[{"name":"wp","href":"https:\/\/api.w.org\/{rel}","templated":true}]}}