{"id":3134,"date":"2026-09-03T10:55:48","date_gmt":"2026-09-03T08:55:48","guid":{"rendered":"https:\/\/mocliege.be\/ciep-verviers\/?p=3134"},"modified":"2026-09-03T10:55:48","modified_gmt":"2026-09-03T08:55:48","slug":"grainotheque-spa-4e-anniversaire","status":"publish","type":"post","link":"https:\/\/mocliege.be\/ciep-verviers\/grainotheque-spa-4e-anniversaire\/","title":{"rendered":"30\/09 | F\u00eatez le 4e anniversaire de la Grainoth\u00e8que de Spa avec nous !"},"content":{"rendered":"<p><strong><img loading=\"lazy\" decoding=\"async\" class=\" wp-image-3136 alignright\" src=\"https:\/\/mocliege.be\/ciep-verviers\/wp-content\/uploads\/sites\/6\/2026\/09\/MERCREDI-30-septembre-2026-A-19H-724x1024.jpg\" alt=\"\" width=\"555\" height=\"785\" srcset=\"https:\/\/mocliege.be\/ciep-verviers\/wp-content\/uploads\/sites\/6\/2026\/09\/MERCREDI-30-septembre-2026-A-19H-724x1024.jpg 724w, https:\/\/mocliege.be\/ciep-verviers\/wp-content\/uploads\/sites\/6\/2026\/09\/MERCREDI-30-septembre-2026-A-19H-212x300.jpg 212w, https:\/\/mocliege.be\/ciep-verviers\/wp-content\/uploads\/sites\/6\/2026\/09\/MERCREDI-30-septembre-2026-A-19H-768x1086.jpg 768w, https:\/\/mocliege.be\/ciep-verviers\/wp-content\/uploads\/sites\/6\/2026\/09\/MERCREDI-30-septembre-2026-A-19H-1086x1536.jpg 1086w, https:\/\/mocliege.be\/ciep-verviers\/wp-content\/uploads\/sites\/6\/2026\/09\/MERCREDI-30-septembre-2026-A-19H-45x64.jpg 45w, https:\/\/mocliege.be\/ciep-verviers\/wp-content\/uploads\/sites\/6\/2026\/09\/MERCREDI-30-septembre-2026-A-19H-177x250.jpg 177w, https:\/\/mocliege.be\/ciep-verviers\/wp-content\/uploads\/sites\/6\/2026\/09\/MERCREDI-30-septembre-2026-A-19H-53x75.jpg 53w, https:\/\/mocliege.be\/ciep-verviers\/wp-content\/uploads\/sites\/6\/2026\/09\/MERCREDI-30-septembre-2026-A-19H-150x212.jpg 150w, https:\/\/mocliege.be\/ciep-verviers\/wp-content\/uploads\/sites\/6\/2026\/09\/MERCREDI-30-septembre-2026-A-19H-450x636.jpg 450w, https:\/\/mocliege.be\/ciep-verviers\/wp-content\/uploads\/sites\/6\/2026\/09\/MERCREDI-30-septembre-2026-A-19H-600x849.jpg 600w, https:\/\/mocliege.be\/ciep-verviers\/wp-content\/uploads\/sites\/6\/2026\/09\/MERCREDI-30-septembre-2026-A-19H-1200x1697.jpg 1200w, https:\/\/mocliege.be\/ciep-verviers\/wp-content\/uploads\/sites\/6\/2026\/09\/MERCREDI-30-septembre-2026-A-19H.jpg 1414w\" sizes=\"auto, (max-width: 555px) 100vw, 555px\" \/>Quatre ans d\u00e9j\u00e0 que la <a href=\"https:\/\/www.villedespa.be\/loisirs\/culture\/bibliotheque\/ramene-ta-graine-une-grainotheque-a-la-bibliotheque\">Grainoth\u00e8que de Spa<\/a> fait vivre les \u00e9changes autour des graines, du jardinage et de la biodiversit\u00e9 !<\/strong> Pour c\u00e9l\u00e9brer cet anniversaire comme il se doit, rendez-vous le <strong>mercredi 30 septembre 2026 \u00e0 19h<\/strong> \u00e0 la <a href=\"https:\/\/www.villedespa.be\/loisirs\/culture\/bibliotheque\">Biblioth\u00e8que communale de Spa<\/a> (Jardins du Casino, 4900 Spa) pour une soir\u00e9e gratuite, instructive et conviviale.<\/p>\n<p>Que vous soyez d\u00e9j\u00e0 un habitu\u00e9 de la Grainoth\u00e8que ou simplement curieux de d\u00e9couvrir ce projet, cette soir\u00e9e est l&rsquo;occasion parfaite de venir partager un moment autour des nombreuses activit\u00e9s propos\u00e9es au fil de l&rsquo;ann\u00e9e.<\/p>\n<h2>Une soir\u00e9e pour d\u00e9couvrir, apprendre et \u00e9changer<\/h2>\n<p>Pour cette <a href=\"https:\/\/fb.me\/e\/6z04lofUk\"><strong>4e \u00e9dition de l&rsquo;anniversaire de la Grainoth\u00e8que de Spa<\/strong><\/a>, plusieurs temps forts sont pr\u00e9vus.<\/p>\n<p>La soir\u00e9e commencera par une <strong>r\u00e9trospective des animations de l&rsquo;ann\u00e9e<\/strong>. L&rsquo;occasion de revenir sur les diff\u00e9rents rendez-vous qui ont rythm\u00e9 la vie de la Grainoth\u00e8que et de d\u00e9couvrir toute la richesse des activit\u00e9s propos\u00e9es.<\/p>\n<p>Vous pourrez ensuite tester vos connaissances gr\u00e2ce \u00e0 un <strong>quiz didactique<\/strong> consacr\u00e9 aux animations de la Grainoth\u00e8que. Une mani\u00e8re ludique de revoir ce qui a \u00e9t\u00e9 d\u00e9couvert au cours de l&rsquo;ann\u00e9e et peut-\u00eatre d&rsquo;apprendre encore quelques petites choses au passage !<\/p>\n<h2>D\u00e9couvrez le programme 2026-2027<\/h2>\n<p>Cette soir\u00e9e anniversaire sera \u00e9galement l&rsquo;occasion de lever le voile sur le <strong>programme de la Grainoth\u00e8que pour 2026-2027<\/strong>.<\/p>\n<p>Si vous aimez apprendre, partager vos exp\u00e9riences, d\u00e9couvrir de nouvelles pratiques ou simplement passer un bon moment autour du jardin et de la nature, ce nouveau programme devrait vous donner envie de participer aux prochains rendez-vous.<\/p>\n<p>La Grainoth\u00e8que est avant tout un espace d&rsquo;\u00e9change et de transmission. C&rsquo;est donc aussi une belle occasion de <strong>rencontrer d&rsquo;autres personnes int\u00e9ress\u00e9es par les graines, le jardinage et la biodiversit\u00e9<\/strong>, quel que soit votre niveau de connaissance.<\/p>\n<h2>Un anniversaire plac\u00e9 sous le signe de la convivialit\u00e9<\/h2>\n<p>Apr\u00e8s les d\u00e9couvertes et le quiz, place \u00e0 un moment plus d\u00e9tendu autour d&rsquo;<strong>un verre convivial<\/strong>. Parce que les projets collectifs prennent aussi tout leur sens lorsqu&rsquo;ils permettent de se rencontrer, de discuter et de partager.<\/p>\n<p>Et surtout, <strong>pas besoin de r\u00e9server et l&rsquo;entr\u00e9e est enti\u00e8rement gratuite<\/strong>. Vous pouvez donc simplement venir d\u00e9couvrir la Grainoth\u00e8que de Spa, son univers et son nouveau programme.<\/p>\n<p><strong>Vous connaissez d\u00e9j\u00e0 la Grainoth\u00e8que ?<\/strong> Venez f\u00eater son anniversaire avec nous ! <strong>Vous ne la connaissez pas encore ?<\/strong> C&rsquo;est justement le bon moment pour la d\u00e9couvrir !<\/p>\n","protected":false},"excerpt":{"rendered":"<p>Quatre ans d\u00e9j\u00e0 que la Grainoth\u00e8que de Spa fait vivre les \u00e9changes autour des graines, [&hellip;]<\/p>\n","protected":false},"author":9,"featured_media":3135,"comment_status":"closed","ping_status":"closed","sticky":false,"template":"","format":"standard","meta":{"_acf_changed":false,"_monsterinsights_skip_tracking":false,"_monsterinsights_sitenote_active":false,"_monsterinsights_sitenote_note":"","_monsterinsights_sitenote_category":0,"footnotes":""},"categories":[1],"tags":[11],"class_list":["post-3134","post","type-post","status-publish","format-standard","has-post-thumbnail","hentry","category-non-classe","tag-ciep-verviers"],"acf":[],"yoast_head":"<!-- This site is optimized with the Yoast SEO plugin v28.1 - https:\/\/yoast.com\/product\/yoast-seo-wordpress\/ -->\n<title>30\/09 | F\u00eatez le 4e anniversaire de la Grainoth\u00e8que de Spa avec nous ! - Ciep-verviers<\/title>\n<meta name=\"description\" content=\"La Grainoth\u00e8que de Spa f\u00eate son 4e anniversaire le 30 septembre 2026. R\u00e9trospective, quiz, nouveau programme et moment convivial !\" \/>\n<meta name=\"robots\" content=\"index, follow, max-snippet:-1, max-image-preview:large, max-video-preview:-1\" \/>\n<link rel=\"canonical\" href=\"https:\/\/mocliege.be\/ciep-verviers\/grainotheque-spa-4e-anniversaire\/\" \/>\n<meta property=\"og:locale\" content=\"fr_FR\" \/>\n<meta property=\"og:type\" content=\"article\" \/>\n<meta property=\"og:title\" content=\"30\/09 | F\u00eatez le 4e anniversaire de la Grainoth\u00e8que de Spa avec nous ! - Ciep-verviers\" \/>\n<meta property=\"og:description\" content=\"La Grainoth\u00e8que de Spa f\u00eate son 4e anniversaire le 30 septembre 2026. R\u00e9trospective, quiz, nouveau programme et moment convivial !\" \/>\n<meta property=\"og:url\" content=\"https:\/\/mocliege.be\/ciep-verviers\/grainotheque-spa-4e-anniversaire\/\" \/>\n<meta property=\"og:site_name\" content=\"Ciep-verviers\" \/>\n<meta property=\"article:published_time\" content=\"2026-09-03T08:55:48+00:00\" \/>\n<meta property=\"og:image\" content=\"https:\/\/mocliege.be\/ciep-verviers\/wp-content\/uploads\/sites\/6\/2026\/09\/Miniatures-articles-site-95.jpg\" \/>\n\t<meta property=\"og:image:width\" content=\"752\" \/>\n\t<meta property=\"og:image:height\" content=\"362\" \/>\n\t<meta property=\"og:image:type\" content=\"image\/jpeg\" \/>\n<meta name=\"author\" content=\"nlaermans\" \/>\n<meta name=\"twitter:card\" content=\"summary_large_image\" \/>\n<meta name=\"twitter:label1\" content=\"\u00c9crit par\" \/>\n\t<meta name=\"twitter:data1\" content=\"nlaermans\" \/>\n\t<meta name=\"twitter:label2\" content=\"Dur\u00e9e de lecture estim\u00e9e\" \/>\n\t<meta name=\"twitter:data2\" content=\"3 minutes\" \/>\n<script type=\"application\/ld+json\" class=\"yoast-schema-graph\">{\"@context\":\"https:\\\/\\\/schema.org\",\"@graph\":[{\"@type\":\"Article\",\"@id\":\"https:\\\/\\\/mocliege.be\\\/ciep-verviers\\\/grainotheque-spa-4e-anniversaire\\\/#article\",\"isPartOf\":{\"@id\":\"https:\\\/\\\/mocliege.be\\\/ciep-verviers\\\/grainotheque-spa-4e-anniversaire\\\/\"},\"author\":{\"name\":\"nlaermans\",\"@id\":\"https:\\\/\\\/mocliege.be\\\/ciep-verviers\\\/#\\\/schema\\\/person\\\/26283e812b371323e9e5f18fbdd33d6b\"},\"headline\":\"30\\\/09 | F\u00eatez le 4e anniversaire de la Grainoth\u00e8que de Spa avec nous !\",\"datePublished\":\"2026-09-03T08:55:48+00:00\",\"mainEntityOfPage\":{\"@id\":\"https:\\\/\\\/mocliege.be\\\/ciep-verviers\\\/grainotheque-spa-4e-anniversaire\\\/\"},\"wordCount\":451,\"image\":{\"@id\":\"https:\\\/\\\/mocliege.be\\\/ciep-verviers\\\/grainotheque-spa-4e-anniversaire\\\/#primaryimage\"},\"thumbnailUrl\":\"https:\\\/\\\/mocliege.be\\\/ciep-verviers\\\/wp-content\\\/uploads\\\/sites\\\/6\\\/2026\\\/09\\\/Miniatures-articles-site-95.jpg\",\"keywords\":[\"CIEP Verviers\"],\"inLanguage\":\"fr-FR\"},{\"@type\":\"WebPage\",\"@id\":\"https:\\\/\\\/mocliege.be\\\/ciep-verviers\\\/grainotheque-spa-4e-anniversaire\\\/\",\"url\":\"https:\\\/\\\/mocliege.be\\\/ciep-verviers\\\/grainotheque-spa-4e-anniversaire\\\/\",\"name\":\"30\\\/09 | F\u00eatez le 4e anniversaire de la Grainoth\u00e8que de Spa avec nous ! - Ciep-verviers\",\"isPartOf\":{\"@id\":\"https:\\\/\\\/mocliege.be\\\/ciep-verviers\\\/#website\"},\"primaryImageOfPage\":{\"@id\":\"https:\\\/\\\/mocliege.be\\\/ciep-verviers\\\/grainotheque-spa-4e-anniversaire\\\/#primaryimage\"},\"image\":{\"@id\":\"https:\\\/\\\/mocliege.be\\\/ciep-verviers\\\/grainotheque-spa-4e-anniversaire\\\/#primaryimage\"},\"thumbnailUrl\":\"https:\\\/\\\/mocliege.be\\\/ciep-verviers\\\/wp-content\\\/uploads\\\/sites\\\/6\\\/2026\\\/09\\\/Miniatures-articles-site-95.jpg\",\"datePublished\":\"2026-09-03T08:55:48+00:00\",\"author\":{\"@id\":\"https:\\\/\\\/mocliege.be\\\/ciep-verviers\\\/#\\\/schema\\\/person\\\/26283e812b371323e9e5f18fbdd33d6b\"},\"description\":\"La Grainoth\u00e8que de Spa f\u00eate son 4e anniversaire le 30 septembre 2026. R\u00e9trospective, quiz, nouveau programme et moment convivial !\",\"breadcrumb\":{\"@id\":\"https:\\\/\\\/mocliege.be\\\/ciep-verviers\\\/grainotheque-spa-4e-anniversaire\\\/#breadcrumb\"},\"inLanguage\":\"fr-FR\",\"potentialAction\":[{\"@type\":\"ReadAction\",\"target\":[\"https:\\\/\\\/mocliege.be\\\/ciep-verviers\\\/grainotheque-spa-4e-anniversaire\\\/\"]}]},{\"@type\":\"ImageObject\",\"inLanguage\":\"fr-FR\",\"@id\":\"https:\\\/\\\/mocliege.be\\\/ciep-verviers\\\/grainotheque-spa-4e-anniversaire\\\/#primaryimage\",\"url\":\"https:\\\/\\\/mocliege.be\\\/ciep-verviers\\\/wp-content\\\/uploads\\\/sites\\\/6\\\/2026\\\/09\\\/Miniatures-articles-site-95.jpg\",\"contentUrl\":\"https:\\\/\\\/mocliege.be\\\/ciep-verviers\\\/wp-content\\\/uploads\\\/sites\\\/6\\\/2026\\\/09\\\/Miniatures-articles-site-95.jpg\",\"width\":752,\"height\":362},{\"@type\":\"BreadcrumbList\",\"@id\":\"https:\\\/\\\/mocliege.be\\\/ciep-verviers\\\/grainotheque-spa-4e-anniversaire\\\/#breadcrumb\",\"itemListElement\":[{\"@type\":\"ListItem\",\"position\":1,\"name\":\"Accueil\",\"item\":\"https:\\\/\\\/mocliege.be\\\/ciep-verviers\\\/\"},{\"@type\":\"ListItem\",\"position\":2,\"name\":\"30\\\/09 | F\u00eatez le 4e anniversaire de la Grainoth\u00e8que de Spa avec nous !\"}]},{\"@type\":\"WebSite\",\"@id\":\"https:\\\/\\\/mocliege.be\\\/ciep-verviers\\\/#website\",\"url\":\"https:\\\/\\\/mocliege.be\\\/ciep-verviers\\\/\",\"name\":\"Ciep-verviers\",\"description\":\"Un site utilisant Sites du MOC - Li\u00e8ge\",\"potentialAction\":[{\"@type\":\"SearchAction\",\"target\":{\"@type\":\"EntryPoint\",\"urlTemplate\":\"https:\\\/\\\/mocliege.be\\\/ciep-verviers\\\/?s={search_term_string}\"},\"query-input\":{\"@type\":\"PropertyValueSpecification\",\"valueRequired\":true,\"valueName\":\"search_term_string\"}}],\"inLanguage\":\"fr-FR\"},{\"@type\":\"Person\",\"@id\":\"https:\\\/\\\/mocliege.be\\\/ciep-verviers\\\/#\\\/schema\\\/person\\\/26283e812b371323e9e5f18fbdd33d6b\",\"name\":\"nlaermans\",\"image\":{\"@type\":\"ImageObject\",\"inLanguage\":\"fr-FR\",\"@id\":\"https:\\\/\\\/secure.gravatar.com\\\/avatar\\\/a20092a6b2167caf0d75f27981dff0bfc2e396f1e200748c1079885ac6a84a3a?s=96&d=mm&r=g\",\"url\":\"https:\\\/\\\/secure.gravatar.com\\\/avatar\\\/a20092a6b2167caf0d75f27981dff0bfc2e396f1e200748c1079885ac6a84a3a?s=96&d=mm&r=g\",\"contentUrl\":\"https:\\\/\\\/secure.gravatar.com\\\/avatar\\\/a20092a6b2167caf0d75f27981dff0bfc2e396f1e200748c1079885ac6a84a3a?s=96&d=mm&r=g\",\"caption\":\"nlaermans\"},\"url\":\"https:\\\/\\\/mocliege.be\\\/ciep-verviers\\\/author\\\/nlaermans\\\/\"}]}<\/script>\n<!-- \/ Yoast SEO plugin. -->","yoast_head_json":{"title":"30\/09 | F\u00eatez le 4e anniversaire de la Grainoth\u00e8que de Spa avec nous ! - Ciep-verviers","description":"La Grainoth\u00e8que de Spa f\u00eate son 4e anniversaire le 30 septembre 2026. R\u00e9trospective, quiz, nouveau programme et moment convivial !","robots":{"index":"index","follow":"follow","max-snippet":"max-snippet:-1","max-image-preview":"max-image-preview:large","max-video-preview":"max-video-preview:-1"},"canonical":"https:\/\/mocliege.be\/ciep-verviers\/grainotheque-spa-4e-anniversaire\/","og_locale":"fr_FR","og_type":"article","og_title":"30\/09 | F\u00eatez le 4e anniversaire de la Grainoth\u00e8que de Spa avec nous ! - Ciep-verviers","og_description":"La Grainoth\u00e8que de Spa f\u00eate son 4e anniversaire le 30 septembre 2026. R\u00e9trospective, quiz, nouveau programme et moment convivial !","og_url":"https:\/\/mocliege.be\/ciep-verviers\/grainotheque-spa-4e-anniversaire\/","og_site_name":"Ciep-verviers","article_published_time":"2026-09-03T08:55:48+00:00","og_image":[{"width":752,"height":362,"url":"https:\/\/mocliege.be\/ciep-verviers\/wp-content\/uploads\/sites\/6\/2026\/09\/Miniatures-articles-site-95.jpg","type":"image\/jpeg"}],"author":"nlaermans","twitter_card":"summary_large_image","twitter_misc":{"\u00c9crit par":"nlaermans","Dur\u00e9e de lecture estim\u00e9e":"3 minutes"},"schema":{"@context":"https:\/\/schema.org","@graph":[{"@type":"Article","@id":"https:\/\/mocliege.be\/ciep-verviers\/grainotheque-spa-4e-anniversaire\/#article","isPartOf":{"@id":"https:\/\/mocliege.be\/ciep-verviers\/grainotheque-spa-4e-anniversaire\/"},"author":{"name":"nlaermans","@id":"https:\/\/mocliege.be\/ciep-verviers\/#\/schema\/person\/26283e812b371323e9e5f18fbdd33d6b"},"headline":"30\/09 | F\u00eatez le 4e anniversaire de la Grainoth\u00e8que de Spa avec nous !","datePublished":"2026-09-03T08:55:48+00:00","mainEntityOfPage":{"@id":"https:\/\/mocliege.be\/ciep-verviers\/grainotheque-spa-4e-anniversaire\/"},"wordCount":451,"image":{"@id":"https:\/\/mocliege.be\/ciep-verviers\/grainotheque-spa-4e-anniversaire\/#primaryimage"},"thumbnailUrl":"https:\/\/mocliege.be\/ciep-verviers\/wp-content\/uploads\/sites\/6\/2026\/09\/Miniatures-articles-site-95.jpg","keywords":["CIEP Verviers"],"inLanguage":"fr-FR"},{"@type":"WebPage","@id":"https:\/\/mocliege.be\/ciep-verviers\/grainotheque-spa-4e-anniversaire\/","url":"https:\/\/mocliege.be\/ciep-verviers\/grainotheque-spa-4e-anniversaire\/","name":"30\/09 | F\u00eatez le 4e anniversaire de la Grainoth\u00e8que de Spa avec nous ! - Ciep-verviers","isPartOf":{"@id":"https:\/\/mocliege.be\/ciep-verviers\/#website"},"primaryImageOfPage":{"@id":"https:\/\/mocliege.be\/ciep-verviers\/grainotheque-spa-4e-anniversaire\/#primaryimage"},"image":{"@id":"https:\/\/mocliege.be\/ciep-verviers\/grainotheque-spa-4e-anniversaire\/#primaryimage"},"thumbnailUrl":"https:\/\/mocliege.be\/ciep-verviers\/wp-content\/uploads\/sites\/6\/2026\/09\/Miniatures-articles-site-95.jpg","datePublished":"2026-09-03T08:55:48+00:00","author":{"@id":"https:\/\/mocliege.be\/ciep-verviers\/#\/schema\/person\/26283e812b371323e9e5f18fbdd33d6b"},"description":"La Grainoth\u00e8que de Spa f\u00eate son 4e anniversaire le 30 septembre 2026. R\u00e9trospective, quiz, nouveau programme et moment convivial !","breadcrumb":{"@id":"https:\/\/mocliege.be\/ciep-verviers\/grainotheque-spa-4e-anniversaire\/#breadcrumb"},"inLanguage":"fr-FR","potentialAction":[{"@type":"ReadAction","target":["https:\/\/mocliege.be\/ciep-verviers\/grainotheque-spa-4e-anniversaire\/"]}]},{"@type":"ImageObject","inLanguage":"fr-FR","@id":"https:\/\/mocliege.be\/ciep-verviers\/grainotheque-spa-4e-anniversaire\/#primaryimage","url":"https:\/\/mocliege.be\/ciep-verviers\/wp-content\/uploads\/sites\/6\/2026\/09\/Miniatures-articles-site-95.jpg","contentUrl":"https:\/\/mocliege.be\/ciep-verviers\/wp-content\/uploads\/sites\/6\/2026\/09\/Miniatures-articles-site-95.jpg","width":752,"height":362},{"@type":"BreadcrumbList","@id":"https:\/\/mocliege.be\/ciep-verviers\/grainotheque-spa-4e-anniversaire\/#breadcrumb","itemListElement":[{"@type":"ListItem","position":1,"name":"Accueil","item":"https:\/\/mocliege.be\/ciep-verviers\/"},{"@type":"ListItem","position":2,"name":"30\/09 | F\u00eatez le 4e anniversaire de la Grainoth\u00e8que de Spa avec nous !"}]},{"@type":"WebSite","@id":"https:\/\/mocliege.be\/ciep-verviers\/#website","url":"https:\/\/mocliege.be\/ciep-verviers\/","name":"Ciep-verviers","description":"Un site utilisant Sites du MOC - Li\u00e8ge","potentialAction":[{"@type":"SearchAction","target":{"@type":"EntryPoint","urlTemplate":"https:\/\/mocliege.be\/ciep-verviers\/?s={search_term_string}"},"query-input":{"@type":"PropertyValueSpecification","valueRequired":true,"valueName":"search_term_string"}}],"inLanguage":"fr-FR"},{"@type":"Person","@id":"https:\/\/mocliege.be\/ciep-verviers\/#\/schema\/person\/26283e812b371323e9e5f18fbdd33d6b","name":"nlaermans","image":{"@type":"ImageObject","inLanguage":"fr-FR","@id":"https:\/\/secure.gravatar.com\/avatar\/a20092a6b2167caf0d75f27981dff0bfc2e396f1e200748c1079885ac6a84a3a?s=96&d=mm&r=g","url":"https:\/\/secure.gravatar.com\/avatar\/a20092a6b2167caf0d75f27981dff0bfc2e396f1e200748c1079885ac6a84a3a?s=96&d=mm&r=g","contentUrl":"https:\/\/secure.gravatar.com\/avatar\/a20092a6b2167caf0d75f27981dff0bfc2e396f1e200748c1079885ac6a84a3a?s=96&d=mm&r=g","caption":"nlaermans"},"url":"https:\/\/mocliege.be\/ciep-verviers\/author\/nlaermans\/"}]}},"_links":{"self":[{"href":"https:\/\/mocliege.be\/ciep-verviers\/wp-json\/wp\/v2\/posts\/3134","targetHints":{"allow":["GET"]}}],"collection":[{"href":"https:\/\/mocliege.be\/ciep-verviers\/wp-json\/wp\/v2\/posts"}],"about":[{"href":"https:\/\/mocliege.be\/ciep-verviers\/wp-json\/wp\/v2\/types\/post"}],"author":[{"embeddable":true,"href":"https:\/\/mocliege.be\/ciep-verviers\/wp-json\/wp\/v2\/users\/9"}],"replies":[{"embeddable":true,"href":"https:\/\/mocliege.be\/ciep-verviers\/wp-json\/wp\/v2\/comments?post=3134"}],"version-history":[{"count":1,"href":"https:\/\/mocliege.be\/ciep-verviers\/wp-json\/wp\/v2\/posts\/3134\/revisions"}],"predecessor-version":[{"id":3137,"href":"https:\/\/mocliege.be\/ciep-verviers\/wp-json\/wp\/v2\/posts\/3134\/revisions\/3137"}],"wp:featuredmedia":[{"embeddable":true,"href":"https:\/\/mocliege.be\/ciep-verviers\/wp-json\/wp\/v2\/media\/3135"}],"wp:attachment":[{"href":"https:\/\/mocliege.be\/ciep-verviers\/wp-json\/wp\/v2\/media?parent=3134"}],"wp:term":[{"taxonomy":"category","embeddable":true,"href":"https:\/\/mocliege.be\/ciep-verviers\/wp-json\/wp\/v2\/categories?post=3134"},{"taxonomy":"post_tag","embeddable":true,"href":"https:\/\/mocliege.be\/ciep-verviers\/wp-json\/wp\/v2\/tags?post=3134"}],"curies":[{"name":"wp","href":"https:\/\/api.w.org\/{rel}","templated":true}]}}