{"id":1672,"date":"2025-04-28T19:10:02","date_gmt":"2025-04-28T17:10:02","guid":{"rendered":"https:\/\/mocliege.be\/ciep\/?p=1672"},"modified":"2025-04-28T19:14:50","modified_gmt":"2025-04-28T17:14:50","slug":"ciep-culture-21-06-25-visite-des-expositions-marc-aurele-a-treves","status":"publish","type":"post","link":"https:\/\/mocliege.be\/ciep\/ciep-culture-21-06-25-visite-des-expositions-marc-aurele-a-treves\/","title":{"rendered":"CIEP Culture | 21\/06 | Visite des expositions \u00ab\u00a0Marc Aur\u00e8le\u00a0\u00bb \u00e0 Tr\u00e8ves"},"content":{"rendered":"<p><img loading=\"lazy\" decoding=\"async\" class=\" wp-image-1674 alignright\" src=\"https:\/\/mocliege.be\/ciep\/wp-content\/uploads\/sites\/2\/2025\/04\/Image1-1.jpg\" alt=\"\" width=\"193\" height=\"207\" srcset=\"https:\/\/mocliege.be\/ciep\/wp-content\/uploads\/sites\/2\/2025\/04\/Image1-1.jpg 145w, https:\/\/mocliege.be\/ciep\/wp-content\/uploads\/sites\/2\/2025\/04\/Image1-1-59x64.jpg 59w, https:\/\/mocliege.be\/ciep\/wp-content\/uploads\/sites\/2\/2025\/04\/Image1-1-70x75.jpg 70w\" sizes=\"(max-width: 193px) 100vw, 193px\" \/>L&rsquo;<a href=\"https:\/\/fr.wikipedia.org\/wiki\/Empereur_romain\">empereur<\/a>\u00a0<a href=\"https:\/\/fr.wikipedia.org\/wiki\/Marc_Aur%C3%A8le\">Marc Aur\u00e8le<\/a>, n\u00e9 le\u00a026 avril 121\u00a0\u00e0\u00a0<a href=\"https:\/\/fr.wikipedia.org\/wiki\/Rome\">Rome<\/a>\u00a0sous le r\u00e8gne d\u2019Hadrien et mort le\u00a017 mars 180\u00a0\u00e0\u00a0<a href=\"https:\/\/fr.wikipedia.org\/wiki\/Sirmione\">Sirmione<\/a>, r\u00e9gna de\u00a0<a href=\"https:\/\/fr.wikipedia.org\/wiki\/161\">161<\/a>\u00a0\u00e0 180\u00a0apr. J.-C.\u00a0 C\u2019est en sto\u00efcien qu\u2019il monte sur le tr\u00f4ne et c\u2019est en philosophe responsable d\u2019un immense empire qu\u2019il \u00e9crit ses \u00ab\u00a0Pens\u00e9es pour moi-m\u00eame\u00a0\u00bb, dernier \u00e9crit important de la longue histoire du sto\u00efcisme (qui pr\u00f4ne l&rsquo;acceptation sereine du destin et la ma\u00eetrise de soi, en s&rsquo;effor\u00e7ant de vivre en accord avec la nature et en se d\u00e9tachant des \u00e9motions perturbatrices). \u00ab\u00a0Pens\u00e9es pour moi-m\u00eame\u00a0\u00bb est une\u00a0source r\u00e9elle pour la compr\u00e9hension moderne des\u00a0<a href=\"https:\/\/fr.wikipedia.org\/wiki\/Philosophie_antique\">philosophes antiques<\/a>.\u00a0 Ce livre fait partie des lectures de <a href=\"https:\/\/fr.wikipedia.org\/wiki\/Fr%C3%A9d%C3%A9ric_II_(roi_de_Prusse)\">Fr\u00e9d\u00e9ric le Grand<\/a>, de\u00a0<a href=\"https:\/\/fr.wikipedia.org\/wiki\/Johann_Wolfgang_von_Goethe\">Johann Wolfgang von Goethe<\/a>, de\u00a0<a href=\"https:\/\/fr.wikipedia.org\/wiki\/L%C3%A9on_Tolsto%C3%AF\">L\u00e9on Tolsto\u00ef<\/a>, de\u00a0<a href=\"https:\/\/fr.wikipedia.org\/wiki\/Simone_Weil\">Simone Weil<\/a>,\u00a0de <a href=\"https:\/\/fr.wikipedia.org\/wiki\/Michel_Onfray\">Michel Onfray<\/a>,\u00a0de\u00a0<a href=\"https:\/\/fr.wikipedia.org\/wiki\/Bill_Clinton\">Bill Clinton<\/a>, etc.<\/p>\n<p><strong><img loading=\"lazy\" decoding=\"async\" class=\"alignleft wp-image-1675\" src=\"https:\/\/mocliege.be\/ciep\/wp-content\/uploads\/sites\/2\/2025\/04\/Image2-1.jpg\" alt=\"\" width=\"184\" height=\"188\" srcset=\"https:\/\/mocliege.be\/ciep\/wp-content\/uploads\/sites\/2\/2025\/04\/Image2-1.jpg 392w, https:\/\/mocliege.be\/ciep\/wp-content\/uploads\/sites\/2\/2025\/04\/Image2-1-293x300.jpg 293w, https:\/\/mocliege.be\/ciep\/wp-content\/uploads\/sites\/2\/2025\/04\/Image2-1-64x64.jpg 64w, https:\/\/mocliege.be\/ciep\/wp-content\/uploads\/sites\/2\/2025\/04\/Image2-1-244x250.jpg 244w, https:\/\/mocliege.be\/ciep\/wp-content\/uploads\/sites\/2\/2025\/04\/Image2-1-73x75.jpg 73w, https:\/\/mocliege.be\/ciep\/wp-content\/uploads\/sites\/2\/2025\/04\/Image2-1-150x153.jpg 150w\" sizes=\"(max-width: 184px) 100vw, 184px\" \/>Le Mus\u00e9e R\u00e9gional Rh\u00e9nan<\/strong> invite les visiteurs \u00e0 un voyage dans l&rsquo;Empire romain au IIe si\u00e8cle et explore la fascination exerc\u00e9e par Marc Aur\u00e8le. Sa vie aux multiples facettes et l&rsquo;\u00e9poque de l&#8217;empereur romain sont particuli\u00e8rement \u00e9tudi\u00e9es. L&rsquo;exposition arch\u00e9ologique pr\u00e9sente un voyage chronologique \u00e0 travers la vie de Marc Aur\u00e8le \u00e0 l&rsquo;aide de pr\u00e9cieuses pi\u00e8ces d&rsquo;exposition. Sa vie a \u00e9t\u00e9 fortement marqu\u00e9e par les contrastes\u00a0: les longues ann\u00e9es pass\u00e9es en tant qu&rsquo;h\u00e9ritier du tr\u00f4ne ont \u00e9t\u00e9 essentiellement paisibles, tandis que son r\u00e8gne a \u00e9t\u00e9 marqu\u00e9 par de nombreuses guerres. Son attachement \u00e0 la philosophie fait de lui une figure exceptionnelle de l&rsquo;Antiquit\u00e9 et le distingue des autres empereurs.<\/p>\n<p><strong><img loading=\"lazy\" decoding=\"async\" class=\" wp-image-1676 alignright\" src=\"https:\/\/mocliege.be\/ciep\/wp-content\/uploads\/sites\/2\/2025\/04\/Image3-1.jpg\" alt=\"\" width=\"197\" height=\"197\" srcset=\"https:\/\/mocliege.be\/ciep\/wp-content\/uploads\/sites\/2\/2025\/04\/Image3-1.jpg 440w, https:\/\/mocliege.be\/ciep\/wp-content\/uploads\/sites\/2\/2025\/04\/Image3-1-300x300.jpg 300w, https:\/\/mocliege.be\/ciep\/wp-content\/uploads\/sites\/2\/2025\/04\/Image3-1-150x150.jpg 150w, https:\/\/mocliege.be\/ciep\/wp-content\/uploads\/sites\/2\/2025\/04\/Image3-1-64x64.jpg 64w, https:\/\/mocliege.be\/ciep\/wp-content\/uploads\/sites\/2\/2025\/04\/Image3-1-250x250.jpg 250w, https:\/\/mocliege.be\/ciep\/wp-content\/uploads\/sites\/2\/2025\/04\/Image3-1-75x75.jpg 75w\" sizes=\"(max-width: 197px) 100vw, 197px\" \/>Le Mus\u00e9e Municipal St-Simeon<\/strong> r\u00e9pond \u00e0 la question \u00abQu&rsquo;est-ce qu&rsquo;une bonne gouvernance ?\u00bb<\/p>\n<p>Depuis des si\u00e8cles, les souverains, les th\u00e9oriciens de l&rsquo;\u00c9tat, les philosophes et les artistes se r\u00e9f\u00e8rent \u00e0 Marc Aur\u00e8le et \u00e0 ses \u00ab Pens\u00e9es pour moi-m\u00eame \u00bb, qui sont ainsi devenues une litt\u00e9rature mondiale. C\u2019est le th\u00e8me de l\u2019exposition du Stadtmuseum qui montre l\u2019\u00e9volution artistique de la repr\u00e9sentation du bon gouvernement. Des peintures, des sculptures, des caricatures et des m\u00e9dias traitent de la question sur huit si\u00e8cles d\u2019histoire.<\/p>\n<h2><strong>Programme : <\/strong><\/h2>\n<ul>\n<li>07h40 : d\u00e9part de Huy \u2013 Av. Godin Parnajon \u2013 parking en face de la piscine.<\/li>\n<li>08h00 : d\u00e9part de du Val St-Lambert, en face de l\u2019Eglise.<\/li>\n<li>08h20 : d\u00e9part de Li\u00e8ge- rue du Plan Inclin\u00e9 \u2013 station Q8.<\/li>\n<li>09h10 : d\u00e9part de Malm\u00e9dy (Aldi)<\/li>\n<li>11h00\u00a0: visite guid\u00e9e de l\u2019expo au Mus\u00e9e municipal St-Sim\u00e9on (75\u2019)<\/li>\n<li>15h00 : visite guid\u00e9e de l\u2019exposition au Mus\u00e9e R\u00e9gional Rh\u00e9nan (90\u2019)<\/li>\n<li>17h30 : embarquement et retour vers les diff\u00e9rents lieux<\/li>\n<\/ul>\n<p><strong>Participation aux frais <\/strong>(car + entr\u00e9es et guidages des expos) : 73 \u20ac\/personne.<\/p>\n<p>Communication : 81C32505<\/p>\n<h2>Inscription :<\/h2>\n<p><strong>Pour vos inscriptions\u00a0: <\/strong><a href=\"mailto:moisse@mocliege.org\">moisse@mocliege.org<\/a><strong> ou 0498\/17.18.52<\/strong><\/p>\n<p><strong>Pour vos paiements\u00a0: un seul compte\u00a0: compte BE90 7785 9890 4832<\/strong><\/p>\n<p><strong>CIEP Culture \u2013 Rue St-Gilles 29\/1 \u2013 4000 Li\u00e8ge<\/strong><\/p>\n","protected":false},"excerpt":{"rendered":"<p>L&rsquo;empereur\u00a0Marc Aur\u00e8le, n\u00e9 le\u00a026 avril 121\u00a0\u00e0\u00a0Rome\u00a0sous le r\u00e8gne d\u2019Hadrien et mort le\u00a017 mars 180\u00a0\u00e0\u00a0Sirmione, r\u00e9gna [&hellip;]<\/p>\n","protected":false},"author":9,"featured_media":1673,"comment_status":"open","ping_status":"open","sticky":false,"template":"","format":"standard","meta":{"_monsterinsights_skip_tracking":false,"_monsterinsights_sitenote_active":false,"_monsterinsights_sitenote_note":"","_monsterinsights_sitenote_category":0,"footnotes":""},"categories":[1],"tags":[3,11],"acf":[],"yoast_head":"<!-- This site is optimized with the Yoast SEO plugin v19.14 - https:\/\/yoast.com\/wordpress\/plugins\/seo\/ -->\n<title>CIEP Culture | 21\/06 | Visite des expositions &quot;Marc Aur\u00e8le&quot; \u00e0 Tr\u00e8ves - Ciep<\/title>\n<meta name=\"robots\" content=\"index, follow, max-snippet:-1, max-image-preview:large, max-video-preview:-1\" \/>\n<link rel=\"canonical\" href=\"https:\/\/mocliege.be\/ciep\/ciep-culture-21-06-25-visite-des-expositions-marc-aurele-a-treves\/\" \/>\n<meta property=\"og:locale\" content=\"fr_FR\" \/>\n<meta property=\"og:type\" content=\"article\" \/>\n<meta property=\"og:title\" content=\"CIEP Culture | 21\/06 | Visite des expositions &quot;Marc Aur\u00e8le&quot; \u00e0 Tr\u00e8ves - Ciep\" \/>\n<meta property=\"og:description\" content=\"L&rsquo;empereur\u00a0Marc Aur\u00e8le, n\u00e9 le\u00a026 avril 121\u00a0\u00e0\u00a0Rome\u00a0sous le r\u00e8gne d\u2019Hadrien et mort le\u00a017 mars 180\u00a0\u00e0\u00a0Sirmione, r\u00e9gna [&hellip;]\" \/>\n<meta property=\"og:url\" content=\"https:\/\/mocliege.be\/ciep\/ciep-culture-21-06-25-visite-des-expositions-marc-aurele-a-treves\/\" \/>\n<meta property=\"og:site_name\" content=\"Ciep\" \/>\n<meta property=\"article:published_time\" content=\"2025-04-28T17:10:02+00:00\" \/>\n<meta property=\"article:modified_time\" content=\"2025-04-28T17:14:50+00:00\" \/>\n<meta property=\"og:image\" content=\"https:\/\/mocliege.be\/ciep\/wp-content\/uploads\/sites\/2\/2025\/04\/06.21_Treves.png\" \/>\n\t<meta property=\"og:image:width\" content=\"1280\" \/>\n\t<meta property=\"og:image:height\" content=\"864\" \/>\n\t<meta property=\"og:image:type\" content=\"image\/png\" \/>\n<meta name=\"author\" content=\"nlaermans\" \/>\n<meta name=\"twitter:card\" content=\"summary_large_image\" \/>\n<meta name=\"twitter:label1\" content=\"\u00c9crit par\" \/>\n\t<meta name=\"twitter:data1\" content=\"nlaermans\" \/>\n\t<meta name=\"twitter:label2\" content=\"Dur\u00e9e de lecture estim\u00e9e\" \/>\n\t<meta name=\"twitter:data2\" content=\"2 minutes\" \/>\n<script type=\"application\/ld+json\" class=\"yoast-schema-graph\">{\"@context\":\"https:\/\/schema.org\",\"@graph\":[{\"@type\":\"WebPage\",\"@id\":\"https:\/\/mocliege.be\/ciep\/ciep-culture-21-06-25-visite-des-expositions-marc-aurele-a-treves\/\",\"url\":\"https:\/\/mocliege.be\/ciep\/ciep-culture-21-06-25-visite-des-expositions-marc-aurele-a-treves\/\",\"name\":\"CIEP Culture | 21\/06 | Visite des expositions \\\"Marc Aur\u00e8le\\\" \u00e0 Tr\u00e8ves - Ciep\",\"isPartOf\":{\"@id\":\"https:\/\/mocliege.be\/ciep\/#website\"},\"datePublished\":\"2025-04-28T17:10:02+00:00\",\"dateModified\":\"2025-04-28T17:14:50+00:00\",\"author\":{\"@id\":\"https:\/\/mocliege.be\/ciep\/#\/schema\/person\/26283e812b371323e9e5f18fbdd33d6b\"},\"breadcrumb\":{\"@id\":\"https:\/\/mocliege.be\/ciep\/ciep-culture-21-06-25-visite-des-expositions-marc-aurele-a-treves\/#breadcrumb\"},\"inLanguage\":\"fr-FR\",\"potentialAction\":[{\"@type\":\"ReadAction\",\"target\":[\"https:\/\/mocliege.be\/ciep\/ciep-culture-21-06-25-visite-des-expositions-marc-aurele-a-treves\/\"]}]},{\"@type\":\"BreadcrumbList\",\"@id\":\"https:\/\/mocliege.be\/ciep\/ciep-culture-21-06-25-visite-des-expositions-marc-aurele-a-treves\/#breadcrumb\",\"itemListElement\":[{\"@type\":\"ListItem\",\"position\":1,\"name\":\"Accueil\",\"item\":\"https:\/\/mocliege.be\/ciep\/\"},{\"@type\":\"ListItem\",\"position\":2,\"name\":\"CIEP Culture | 21\/06 | Visite des expositions \u00ab\u00a0Marc Aur\u00e8le\u00a0\u00bb \u00e0 Tr\u00e8ves\"}]},{\"@type\":\"WebSite\",\"@id\":\"https:\/\/mocliege.be\/ciep\/#website\",\"url\":\"https:\/\/mocliege.be\/ciep\/\",\"name\":\"Ciep\",\"description\":\"Un site utilisant Sites du MOC - Li\u00e8ge\",\"potentialAction\":[{\"@type\":\"SearchAction\",\"target\":{\"@type\":\"EntryPoint\",\"urlTemplate\":\"https:\/\/mocliege.be\/ciep\/?s={search_term_string}\"},\"query-input\":\"required name=search_term_string\"}],\"inLanguage\":\"fr-FR\"},{\"@type\":\"Person\",\"@id\":\"https:\/\/mocliege.be\/ciep\/#\/schema\/person\/26283e812b371323e9e5f18fbdd33d6b\",\"name\":\"nlaermans\",\"image\":{\"@type\":\"ImageObject\",\"inLanguage\":\"fr-FR\",\"@id\":\"https:\/\/mocliege.be\/ciep\/#\/schema\/person\/image\/\",\"url\":\"https:\/\/secure.gravatar.com\/avatar\/bbefd6fbf0498a667ea40c2b873b73ea?s=96&d=mm&r=g\",\"contentUrl\":\"https:\/\/secure.gravatar.com\/avatar\/bbefd6fbf0498a667ea40c2b873b73ea?s=96&d=mm&r=g\",\"caption\":\"nlaermans\"},\"url\":\"https:\/\/mocliege.be\/ciep\/author\/nlaermans\/\"}]}<\/script>\n<!-- \/ Yoast SEO plugin. -->","yoast_head_json":{"title":"CIEP Culture | 21\/06 | Visite des expositions \"Marc Aur\u00e8le\" \u00e0 Tr\u00e8ves - Ciep","robots":{"index":"index","follow":"follow","max-snippet":"max-snippet:-1","max-image-preview":"max-image-preview:large","max-video-preview":"max-video-preview:-1"},"canonical":"https:\/\/mocliege.be\/ciep\/ciep-culture-21-06-25-visite-des-expositions-marc-aurele-a-treves\/","og_locale":"fr_FR","og_type":"article","og_title":"CIEP Culture | 21\/06 | Visite des expositions \"Marc Aur\u00e8le\" \u00e0 Tr\u00e8ves - Ciep","og_description":"L&rsquo;empereur\u00a0Marc Aur\u00e8le, n\u00e9 le\u00a026 avril 121\u00a0\u00e0\u00a0Rome\u00a0sous le r\u00e8gne d\u2019Hadrien et mort le\u00a017 mars 180\u00a0\u00e0\u00a0Sirmione, r\u00e9gna [&hellip;]","og_url":"https:\/\/mocliege.be\/ciep\/ciep-culture-21-06-25-visite-des-expositions-marc-aurele-a-treves\/","og_site_name":"Ciep","article_published_time":"2025-04-28T17:10:02+00:00","article_modified_time":"2025-04-28T17:14:50+00:00","og_image":[{"width":1280,"height":864,"url":"https:\/\/mocliege.be\/ciep\/wp-content\/uploads\/sites\/2\/2025\/04\/06.21_Treves.png","type":"image\/png"}],"author":"nlaermans","twitter_card":"summary_large_image","twitter_misc":{"\u00c9crit par":"nlaermans","Dur\u00e9e de lecture estim\u00e9e":"2 minutes"},"schema":{"@context":"https:\/\/schema.org","@graph":[{"@type":"WebPage","@id":"https:\/\/mocliege.be\/ciep\/ciep-culture-21-06-25-visite-des-expositions-marc-aurele-a-treves\/","url":"https:\/\/mocliege.be\/ciep\/ciep-culture-21-06-25-visite-des-expositions-marc-aurele-a-treves\/","name":"CIEP Culture | 21\/06 | Visite des expositions \"Marc Aur\u00e8le\" \u00e0 Tr\u00e8ves - Ciep","isPartOf":{"@id":"https:\/\/mocliege.be\/ciep\/#website"},"datePublished":"2025-04-28T17:10:02+00:00","dateModified":"2025-04-28T17:14:50+00:00","author":{"@id":"https:\/\/mocliege.be\/ciep\/#\/schema\/person\/26283e812b371323e9e5f18fbdd33d6b"},"breadcrumb":{"@id":"https:\/\/mocliege.be\/ciep\/ciep-culture-21-06-25-visite-des-expositions-marc-aurele-a-treves\/#breadcrumb"},"inLanguage":"fr-FR","potentialAction":[{"@type":"ReadAction","target":["https:\/\/mocliege.be\/ciep\/ciep-culture-21-06-25-visite-des-expositions-marc-aurele-a-treves\/"]}]},{"@type":"BreadcrumbList","@id":"https:\/\/mocliege.be\/ciep\/ciep-culture-21-06-25-visite-des-expositions-marc-aurele-a-treves\/#breadcrumb","itemListElement":[{"@type":"ListItem","position":1,"name":"Accueil","item":"https:\/\/mocliege.be\/ciep\/"},{"@type":"ListItem","position":2,"name":"CIEP Culture | 21\/06 | Visite des expositions \u00ab\u00a0Marc Aur\u00e8le\u00a0\u00bb \u00e0 Tr\u00e8ves"}]},{"@type":"WebSite","@id":"https:\/\/mocliege.be\/ciep\/#website","url":"https:\/\/mocliege.be\/ciep\/","name":"Ciep","description":"Un site utilisant Sites du MOC - Li\u00e8ge","potentialAction":[{"@type":"SearchAction","target":{"@type":"EntryPoint","urlTemplate":"https:\/\/mocliege.be\/ciep\/?s={search_term_string}"},"query-input":"required name=search_term_string"}],"inLanguage":"fr-FR"},{"@type":"Person","@id":"https:\/\/mocliege.be\/ciep\/#\/schema\/person\/26283e812b371323e9e5f18fbdd33d6b","name":"nlaermans","image":{"@type":"ImageObject","inLanguage":"fr-FR","@id":"https:\/\/mocliege.be\/ciep\/#\/schema\/person\/image\/","url":"https:\/\/secure.gravatar.com\/avatar\/bbefd6fbf0498a667ea40c2b873b73ea?s=96&d=mm&r=g","contentUrl":"https:\/\/secure.gravatar.com\/avatar\/bbefd6fbf0498a667ea40c2b873b73ea?s=96&d=mm&r=g","caption":"nlaermans"},"url":"https:\/\/mocliege.be\/ciep\/author\/nlaermans\/"}]}},"_links":{"self":[{"href":"https:\/\/mocliege.be\/ciep\/wp-json\/wp\/v2\/posts\/1672"}],"collection":[{"href":"https:\/\/mocliege.be\/ciep\/wp-json\/wp\/v2\/posts"}],"about":[{"href":"https:\/\/mocliege.be\/ciep\/wp-json\/wp\/v2\/types\/post"}],"author":[{"embeddable":true,"href":"https:\/\/mocliege.be\/ciep\/wp-json\/wp\/v2\/users\/9"}],"replies":[{"embeddable":true,"href":"https:\/\/mocliege.be\/ciep\/wp-json\/wp\/v2\/comments?post=1672"}],"version-history":[{"count":6,"href":"https:\/\/mocliege.be\/ciep\/wp-json\/wp\/v2\/posts\/1672\/revisions"}],"predecessor-version":[{"id":1682,"href":"https:\/\/mocliege.be\/ciep\/wp-json\/wp\/v2\/posts\/1672\/revisions\/1682"}],"wp:featuredmedia":[{"embeddable":true,"href":"https:\/\/mocliege.be\/ciep\/wp-json\/wp\/v2\/media\/1673"}],"wp:attachment":[{"href":"https:\/\/mocliege.be\/ciep\/wp-json\/wp\/v2\/media?parent=1672"}],"wp:term":[{"taxonomy":"category","embeddable":true,"href":"https:\/\/mocliege.be\/ciep\/wp-json\/wp\/v2\/categories?post=1672"},{"taxonomy":"post_tag","embeddable":true,"href":"https:\/\/mocliege.be\/ciep\/wp-json\/wp\/v2\/tags?post=1672"}],"curies":[{"name":"wp","href":"https:\/\/api.w.org\/{rel}","templated":true}]}}