{"id":1859,"date":"2025-12-02T12:13:19","date_gmt":"2025-12-02T11:13:19","guid":{"rendered":"https:\/\/mocliege.be\/ciep\/?p=1859"},"modified":"2025-12-02T16:06:44","modified_gmt":"2025-12-02T15:06:44","slug":"retour-sur-notre-cine-debat-black-mirror-quand-la-fiction-devient-realite-une-journee-riche-en-rires-et-en-prises-de-conscience","status":"publish","type":"post","link":"https:\/\/mocliege.be\/ciep\/retour-sur-notre-cine-debat-black-mirror-quand-la-fiction-devient-realite-une-journee-riche-en-rires-et-en-prises-de-conscience\/","title":{"rendered":"Tout sur notre cin\u00e9-d\u00e9bat sur l&rsquo;IA fait de rires et de prises de conscience !"},"content":{"rendered":"<p data-start=\"293\" data-end=\"725\"><img loading=\"lazy\" decoding=\"async\" class=\" wp-image-1861 alignright\" src=\"https:\/\/mocliege.be\/ciep\/wp-content\/uploads\/sites\/2\/2025\/12\/1-2-1024x1024.jpg\" alt=\"\" width=\"483\" height=\"483\" srcset=\"https:\/\/mocliege.be\/ciep\/wp-content\/uploads\/sites\/2\/2025\/12\/1-2-1024x1024.jpg 1024w, https:\/\/mocliege.be\/ciep\/wp-content\/uploads\/sites\/2\/2025\/12\/1-2-300x300.jpg 300w, https:\/\/mocliege.be\/ciep\/wp-content\/uploads\/sites\/2\/2025\/12\/1-2-150x150.jpg 150w, https:\/\/mocliege.be\/ciep\/wp-content\/uploads\/sites\/2\/2025\/12\/1-2-768x768.jpg 768w, https:\/\/mocliege.be\/ciep\/wp-content\/uploads\/sites\/2\/2025\/12\/1-2-64x64.jpg 64w, https:\/\/mocliege.be\/ciep\/wp-content\/uploads\/sites\/2\/2025\/12\/1-2-250x250.jpg 250w, https:\/\/mocliege.be\/ciep\/wp-content\/uploads\/sites\/2\/2025\/12\/1-2-75x75.jpg 75w, https:\/\/mocliege.be\/ciep\/wp-content\/uploads\/sites\/2\/2025\/12\/1-2-450x450.jpg 450w, https:\/\/mocliege.be\/ciep\/wp-content\/uploads\/sites\/2\/2025\/12\/1-2-600x600.jpg 600w, https:\/\/mocliege.be\/ciep\/wp-content\/uploads\/sites\/2\/2025\/12\/1-2.jpg 1080w\" sizes=\"(max-width: 483px) 100vw, 483px\" \/>Le <strong data-start=\"296\" data-end=\"311\">25 novembre<\/strong>, le <strong>CIEP de Li\u00e8ge<\/strong>\u00a0en partenariat avec <a href=\"http:\/\/www.eneo-liege-seraing.be\/\"><strong data-start=\"354\" data-end=\"368\">Eneo Li\u00e8ge<\/strong><\/a> et la <strong data-start=\"375\" data-end=\"408\"><a href=\"https:\/\/www.mc.be\/fr\">Mutualit\u00e9 Chr\u00e9tienne<\/a> de Li\u00e8ge<\/strong>, a accueilli plus de <strong data-start=\"430\" data-end=\"442\">30 a\u00een\u00e9s<\/strong> pour une journ\u00e9e plac\u00e9e sous le signe de l\u2019esprit critique, de la bonne humeur et de la convivialit\u00e9. Un v\u00e9ritable succ\u00e8s, qui confirme l\u2019int\u00e9r\u00eat de toutes et tous pour comprendre les m\u00e9canismes de la manipulation des masses, des r\u00e9seaux sociaux et de l\u2019intelligence artificielle.<\/p>\n<h2 data-start=\"732\" data-end=\"798\"><strong>Une matin\u00e9e captivante autour de l\u2019\u00e9pisode \u00ab Joan is Awful \u00bb<\/strong><\/h2>\n<p data-start=\"800\" data-end=\"1207\">Nous avons d\u00e9but\u00e9 la journ\u00e9e par la diffusion de <a href=\"https:\/\/www.imdb.com\/fr\/title\/tt20247352\/\"><strong data-start=\"849\" data-end=\"866\">Joan is Awful<\/strong><\/a>, un \u00e9pisode marquant de <em data-start=\"891\" data-end=\"905\">Black Mirror<\/em> qui plonge le public dans une r\u00e9flexion vertigineuse : que se passerait-il si notre vie enti\u00e8re devenait une s\u00e9rie diffus\u00e9e au grand public, sans notre consentement ? Quels sont nos droits face \u00e0 l\u2019utilisation de notre image ? Autant de questions qui ont imm\u00e9diatement interpell\u00e9 les participants.<\/p>\n<p data-start=\"800\" data-end=\"1207\">Apr\u00e8s la diffusion, les r\u00e9actions ont fus\u00e9, les mains se sont lev\u00e9es, et les \u00e9changes ont \u00e9t\u00e9 particuli\u00e8rement nourris. Entre questionnements juridiques, r\u00e9flexions sur la place de la technologie dans nos vies et inqui\u00e9tudes l\u00e9gitimes face aux d\u00e9rives num\u00e9riques, les participant\u00b7es ont montr\u00e9 une curiosit\u00e9 et une implication exemplaires. Plusieurs professionnels des m\u00e9dias pr\u00e9sents ont permis d\u2019apporter un \u00e9clairage pr\u00e9cieux, contribuant \u00e0 rendre les discussions accessibles, vivantes et profond\u00e9ment enrichissantes.<\/p>\n<div class=\"row gallery\">\n\t\t<div class=\"col-6 col-md-4\">\n\t\t<div class=\"gallery-image-wrap\">\n\t\t<a data-gallery=\"gallery\" href=\"https:\/\/mocliege.be\/ciep\/wp-content\/uploads\/sites\/2\/2025\/12\/2-2.jpg\">\n\t\t<img decoding=\"async\" src=\"https:\/\/mocliege.be\/ciep\/wp-content\/uploads\/sites\/2\/2025\/12\/2-2.jpg\" alt=\"\" class=\"img-responsive\">\n\t\t<\/a>\n\t\t<\/div>\n\t\t<\/div>\n\t\t<div class=\"col-6 col-md-4\">\n\t\t<div class=\"gallery-image-wrap\">\n\t\t<a data-gallery=\"gallery\" href=\"https:\/\/mocliege.be\/ciep\/wp-content\/uploads\/sites\/2\/2025\/12\/4.jpg\">\n\t\t<img decoding=\"async\" src=\"https:\/\/mocliege.be\/ciep\/wp-content\/uploads\/sites\/2\/2025\/12\/4.jpg\" alt=\"\" class=\"img-responsive\">\n\t\t<\/a>\n\t\t<\/div>\n\t\t<\/div>\n\t\t<div class=\"col-6 col-md-4\">\n\t\t<div class=\"gallery-image-wrap\">\n\t\t<a data-gallery=\"gallery\" href=\"https:\/\/mocliege.be\/ciep\/wp-content\/uploads\/sites\/2\/2025\/12\/3-1.jpg\">\n\t\t<img decoding=\"async\" src=\"https:\/\/mocliege.be\/ciep\/wp-content\/uploads\/sites\/2\/2025\/12\/3-1.jpg\" alt=\"\" class=\"img-responsive\">\n\t\t<\/a>\n\t\t<\/div>\n\t\t<\/div><\/div>\n<h2 data-start=\"1834\" data-end=\"1896\"><strong>Une apr\u00e8s-midi pour mieux comprendre les \u00ab Boomer Trap \u00bb<\/strong><\/h2>\n<p data-start=\"1898\" data-end=\"2151\">L\u2019apr\u00e8s-midi, place \u00e0 la formation propos\u00e9e par <strong data-start=\"1946\" data-end=\"1960\">Eneo Li\u00e8ge<\/strong> : une immersion dans le monde des <strong data-start=\"1995\" data-end=\"2010\">Boomer Trap<\/strong>, ces arnaques en ligne qui utilisent aujourd\u2019hui l\u2019intelligence artificielle pour devenir plus cr\u00e9dibles, plus rapides et plus dangereuses.<\/p>\n<p data-start=\"2153\" data-end=\"2169\">Au programme :<\/p>\n<ul data-start=\"2170\" data-end=\"2331\">\n<li data-start=\"2170\" data-end=\"2216\">\n<p data-start=\"2172\" data-end=\"2216\">comment reconna\u00eetre ces pi\u00e8ges num\u00e9riques<\/p>\n<\/li>\n<li data-start=\"2217\" data-end=\"2245\">\n<p data-start=\"2219\" data-end=\"2245\">qui en sont les auteurs<\/p>\n<\/li>\n<li data-start=\"2246\" data-end=\"2277\">\n<p data-start=\"2248\" data-end=\"2277\">quels sont leurs objectifs<\/p>\n<\/li>\n<li data-start=\"2278\" data-end=\"2331\">\n<p data-start=\"2280\" data-end=\"2331\">et surtout <strong data-start=\"2292\" data-end=\"2330\">comment s\u2019en prot\u00e9ger efficacement<\/strong><\/p>\n<\/li>\n<\/ul>\n<p data-start=\"2333\" data-end=\"2603\">De nombreuses interrogations soulev\u00e9es le matin ont trouv\u00e9 leurs r\u00e9ponses durant cette formation. Les participants sont repartis mieux arm\u00e9s pour affronter les fake news, les arnaques par IA et les m\u00e9canismes de d\u00e9sinformation qui circulent massivement sur le web.<\/p>\n<h2 data-start=\"2610\" data-end=\"2651\"><strong>Une journ\u00e9e r\u00e9ussie gr\u00e2ce \u00e0 vous !<\/strong><\/h2>\n<p data-start=\"2653\" data-end=\"2844\">Entre rires, d\u00e9couvertes, \u00e9changes anim\u00e9s et r\u00e9flexions parfois surprenantes, cette journ\u00e9e restera un tr\u00e8s beau moment de partage.<br data-start=\"2784\" data-end=\"2787\" \/>Nous tenons \u00e0 remercier chaleureusement <strong>les<\/strong><strong data-start=\"2851\" data-end=\"2871\">\u00a0a\u00een\u00e9s<\/strong> pr\u00e9sents, <strong data-start=\"2886\" data-end=\"2900\">Eneo Li\u00e8ge<\/strong> pour la qualit\u00e9 de sa formation et la <strong data-start=\"2944\" data-end=\"2977\">Mutualit\u00e9 Chr\u00e9tienne de Li\u00e8ge<\/strong> pour le pr\u00eat de ses locaux chaleureux et adapt\u00e9s.<\/p>\n<p data-start=\"3029\" data-end=\"3214\">Nous avons d\u00e9j\u00e0 h\u00e2te de vous retrouver pour le prochain cycle d\u2019animations. D\u2019autres activit\u00e9s seront bient\u00f4t programm\u00e9es restez connect\u00e9s !<\/p>\n","protected":false},"excerpt":{"rendered":"<p>Le 25 novembre, le CIEP de Li\u00e8ge\u00a0en partenariat avec Eneo Li\u00e8ge et la Mutualit\u00e9 Chr\u00e9tienne [&hellip;]<\/p>\n","protected":false},"author":9,"featured_media":1860,"comment_status":"open","ping_status":"open","sticky":false,"template":"","format":"standard","meta":{"_monsterinsights_skip_tracking":false,"_monsterinsights_sitenote_active":false,"_monsterinsights_sitenote_note":"","_monsterinsights_sitenote_category":0,"footnotes":""},"categories":[1],"tags":[3],"acf":[],"yoast_head":"<!-- This site is optimized with the Yoast SEO plugin v19.14 - https:\/\/yoast.com\/wordpress\/plugins\/seo\/ -->\n<title>Tout sur notre cin\u00e9-d\u00e9bat sur l&#039;IA fait de rires et de prises de conscience ! - Ciep<\/title>\n<meta name=\"robots\" content=\"index, follow, max-snippet:-1, max-image-preview:large, max-video-preview:-1\" \/>\n<link rel=\"canonical\" href=\"https:\/\/mocliege.be\/ciep\/retour-sur-notre-cine-debat-black-mirror-quand-la-fiction-devient-realite-une-journee-riche-en-rires-et-en-prises-de-conscience\/\" \/>\n<meta property=\"og:locale\" content=\"fr_FR\" \/>\n<meta property=\"og:type\" content=\"article\" \/>\n<meta property=\"og:title\" content=\"Tout sur notre cin\u00e9-d\u00e9bat sur l&#039;IA fait de rires et de prises de conscience ! - Ciep\" \/>\n<meta property=\"og:description\" content=\"Le 25 novembre, le CIEP de Li\u00e8ge\u00a0en partenariat avec Eneo Li\u00e8ge et la Mutualit\u00e9 Chr\u00e9tienne [&hellip;]\" \/>\n<meta property=\"og:url\" content=\"https:\/\/mocliege.be\/ciep\/retour-sur-notre-cine-debat-black-mirror-quand-la-fiction-devient-realite-une-journee-riche-en-rires-et-en-prises-de-conscience\/\" \/>\n<meta property=\"og:site_name\" content=\"Ciep\" \/>\n<meta property=\"article:published_time\" content=\"2025-12-02T11:13:19+00:00\" \/>\n<meta property=\"article:modified_time\" content=\"2025-12-02T15:06:44+00:00\" \/>\n<meta property=\"og:image\" content=\"https:\/\/mocliege.be\/ciep\/wp-content\/uploads\/sites\/2\/2025\/12\/Miniatures-articles-site-43.jpg\" \/>\n\t<meta property=\"og:image:width\" content=\"1002\" \/>\n\t<meta property=\"og:image:height\" content=\"482\" \/>\n\t<meta property=\"og:image:type\" content=\"image\/jpeg\" \/>\n<meta name=\"author\" content=\"nlaermans\" \/>\n<meta name=\"twitter:card\" content=\"summary_large_image\" \/>\n<meta name=\"twitter:label1\" content=\"\u00c9crit par\" \/>\n\t<meta name=\"twitter:data1\" content=\"nlaermans\" \/>\n\t<meta name=\"twitter:label2\" content=\"Dur\u00e9e de lecture estim\u00e9e\" \/>\n\t<meta name=\"twitter:data2\" content=\"2 minutes\" \/>\n<script type=\"application\/ld+json\" class=\"yoast-schema-graph\">{\"@context\":\"https:\/\/schema.org\",\"@graph\":[{\"@type\":\"WebPage\",\"@id\":\"https:\/\/mocliege.be\/ciep\/retour-sur-notre-cine-debat-black-mirror-quand-la-fiction-devient-realite-une-journee-riche-en-rires-et-en-prises-de-conscience\/\",\"url\":\"https:\/\/mocliege.be\/ciep\/retour-sur-notre-cine-debat-black-mirror-quand-la-fiction-devient-realite-une-journee-riche-en-rires-et-en-prises-de-conscience\/\",\"name\":\"Tout sur notre cin\u00e9-d\u00e9bat sur l'IA fait de rires et de prises de conscience ! - Ciep\",\"isPartOf\":{\"@id\":\"https:\/\/mocliege.be\/ciep\/#website\"},\"datePublished\":\"2025-12-02T11:13:19+00:00\",\"dateModified\":\"2025-12-02T15:06:44+00:00\",\"author\":{\"@id\":\"https:\/\/mocliege.be\/ciep\/#\/schema\/person\/26283e812b371323e9e5f18fbdd33d6b\"},\"breadcrumb\":{\"@id\":\"https:\/\/mocliege.be\/ciep\/retour-sur-notre-cine-debat-black-mirror-quand-la-fiction-devient-realite-une-journee-riche-en-rires-et-en-prises-de-conscience\/#breadcrumb\"},\"inLanguage\":\"fr-FR\",\"potentialAction\":[{\"@type\":\"ReadAction\",\"target\":[\"https:\/\/mocliege.be\/ciep\/retour-sur-notre-cine-debat-black-mirror-quand-la-fiction-devient-realite-une-journee-riche-en-rires-et-en-prises-de-conscience\/\"]}]},{\"@type\":\"BreadcrumbList\",\"@id\":\"https:\/\/mocliege.be\/ciep\/retour-sur-notre-cine-debat-black-mirror-quand-la-fiction-devient-realite-une-journee-riche-en-rires-et-en-prises-de-conscience\/#breadcrumb\",\"itemListElement\":[{\"@type\":\"ListItem\",\"position\":1,\"name\":\"Accueil\",\"item\":\"https:\/\/mocliege.be\/ciep\/\"},{\"@type\":\"ListItem\",\"position\":2,\"name\":\"Tout sur notre cin\u00e9-d\u00e9bat sur l&rsquo;IA fait de rires et de prises de conscience !\"}]},{\"@type\":\"WebSite\",\"@id\":\"https:\/\/mocliege.be\/ciep\/#website\",\"url\":\"https:\/\/mocliege.be\/ciep\/\",\"name\":\"Ciep\",\"description\":\"Un site utilisant Sites du MOC - Li\u00e8ge\",\"potentialAction\":[{\"@type\":\"SearchAction\",\"target\":{\"@type\":\"EntryPoint\",\"urlTemplate\":\"https:\/\/mocliege.be\/ciep\/?s={search_term_string}\"},\"query-input\":\"required name=search_term_string\"}],\"inLanguage\":\"fr-FR\"},{\"@type\":\"Person\",\"@id\":\"https:\/\/mocliege.be\/ciep\/#\/schema\/person\/26283e812b371323e9e5f18fbdd33d6b\",\"name\":\"nlaermans\",\"image\":{\"@type\":\"ImageObject\",\"inLanguage\":\"fr-FR\",\"@id\":\"https:\/\/mocliege.be\/ciep\/#\/schema\/person\/image\/\",\"url\":\"https:\/\/secure.gravatar.com\/avatar\/bbefd6fbf0498a667ea40c2b873b73ea?s=96&d=mm&r=g\",\"contentUrl\":\"https:\/\/secure.gravatar.com\/avatar\/bbefd6fbf0498a667ea40c2b873b73ea?s=96&d=mm&r=g\",\"caption\":\"nlaermans\"},\"url\":\"https:\/\/mocliege.be\/ciep\/author\/nlaermans\/\"}]}<\/script>\n<!-- \/ Yoast SEO plugin. -->","yoast_head_json":{"title":"Tout sur notre cin\u00e9-d\u00e9bat sur l'IA fait de rires et de prises de conscience ! - Ciep","robots":{"index":"index","follow":"follow","max-snippet":"max-snippet:-1","max-image-preview":"max-image-preview:large","max-video-preview":"max-video-preview:-1"},"canonical":"https:\/\/mocliege.be\/ciep\/retour-sur-notre-cine-debat-black-mirror-quand-la-fiction-devient-realite-une-journee-riche-en-rires-et-en-prises-de-conscience\/","og_locale":"fr_FR","og_type":"article","og_title":"Tout sur notre cin\u00e9-d\u00e9bat sur l'IA fait de rires et de prises de conscience ! - Ciep","og_description":"Le 25 novembre, le CIEP de Li\u00e8ge\u00a0en partenariat avec Eneo Li\u00e8ge et la Mutualit\u00e9 Chr\u00e9tienne [&hellip;]","og_url":"https:\/\/mocliege.be\/ciep\/retour-sur-notre-cine-debat-black-mirror-quand-la-fiction-devient-realite-une-journee-riche-en-rires-et-en-prises-de-conscience\/","og_site_name":"Ciep","article_published_time":"2025-12-02T11:13:19+00:00","article_modified_time":"2025-12-02T15:06:44+00:00","og_image":[{"width":1002,"height":482,"url":"https:\/\/mocliege.be\/ciep\/wp-content\/uploads\/sites\/2\/2025\/12\/Miniatures-articles-site-43.jpg","type":"image\/jpeg"}],"author":"nlaermans","twitter_card":"summary_large_image","twitter_misc":{"\u00c9crit par":"nlaermans","Dur\u00e9e de lecture estim\u00e9e":"2 minutes"},"schema":{"@context":"https:\/\/schema.org","@graph":[{"@type":"WebPage","@id":"https:\/\/mocliege.be\/ciep\/retour-sur-notre-cine-debat-black-mirror-quand-la-fiction-devient-realite-une-journee-riche-en-rires-et-en-prises-de-conscience\/","url":"https:\/\/mocliege.be\/ciep\/retour-sur-notre-cine-debat-black-mirror-quand-la-fiction-devient-realite-une-journee-riche-en-rires-et-en-prises-de-conscience\/","name":"Tout sur notre cin\u00e9-d\u00e9bat sur l'IA fait de rires et de prises de conscience ! - Ciep","isPartOf":{"@id":"https:\/\/mocliege.be\/ciep\/#website"},"datePublished":"2025-12-02T11:13:19+00:00","dateModified":"2025-12-02T15:06:44+00:00","author":{"@id":"https:\/\/mocliege.be\/ciep\/#\/schema\/person\/26283e812b371323e9e5f18fbdd33d6b"},"breadcrumb":{"@id":"https:\/\/mocliege.be\/ciep\/retour-sur-notre-cine-debat-black-mirror-quand-la-fiction-devient-realite-une-journee-riche-en-rires-et-en-prises-de-conscience\/#breadcrumb"},"inLanguage":"fr-FR","potentialAction":[{"@type":"ReadAction","target":["https:\/\/mocliege.be\/ciep\/retour-sur-notre-cine-debat-black-mirror-quand-la-fiction-devient-realite-une-journee-riche-en-rires-et-en-prises-de-conscience\/"]}]},{"@type":"BreadcrumbList","@id":"https:\/\/mocliege.be\/ciep\/retour-sur-notre-cine-debat-black-mirror-quand-la-fiction-devient-realite-une-journee-riche-en-rires-et-en-prises-de-conscience\/#breadcrumb","itemListElement":[{"@type":"ListItem","position":1,"name":"Accueil","item":"https:\/\/mocliege.be\/ciep\/"},{"@type":"ListItem","position":2,"name":"Tout sur notre cin\u00e9-d\u00e9bat sur l&rsquo;IA fait de rires et de prises de conscience !"}]},{"@type":"WebSite","@id":"https:\/\/mocliege.be\/ciep\/#website","url":"https:\/\/mocliege.be\/ciep\/","name":"Ciep","description":"Un site utilisant Sites du MOC - Li\u00e8ge","potentialAction":[{"@type":"SearchAction","target":{"@type":"EntryPoint","urlTemplate":"https:\/\/mocliege.be\/ciep\/?s={search_term_string}"},"query-input":"required name=search_term_string"}],"inLanguage":"fr-FR"},{"@type":"Person","@id":"https:\/\/mocliege.be\/ciep\/#\/schema\/person\/26283e812b371323e9e5f18fbdd33d6b","name":"nlaermans","image":{"@type":"ImageObject","inLanguage":"fr-FR","@id":"https:\/\/mocliege.be\/ciep\/#\/schema\/person\/image\/","url":"https:\/\/secure.gravatar.com\/avatar\/bbefd6fbf0498a667ea40c2b873b73ea?s=96&d=mm&r=g","contentUrl":"https:\/\/secure.gravatar.com\/avatar\/bbefd6fbf0498a667ea40c2b873b73ea?s=96&d=mm&r=g","caption":"nlaermans"},"url":"https:\/\/mocliege.be\/ciep\/author\/nlaermans\/"}]}},"_links":{"self":[{"href":"https:\/\/mocliege.be\/ciep\/wp-json\/wp\/v2\/posts\/1859"}],"collection":[{"href":"https:\/\/mocliege.be\/ciep\/wp-json\/wp\/v2\/posts"}],"about":[{"href":"https:\/\/mocliege.be\/ciep\/wp-json\/wp\/v2\/types\/post"}],"author":[{"embeddable":true,"href":"https:\/\/mocliege.be\/ciep\/wp-json\/wp\/v2\/users\/9"}],"replies":[{"embeddable":true,"href":"https:\/\/mocliege.be\/ciep\/wp-json\/wp\/v2\/comments?post=1859"}],"version-history":[{"count":5,"href":"https:\/\/mocliege.be\/ciep\/wp-json\/wp\/v2\/posts\/1859\/revisions"}],"predecessor-version":[{"id":1885,"href":"https:\/\/mocliege.be\/ciep\/wp-json\/wp\/v2\/posts\/1859\/revisions\/1885"}],"wp:featuredmedia":[{"embeddable":true,"href":"https:\/\/mocliege.be\/ciep\/wp-json\/wp\/v2\/media\/1860"}],"wp:attachment":[{"href":"https:\/\/mocliege.be\/ciep\/wp-json\/wp\/v2\/media?parent=1859"}],"wp:term":[{"taxonomy":"category","embeddable":true,"href":"https:\/\/mocliege.be\/ciep\/wp-json\/wp\/v2\/categories?post=1859"},{"taxonomy":"post_tag","embeddable":true,"href":"https:\/\/mocliege.be\/ciep\/wp-json\/wp\/v2\/tags?post=1859"}],"curies":[{"name":"wp","href":"https:\/\/api.w.org\/{rel}","templated":true}]}}