{"id":1914,"date":"2026-04-29T09:15:48","date_gmt":"2026-04-29T07:15:48","guid":{"rendered":"https:\/\/mocliege.be\/ciep\/?p=1914"},"modified":"2026-04-29T09:52:52","modified_gmt":"2026-04-29T07:52:52","slug":"decouvrez-notre-catalogue-animation-2026-des-outils-pour-comprendre-le-monde-et-agir-ensemble","status":"publish","type":"post","link":"https:\/\/mocliege.be\/ciep\/decouvrez-notre-catalogue-animation-2026-des-outils-pour-comprendre-le-monde-et-agir-ensemble\/","title":{"rendered":"D\u00e9couvrez notre Catalogue Animation 2026: des outils pour comprendre et agir ensemble"},"content":{"rendered":"<p data-start=\"310\" data-end=\"648\"><a href=\"https:\/\/mocliege.be\/wp-content\/uploads\/2026\/03\/Catalogue-Animation-2026-compresse.pdf\"><img loading=\"lazy\" decoding=\"async\" class=\"wp-image-1913 alignright\" src=\"https:\/\/mocliege.be\/ciep\/wp-content\/uploads\/sites\/2\/2019\/01\/Catalogue-Animation-2026-724x1024.jpg\" alt=\"\" width=\"450\" height=\"636\" srcset=\"https:\/\/mocliege.be\/ciep\/wp-content\/uploads\/sites\/2\/2019\/01\/Catalogue-Animation-2026-724x1024.jpg 724w, https:\/\/mocliege.be\/ciep\/wp-content\/uploads\/sites\/2\/2019\/01\/Catalogue-Animation-2026-212x300.jpg 212w, https:\/\/mocliege.be\/ciep\/wp-content\/uploads\/sites\/2\/2019\/01\/Catalogue-Animation-2026-768x1086.jpg 768w, https:\/\/mocliege.be\/ciep\/wp-content\/uploads\/sites\/2\/2019\/01\/Catalogue-Animation-2026-1086x1536.jpg 1086w, https:\/\/mocliege.be\/ciep\/wp-content\/uploads\/sites\/2\/2019\/01\/Catalogue-Animation-2026-45x64.jpg 45w, https:\/\/mocliege.be\/ciep\/wp-content\/uploads\/sites\/2\/2019\/01\/Catalogue-Animation-2026-177x250.jpg 177w, https:\/\/mocliege.be\/ciep\/wp-content\/uploads\/sites\/2\/2019\/01\/Catalogue-Animation-2026-53x75.jpg 53w, https:\/\/mocliege.be\/ciep\/wp-content\/uploads\/sites\/2\/2019\/01\/Catalogue-Animation-2026-150x212.jpg 150w, https:\/\/mocliege.be\/ciep\/wp-content\/uploads\/sites\/2\/2019\/01\/Catalogue-Animation-2026-450x636.jpg 450w, https:\/\/mocliege.be\/ciep\/wp-content\/uploads\/sites\/2\/2019\/01\/Catalogue-Animation-2026-600x849.jpg 600w, https:\/\/mocliege.be\/ciep\/wp-content\/uploads\/sites\/2\/2019\/01\/Catalogue-Animation-2026-1200x1697.jpg 1200w, https:\/\/mocliege.be\/ciep\/wp-content\/uploads\/sites\/2\/2019\/01\/Catalogue-Animation-2026.jpg 1414w\" sizes=\"(max-width: 450px) 100vw, 450px\" \/><\/a>Les <strong data-start=\"322\" data-end=\"347\">CIEP de Li\u00e8ge et de Verviers<\/strong> vous proposent leur nouveau <strong><a href=\"https:\/\/mocliege.be\/wp-content\/uploads\/2026\/03\/Catalogue-Animation-2026-compresse.pdf\">Catalogue Animation 2026<\/a><\/strong> \u00e0 destination des <strong data-start=\"423\" data-end=\"442\">publics adultes<\/strong>. Con\u00e7ues et anim\u00e9es par notre \u00e9quipe, ces animations visent \u00e0 <strong data-start=\"505\" data-end=\"536\">renforcer l\u2019esprit critique<\/strong>, <strong data-start=\"538\" data-end=\"559\">stimuler le d\u00e9bat<\/strong> et <strong data-start=\"563\" data-end=\"602\">soutenir la participation citoyenne<\/strong>, en lien direct avec les r\u00e9alit\u00e9s de terrain.<\/p>\n<p data-start=\"310\" data-end=\"648\"><a href=\"https:\/\/mocliege.be\/wp-content\/uploads\/2026\/03\/Catalogue-Animation-2026-compresse.pdf\"><strong>Cliquez-ici pour d\u00e9couvrir notre nouveau Catalogue Animation 2026 !<\/strong><\/a><\/p>\n<p data-start=\"650\" data-end=\"785\">Nos animations abordent des <strong data-start=\"678\" data-end=\"708\">enjeux centraux de soci\u00e9t\u00e9<\/strong>, \u00e0 travers des formats accessibles, interactifs et adaptables \u00e0 vos publics.<\/p>\n<h2 data-start=\"787\" data-end=\"828\"><strong>Des th\u00e9matiques actuelles et concr\u00e8tes<\/strong><\/h2>\n<p data-start=\"830\" data-end=\"900\">Notre catalogue couvre un large \u00e9ventail de sujets, parmi lesquels :<\/p>\n<ul data-start=\"902\" data-end=\"1465\">\n<li data-start=\"902\" data-end=\"1030\">\n<p data-start=\"904\" data-end=\"1030\"><strong data-start=\"904\" data-end=\"935\">D\u00e9mocratie et vie politique<\/strong> : institutions belges et europ\u00e9ennes, droit de vote, extr\u00eame droite, participation citoyenne<\/p>\n<\/li>\n<li data-start=\"1031\" data-end=\"1123\">\n<p data-start=\"1033\" data-end=\"1123\"><strong data-start=\"1033\" data-end=\"1059\">Transition et \u00e9cologie<\/strong> : \u00e9cologie du quotidien, d\u00e9chets, 5G, enjeux environnementaux<\/p>\n<\/li>\n<li data-start=\"1124\" data-end=\"1210\">\n<p data-start=\"1126\" data-end=\"1210\"><strong data-start=\"1126\" data-end=\"1151\">Logement et pr\u00e9carit\u00e9<\/strong> : acc\u00e8s au logement, mal-logement, droits des locataires<\/p>\n<\/li>\n<li data-start=\"1211\" data-end=\"1311\">\n<p data-start=\"1213\" data-end=\"1311\"><strong data-start=\"1213\" data-end=\"1236\">\u00c9conomie et travail<\/strong> : s\u00e9curit\u00e9 sociale, fiscalit\u00e9, budget, ub\u00e9risation, \u00e9volution du travail<\/p>\n<\/li>\n<li data-start=\"1312\" data-end=\"1382\">\n<p data-start=\"1314\" data-end=\"1382\"><strong data-start=\"1314\" data-end=\"1337\">Num\u00e9rique et m\u00e9dias<\/strong> : fake news, num\u00e9risation, esprit critique<\/p>\n<\/li>\n<li data-start=\"1383\" data-end=\"1465\">\n<p data-start=\"1385\" data-end=\"1465\"><strong data-start=\"1385\" data-end=\"1425\">Soci\u00e9t\u00e9 et solidarit\u00e9 internationale<\/strong> : enseignement, d\u00e9veloppement, Nord-Sud<\/p>\n<\/li>\n<\/ul>\n<p data-start=\"1467\" data-end=\"1584\">Chaque animation est pens\u00e9e pour <strong data-start=\"1500\" data-end=\"1583\">faire le lien entre informations, v\u00e9cu des participants et r\u00e9flexion collective<\/strong>.<\/p>\n<h2 data-start=\"1586\" data-end=\"1639\"><strong>Des animations flexibles et adapt\u00e9es \u00e0 vos groupes<\/strong><\/h2>\n<p data-start=\"1641\" data-end=\"1662\">Nos animations sont :<\/p>\n<ul data-start=\"1664\" data-end=\"1920\">\n<li data-start=\"1664\" data-end=\"1712\">\n<p data-start=\"1666\" data-end=\"1712\"><strong data-start=\"1666\" data-end=\"1684\">Sans pr\u00e9requis<\/strong> (sauf mention sp\u00e9cifique)<\/p>\n<\/li>\n<li data-start=\"1713\" data-end=\"1787\">\n<p data-start=\"1715\" data-end=\"1787\"><strong data-start=\"1715\" data-end=\"1729\">Adaptables<\/strong> selon le public, le niveau de fran\u00e7ais et les objectifs<\/p>\n<\/li>\n<li data-start=\"1788\" data-end=\"1855\">\n<p data-start=\"1790\" data-end=\"1855\">D\u2019une dur\u00e9e variable, <strong data-start=\"1812\" data-end=\"1853\">de 2 heures \u00e0 plusieurs demi-journ\u00e9es<\/strong><\/p>\n<\/li>\n<li data-start=\"1856\" data-end=\"1920\">\n<p data-start=\"1858\" data-end=\"1920\">Organisables <strong data-start=\"1871\" data-end=\"1920\">dans nos locaux ou au sein de votre structure<\/strong><\/p>\n<\/li>\n<\/ul>\n<p data-start=\"1922\" data-end=\"2082\">Associations, collectivit\u00e9s, groupes citoyens, services ou organismes de formation : nous construisons les animations <strong data-start=\"2040\" data-end=\"2053\">avec vous<\/strong>, en fonction de vos besoins.<\/p>\n<h2 data-start=\"2084\" data-end=\"2135\"><strong>Vous souhaitez organiser une animation en 2026 ?<\/strong><\/h2>\n<p data-start=\"2137\" data-end=\"2311\">Notre <strong data-start=\"2140\" data-end=\"2196\">Catalogue Animations 2026\u00a0<\/strong>est un outil cl\u00e9 pour ouvrir des espaces de d\u00e9bat, de compr\u00e9hension et d\u2019action collective au sein de vos groupes.<\/p>\n<p data-start=\"2313\" data-end=\"2479\" data-is-last-node=\"\" data-is-only-node=\"\"><strong data-start=\"2313\" data-end=\"2331\">Contactez-nous<\/strong> pour recevoir le catalogue, \u00e9changer sur vos attentes ou r\u00e9server une animation. Ensemble, donnons du sens aux enjeux qui traversent notre soci\u00e9t\u00e9.<\/p>\n","protected":false},"excerpt":{"rendered":"<p>Les CIEP de Li\u00e8ge et de Verviers vous proposent leur nouveau Catalogue Animation 2026 \u00e0 [&hellip;]<\/p>\n","protected":false},"author":9,"featured_media":1915,"comment_status":"open","ping_status":"open","sticky":false,"template":"","format":"standard","meta":{"_monsterinsights_skip_tracking":false,"_monsterinsights_sitenote_active":false,"_monsterinsights_sitenote_note":"","_monsterinsights_sitenote_category":0,"footnotes":""},"categories":[1],"tags":[3,23],"acf":[],"yoast_head":"<!-- This site is optimized with the Yoast SEO plugin v19.14 - https:\/\/yoast.com\/wordpress\/plugins\/seo\/ -->\n<title>D\u00e9couvrez notre Catalogue Animation 2026: des outils pour comprendre et agir ensemble - Ciep<\/title>\n<meta name=\"robots\" content=\"index, follow, max-snippet:-1, max-image-preview:large, max-video-preview:-1\" \/>\n<link rel=\"canonical\" href=\"https:\/\/mocliege.be\/ciep\/decouvrez-notre-catalogue-animation-2026-des-outils-pour-comprendre-le-monde-et-agir-ensemble\/\" \/>\n<meta property=\"og:locale\" content=\"fr_FR\" \/>\n<meta property=\"og:type\" content=\"article\" \/>\n<meta property=\"og:title\" content=\"D\u00e9couvrez notre Catalogue Animation 2026: des outils pour comprendre et agir ensemble - Ciep\" \/>\n<meta property=\"og:description\" content=\"Les CIEP de Li\u00e8ge et de Verviers vous proposent leur nouveau Catalogue Animation 2026 \u00e0 [&hellip;]\" \/>\n<meta property=\"og:url\" content=\"https:\/\/mocliege.be\/ciep\/decouvrez-notre-catalogue-animation-2026-des-outils-pour-comprendre-le-monde-et-agir-ensemble\/\" \/>\n<meta property=\"og:site_name\" content=\"Ciep\" \/>\n<meta property=\"article:published_time\" content=\"2026-04-29T07:15:48+00:00\" \/>\n<meta property=\"article:modified_time\" content=\"2026-04-29T07:52:52+00:00\" \/>\n<meta property=\"og:image\" content=\"https:\/\/mocliege.be\/ciep\/wp-content\/uploads\/sites\/2\/2026\/01\/Miniatures-articles-site-47.jpg\" \/>\n\t<meta property=\"og:image:width\" content=\"1002\" \/>\n\t<meta property=\"og:image:height\" content=\"482\" \/>\n\t<meta property=\"og:image:type\" content=\"image\/jpeg\" \/>\n<meta name=\"author\" content=\"nlaermans\" \/>\n<meta name=\"twitter:card\" content=\"summary_large_image\" \/>\n<meta name=\"twitter:label1\" content=\"\u00c9crit par\" \/>\n\t<meta name=\"twitter:data1\" content=\"nlaermans\" \/>\n\t<meta name=\"twitter:label2\" content=\"Dur\u00e9e de lecture estim\u00e9e\" \/>\n\t<meta name=\"twitter:data2\" content=\"2 minutes\" \/>\n<script type=\"application\/ld+json\" class=\"yoast-schema-graph\">{\"@context\":\"https:\/\/schema.org\",\"@graph\":[{\"@type\":\"WebPage\",\"@id\":\"https:\/\/mocliege.be\/ciep\/decouvrez-notre-catalogue-animation-2026-des-outils-pour-comprendre-le-monde-et-agir-ensemble\/\",\"url\":\"https:\/\/mocliege.be\/ciep\/decouvrez-notre-catalogue-animation-2026-des-outils-pour-comprendre-le-monde-et-agir-ensemble\/\",\"name\":\"D\u00e9couvrez notre Catalogue Animation 2026: des outils pour comprendre et agir ensemble - Ciep\",\"isPartOf\":{\"@id\":\"https:\/\/mocliege.be\/ciep\/#website\"},\"datePublished\":\"2026-04-29T07:15:48+00:00\",\"dateModified\":\"2026-04-29T07:52:52+00:00\",\"author\":{\"@id\":\"https:\/\/mocliege.be\/ciep\/#\/schema\/person\/26283e812b371323e9e5f18fbdd33d6b\"},\"breadcrumb\":{\"@id\":\"https:\/\/mocliege.be\/ciep\/decouvrez-notre-catalogue-animation-2026-des-outils-pour-comprendre-le-monde-et-agir-ensemble\/#breadcrumb\"},\"inLanguage\":\"fr-FR\",\"potentialAction\":[{\"@type\":\"ReadAction\",\"target\":[\"https:\/\/mocliege.be\/ciep\/decouvrez-notre-catalogue-animation-2026-des-outils-pour-comprendre-le-monde-et-agir-ensemble\/\"]}]},{\"@type\":\"BreadcrumbList\",\"@id\":\"https:\/\/mocliege.be\/ciep\/decouvrez-notre-catalogue-animation-2026-des-outils-pour-comprendre-le-monde-et-agir-ensemble\/#breadcrumb\",\"itemListElement\":[{\"@type\":\"ListItem\",\"position\":1,\"name\":\"Accueil\",\"item\":\"https:\/\/mocliege.be\/ciep\/\"},{\"@type\":\"ListItem\",\"position\":2,\"name\":\"D\u00e9couvrez notre Catalogue Animation 2026: des outils pour comprendre et agir ensemble\"}]},{\"@type\":\"WebSite\",\"@id\":\"https:\/\/mocliege.be\/ciep\/#website\",\"url\":\"https:\/\/mocliege.be\/ciep\/\",\"name\":\"Ciep\",\"description\":\"Un site utilisant Sites du MOC - Li\u00e8ge\",\"potentialAction\":[{\"@type\":\"SearchAction\",\"target\":{\"@type\":\"EntryPoint\",\"urlTemplate\":\"https:\/\/mocliege.be\/ciep\/?s={search_term_string}\"},\"query-input\":\"required name=search_term_string\"}],\"inLanguage\":\"fr-FR\"},{\"@type\":\"Person\",\"@id\":\"https:\/\/mocliege.be\/ciep\/#\/schema\/person\/26283e812b371323e9e5f18fbdd33d6b\",\"name\":\"nlaermans\",\"image\":{\"@type\":\"ImageObject\",\"inLanguage\":\"fr-FR\",\"@id\":\"https:\/\/mocliege.be\/ciep\/#\/schema\/person\/image\/\",\"url\":\"https:\/\/secure.gravatar.com\/avatar\/bbefd6fbf0498a667ea40c2b873b73ea?s=96&d=mm&r=g\",\"contentUrl\":\"https:\/\/secure.gravatar.com\/avatar\/bbefd6fbf0498a667ea40c2b873b73ea?s=96&d=mm&r=g\",\"caption\":\"nlaermans\"},\"url\":\"https:\/\/mocliege.be\/ciep\/author\/nlaermans\/\"}]}<\/script>\n<!-- \/ Yoast SEO plugin. -->","yoast_head_json":{"title":"D\u00e9couvrez notre Catalogue Animation 2026: des outils pour comprendre et agir ensemble - Ciep","robots":{"index":"index","follow":"follow","max-snippet":"max-snippet:-1","max-image-preview":"max-image-preview:large","max-video-preview":"max-video-preview:-1"},"canonical":"https:\/\/mocliege.be\/ciep\/decouvrez-notre-catalogue-animation-2026-des-outils-pour-comprendre-le-monde-et-agir-ensemble\/","og_locale":"fr_FR","og_type":"article","og_title":"D\u00e9couvrez notre Catalogue Animation 2026: des outils pour comprendre et agir ensemble - Ciep","og_description":"Les CIEP de Li\u00e8ge et de Verviers vous proposent leur nouveau Catalogue Animation 2026 \u00e0 [&hellip;]","og_url":"https:\/\/mocliege.be\/ciep\/decouvrez-notre-catalogue-animation-2026-des-outils-pour-comprendre-le-monde-et-agir-ensemble\/","og_site_name":"Ciep","article_published_time":"2026-04-29T07:15:48+00:00","article_modified_time":"2026-04-29T07:52:52+00:00","og_image":[{"width":1002,"height":482,"url":"https:\/\/mocliege.be\/ciep\/wp-content\/uploads\/sites\/2\/2026\/01\/Miniatures-articles-site-47.jpg","type":"image\/jpeg"}],"author":"nlaermans","twitter_card":"summary_large_image","twitter_misc":{"\u00c9crit par":"nlaermans","Dur\u00e9e de lecture estim\u00e9e":"2 minutes"},"schema":{"@context":"https:\/\/schema.org","@graph":[{"@type":"WebPage","@id":"https:\/\/mocliege.be\/ciep\/decouvrez-notre-catalogue-animation-2026-des-outils-pour-comprendre-le-monde-et-agir-ensemble\/","url":"https:\/\/mocliege.be\/ciep\/decouvrez-notre-catalogue-animation-2026-des-outils-pour-comprendre-le-monde-et-agir-ensemble\/","name":"D\u00e9couvrez notre Catalogue Animation 2026: des outils pour comprendre et agir ensemble - Ciep","isPartOf":{"@id":"https:\/\/mocliege.be\/ciep\/#website"},"datePublished":"2026-04-29T07:15:48+00:00","dateModified":"2026-04-29T07:52:52+00:00","author":{"@id":"https:\/\/mocliege.be\/ciep\/#\/schema\/person\/26283e812b371323e9e5f18fbdd33d6b"},"breadcrumb":{"@id":"https:\/\/mocliege.be\/ciep\/decouvrez-notre-catalogue-animation-2026-des-outils-pour-comprendre-le-monde-et-agir-ensemble\/#breadcrumb"},"inLanguage":"fr-FR","potentialAction":[{"@type":"ReadAction","target":["https:\/\/mocliege.be\/ciep\/decouvrez-notre-catalogue-animation-2026-des-outils-pour-comprendre-le-monde-et-agir-ensemble\/"]}]},{"@type":"BreadcrumbList","@id":"https:\/\/mocliege.be\/ciep\/decouvrez-notre-catalogue-animation-2026-des-outils-pour-comprendre-le-monde-et-agir-ensemble\/#breadcrumb","itemListElement":[{"@type":"ListItem","position":1,"name":"Accueil","item":"https:\/\/mocliege.be\/ciep\/"},{"@type":"ListItem","position":2,"name":"D\u00e9couvrez notre Catalogue Animation 2026: des outils pour comprendre et agir ensemble"}]},{"@type":"WebSite","@id":"https:\/\/mocliege.be\/ciep\/#website","url":"https:\/\/mocliege.be\/ciep\/","name":"Ciep","description":"Un site utilisant Sites du MOC - Li\u00e8ge","potentialAction":[{"@type":"SearchAction","target":{"@type":"EntryPoint","urlTemplate":"https:\/\/mocliege.be\/ciep\/?s={search_term_string}"},"query-input":"required name=search_term_string"}],"inLanguage":"fr-FR"},{"@type":"Person","@id":"https:\/\/mocliege.be\/ciep\/#\/schema\/person\/26283e812b371323e9e5f18fbdd33d6b","name":"nlaermans","image":{"@type":"ImageObject","inLanguage":"fr-FR","@id":"https:\/\/mocliege.be\/ciep\/#\/schema\/person\/image\/","url":"https:\/\/secure.gravatar.com\/avatar\/bbefd6fbf0498a667ea40c2b873b73ea?s=96&d=mm&r=g","contentUrl":"https:\/\/secure.gravatar.com\/avatar\/bbefd6fbf0498a667ea40c2b873b73ea?s=96&d=mm&r=g","caption":"nlaermans"},"url":"https:\/\/mocliege.be\/ciep\/author\/nlaermans\/"}]}},"_links":{"self":[{"href":"https:\/\/mocliege.be\/ciep\/wp-json\/wp\/v2\/posts\/1914"}],"collection":[{"href":"https:\/\/mocliege.be\/ciep\/wp-json\/wp\/v2\/posts"}],"about":[{"href":"https:\/\/mocliege.be\/ciep\/wp-json\/wp\/v2\/types\/post"}],"author":[{"embeddable":true,"href":"https:\/\/mocliege.be\/ciep\/wp-json\/wp\/v2\/users\/9"}],"replies":[{"embeddable":true,"href":"https:\/\/mocliege.be\/ciep\/wp-json\/wp\/v2\/comments?post=1914"}],"version-history":[{"count":5,"href":"https:\/\/mocliege.be\/ciep\/wp-json\/wp\/v2\/posts\/1914\/revisions"}],"predecessor-version":[{"id":2013,"href":"https:\/\/mocliege.be\/ciep\/wp-json\/wp\/v2\/posts\/1914\/revisions\/2013"}],"wp:featuredmedia":[{"embeddable":true,"href":"https:\/\/mocliege.be\/ciep\/wp-json\/wp\/v2\/media\/1915"}],"wp:attachment":[{"href":"https:\/\/mocliege.be\/ciep\/wp-json\/wp\/v2\/media?parent=1914"}],"wp:term":[{"taxonomy":"category","embeddable":true,"href":"https:\/\/mocliege.be\/ciep\/wp-json\/wp\/v2\/categories?post=1914"},{"taxonomy":"post_tag","embeddable":true,"href":"https:\/\/mocliege.be\/ciep\/wp-json\/wp\/v2\/tags?post=1914"}],"curies":[{"name":"wp","href":"https:\/\/api.w.org\/{rel}","templated":true}]}}