{"id":2204,"date":"2026-09-03T16:26:11","date_gmt":"2026-09-03T14:26:11","guid":{"rendered":"https:\/\/mocliege.be\/ciep\/?p=2204"},"modified":"2026-09-03T16:26:11","modified_gmt":"2026-09-03T14:26:11","slug":"un-collectif-de-locataires-solidaires-a-liege","status":"publish","type":"post","link":"https:\/\/mocliege.be\/ciep\/un-collectif-de-locataires-solidaires-a-liege\/","title":{"rendered":"Un Collectif de Locataires Solidaires \u00e0 Li\u00e8ge"},"content":{"rendered":"<p>Le C.I.E.P. de Li\u00e8ge soutient autant que possible le droit \u00e0 un logement d\u00e9cent et accessible financi\u00e8rement.\u00a0 Tous les voyants sont au rouge vif\u00a0: les r\u00e9alit\u00e9s d\u00e9nonc\u00e9es dans le <a href=\"https:\/\/mocliege.be\/positions\/le-livret-noir-du-mal-logement\/\">Livret noir du logement<\/a> s\u2019amplifient, dans beaucoup de structures des travailleuses.eurs sociaux sont souvent seul.es et de moins en moins nombreuses.eux pour faire face aux probl\u00e9matiques du droit au logement et les politiques anti-sociales men\u00e9es \u00e0 chaque niveau de pouvoir va clairement faire exploser l\u2019impossibilit\u00e9 de se loger correctement \u00e0 un prix d\u00e9cent.\u00a0 Notre rencontre avec la <a href=\"https:\/\/mocliege.be\/ciep\/retour-sur-la-rencontre-entre-les-sans-chez-soi-et-les-ministres-coppieters-et-neven-a-namur-le-19-11\/\">ministre du logement en novembre 25<\/a> pourrait nous laisser sans espoir d\u2019am\u00e9lioration.<\/p>\n<p>Alors que faire\u00a0?<\/p>\n<h2>S\u2019engager dans des actions concr\u00e8tes, ancr\u00e9es localement et port\u00e9es par les premi\u00e8r.es concern\u00e9.es.<\/h2>\n<p>Ces injustices se d\u00e9ploient au sein d\u2019un syst\u00e8me contre lequel nous pouvons lutter localement.\u00a0 Face \u00e0 ces situations, un groupe de li\u00e9geoises et li\u00e9geois, soutenu par le C.I.E.P. de Li\u00e8ge, <a href=\"https:\/\/mocliege.be\/un-futur-syndicat-des-locataires-en-construction-pour-faire-bloc-face-aux-injustices\/\">lance la cr\u00e9ation d&rsquo;un collectif de d\u00e9fense des locataires<\/a> \u00e0 Li\u00e8ge.\u00a0: le Collectif des Locataires Solidaires de Li\u00e8ge<\/p>\n<h3>Les objectifs de ce collectif\u00a0:<\/h3>\n<p><strong>Informer<\/strong>, <strong>rassembler<\/strong> et <strong>mobiliser<\/strong> les locataires en alliant la d\u00e9fense des locataires, via accueil et soutien individuel, avec une force collective d&rsquo;action de mobilisation. Cette approche strat\u00e9gique veut s&rsquo;attaquer \u00e0 une injustice sociale par la d\u00e9fense et la promotion de droits sociaux.<\/p>\n<p>L\u2019ambition est d\u2019organiser les actions autour de\u00a0 trois axes :<\/p>\n<ol>\n<li><u> Axe \u00ab\u00a0collectif\u00a0\u00bb <\/u>: Des moments de rencontre pour se poser, \u00e9changer, t\u00e9moigner de sa r\u00e9alit\u00e9, comprendre et analyser ensemble ce qui nous arrive .<\/li>\n<li><u>Axe \u00ab\u00a0permanences individuelles\u00a0\u00bb<\/u> : Quand on est gal\u00e8re de logement, on est souvent trop seul face \u00e0 ces situations. Les permanences sont une porte ouverte pour recevoir un conseil\/une orientation<a href=\"#_ftn1\" name=\"_ftnref1\">[1]<\/a>.\u00a0 Nous proposerons :\u00a0 l\u2019information sur les droits, obligations et recours des locataires et des propri\u00e9taires, la r\u00e9daction de courrier pour d\u00e9fendre ses droits, une orientation vers d\u2019autres services et ressources<\/li>\n<li><u>Axe \u00ab\u00a0actions et revendications\u00a0\u00bb<\/u>: Nous jugeons essentiel de rendre visible les r\u00e9alit\u00e9s du mal-logement \u00e0 Li\u00e8ge. Ces actions et revendications seront construites sur base des r\u00e9alit\u00e9s\u00a0 rencontr\u00e9es dans les 2 autres axes, avec les membres du collectif.<\/li>\n<\/ol>\n<p><img loading=\"lazy\" decoding=\"async\" class=\"alignleft size-medium wp-image-2208\" src=\"https:\/\/mocliege.be\/ciep\/wp-content\/uploads\/sites\/2\/2026\/09\/IMG_20251125_165010_050-300x225.jpg\" alt=\"\" width=\"300\" height=\"225\" srcset=\"https:\/\/mocliege.be\/ciep\/wp-content\/uploads\/sites\/2\/2026\/09\/IMG_20251125_165010_050-300x225.jpg 300w, https:\/\/mocliege.be\/ciep\/wp-content\/uploads\/sites\/2\/2026\/09\/IMG_20251125_165010_050-1024x768.jpg 1024w, https:\/\/mocliege.be\/ciep\/wp-content\/uploads\/sites\/2\/2026\/09\/IMG_20251125_165010_050-768x576.jpg 768w, https:\/\/mocliege.be\/ciep\/wp-content\/uploads\/sites\/2\/2026\/09\/IMG_20251125_165010_050-1536x1152.jpg 1536w, https:\/\/mocliege.be\/ciep\/wp-content\/uploads\/sites\/2\/2026\/09\/IMG_20251125_165010_050-2048x1536.jpg 2048w, https:\/\/mocliege.be\/ciep\/wp-content\/uploads\/sites\/2\/2026\/09\/IMG_20251125_165010_050-64x48.jpg 64w, https:\/\/mocliege.be\/ciep\/wp-content\/uploads\/sites\/2\/2026\/09\/IMG_20251125_165010_050-250x188.jpg 250w, https:\/\/mocliege.be\/ciep\/wp-content\/uploads\/sites\/2\/2026\/09\/IMG_20251125_165010_050-100x75.jpg 100w, https:\/\/mocliege.be\/ciep\/wp-content\/uploads\/sites\/2\/2026\/09\/IMG_20251125_165010_050-150x112.jpg 150w, https:\/\/mocliege.be\/ciep\/wp-content\/uploads\/sites\/2\/2026\/09\/IMG_20251125_165010_050-450x338.jpg 450w, https:\/\/mocliege.be\/ciep\/wp-content\/uploads\/sites\/2\/2026\/09\/IMG_20251125_165010_050-600x450.jpg 600w, https:\/\/mocliege.be\/ciep\/wp-content\/uploads\/sites\/2\/2026\/09\/IMG_20251125_165010_050-1200x900.jpg 1200w\" sizes=\"auto, (max-width: 300px) 100vw, 300px\" \/><\/p>\n<h3>Deux moments pour rencontrer le Collectif des Locataires Solidaires de Li\u00e8ge :<\/h3>\n<ul>\n<li>Si vous \u00eates une association, un collectif, n\u2019h\u00e9sitez pas \u00e0 participer \u00e0 notre rencontre le mardi 29 septembre \u00e0 10H30 au C.I.E.P. de Li\u00e8ge (29 Rue Saint-Gilles)<\/li>\n<li>Si vous avez l\u2019envie de rejoindre le Collectif des Locataires Solidaires de Li\u00e8ge, retrouvez nous le vendredi 2 octobre fin d\u2019apr\u00e8s-midi, d\u00e9but de soir\u00e9e ( horaire pr\u00e9cis\u00e9 prochainement) au CPCR Jonruelle, 11 \u00e0 Saint-L\u00e9onard.<\/li>\n<\/ul>\n<p>Si vous n\u2019\u00eates pas disponible pour une de ces rencontres, vous pouvez aussi contacter Nathalie Dupont au 0484.307.381. ou le Collectif \u00e0 l\u2019adresse mail \u00a0<a href=\"mailto:colosoli@proton.me\">colosoli@proton.me<\/a><\/p>\n<p>Les propri\u00e9taires ont leur syndicat et obtiennent des victoires.\u00a0 Dans cette l\u00e9gislature o\u00f9 nous devons nous battre pour maintenir le minimum pour les plus pr\u00e9caires,\u00a0 il est temps que les locataires se regroupent pour se d\u00e9fendre collectivement eux aussi.<\/p>\n<p><em>\u00ab\u00a0Locataires de Li\u00e8ge, unissez-vous\u00a0!!!\u00a0\u00bb (ouai\u00a0!)<\/em><\/p>\n<p>Septembre 2026<\/p>\n<p><a href=\"#_ftnref1\" name=\"_ftn1\">[1]<\/a> Tenant compte des moyens disponibles et de la r\u00e9alit\u00e9 du manque de logement, lors de ces permanences il n&rsquo;y aura pas de recherche de logement; pas de dossier de candidature pour un logement social; pas de suivi de dossier<\/p>\n","protected":false},"excerpt":{"rendered":"<p>Le C.I.E.P. de Li\u00e8ge soutient autant que possible le droit \u00e0 un logement d\u00e9cent et [&hellip;]<\/p>\n","protected":false},"author":28,"featured_media":2207,"comment_status":"closed","ping_status":"closed","sticky":false,"template":"","format":"standard","meta":{"_acf_changed":false,"_monsterinsights_skip_tracking":false,"_monsterinsights_sitenote_active":false,"_monsterinsights_sitenote_note":"","_monsterinsights_sitenote_category":0,"footnotes":""},"categories":[25],"tags":[3],"class_list":["post-2204","post","type-post","status-publish","format-standard","has-post-thumbnail","hentry","category-logement","tag-ciep"],"acf":[],"yoast_head":"<!-- This site is optimized with the Yoast SEO plugin v28.1 - https:\/\/yoast.com\/product\/yoast-seo-wordpress\/ -->\n<title>Un Collectif de Locataires Solidaires \u00e0 Li\u00e8ge - Ciep<\/title>\n<meta name=\"robots\" content=\"index, follow, max-snippet:-1, max-image-preview:large, max-video-preview:-1\" \/>\n<link rel=\"canonical\" href=\"https:\/\/mocliege.be\/ciep\/un-collectif-de-locataires-solidaires-a-liege\/\" \/>\n<meta property=\"og:locale\" content=\"fr_FR\" \/>\n<meta property=\"og:type\" content=\"article\" \/>\n<meta property=\"og:title\" content=\"Un Collectif de Locataires Solidaires \u00e0 Li\u00e8ge - Ciep\" \/>\n<meta property=\"og:description\" content=\"Le C.I.E.P. de Li\u00e8ge soutient autant que possible le droit \u00e0 un logement d\u00e9cent et [&hellip;]\" \/>\n<meta property=\"og:url\" content=\"https:\/\/mocliege.be\/ciep\/un-collectif-de-locataires-solidaires-a-liege\/\" \/>\n<meta property=\"og:site_name\" content=\"Ciep\" \/>\n<meta property=\"article:published_time\" content=\"2026-09-03T14:26:11+00:00\" \/>\n<meta property=\"og:image\" content=\"https:\/\/mocliege.be\/ciep\/wp-content\/uploads\/sites\/2\/2026\/09\/IMG_20250613_152625_881-scaled.jpg\" \/>\n\t<meta property=\"og:image:width\" content=\"2560\" \/>\n\t<meta property=\"og:image:height\" content=\"1920\" \/>\n\t<meta property=\"og:image:type\" content=\"image\/jpeg\" \/>\n<meta name=\"author\" content=\"dupont\" \/>\n<meta name=\"twitter:card\" content=\"summary_large_image\" \/>\n<meta name=\"twitter:label1\" content=\"\u00c9crit par\" \/>\n\t<meta name=\"twitter:data1\" content=\"dupont\" \/>\n\t<meta name=\"twitter:label2\" content=\"Dur\u00e9e de lecture estim\u00e9e\" \/>\n\t<meta name=\"twitter:data2\" content=\"4 minutes\" \/>\n<script type=\"application\/ld+json\" class=\"yoast-schema-graph\">{\"@context\":\"https:\\\/\\\/schema.org\",\"@graph\":[{\"@type\":\"Article\",\"@id\":\"https:\\\/\\\/mocliege.be\\\/ciep\\\/un-collectif-de-locataires-solidaires-a-liege\\\/#article\",\"isPartOf\":{\"@id\":\"https:\\\/\\\/mocliege.be\\\/ciep\\\/un-collectif-de-locataires-solidaires-a-liege\\\/\"},\"author\":{\"name\":\"dupont\",\"@id\":\"https:\\\/\\\/mocliege.be\\\/ciep\\\/#\\\/schema\\\/person\\\/1066cd6a48787ba391319ff748d4ef1f\"},\"headline\":\"Un Collectif de Locataires Solidaires \u00e0 Li\u00e8ge\",\"datePublished\":\"2026-09-03T14:26:11+00:00\",\"mainEntityOfPage\":{\"@id\":\"https:\\\/\\\/mocliege.be\\\/ciep\\\/un-collectif-de-locataires-solidaires-a-liege\\\/\"},\"wordCount\":591,\"image\":{\"@id\":\"https:\\\/\\\/mocliege.be\\\/ciep\\\/un-collectif-de-locataires-solidaires-a-liege\\\/#primaryimage\"},\"thumbnailUrl\":\"https:\\\/\\\/mocliege.be\\\/ciep\\\/wp-content\\\/uploads\\\/sites\\\/2\\\/2026\\\/09\\\/IMG_20250613_152625_881-scaled.jpg\",\"keywords\":[\"Ciep\"],\"articleSection\":[\"Logement\"],\"inLanguage\":\"fr-FR\"},{\"@type\":\"WebPage\",\"@id\":\"https:\\\/\\\/mocliege.be\\\/ciep\\\/un-collectif-de-locataires-solidaires-a-liege\\\/\",\"url\":\"https:\\\/\\\/mocliege.be\\\/ciep\\\/un-collectif-de-locataires-solidaires-a-liege\\\/\",\"name\":\"Un Collectif de Locataires Solidaires \u00e0 Li\u00e8ge - Ciep\",\"isPartOf\":{\"@id\":\"https:\\\/\\\/mocliege.be\\\/ciep\\\/#website\"},\"primaryImageOfPage\":{\"@id\":\"https:\\\/\\\/mocliege.be\\\/ciep\\\/un-collectif-de-locataires-solidaires-a-liege\\\/#primaryimage\"},\"image\":{\"@id\":\"https:\\\/\\\/mocliege.be\\\/ciep\\\/un-collectif-de-locataires-solidaires-a-liege\\\/#primaryimage\"},\"thumbnailUrl\":\"https:\\\/\\\/mocliege.be\\\/ciep\\\/wp-content\\\/uploads\\\/sites\\\/2\\\/2026\\\/09\\\/IMG_20250613_152625_881-scaled.jpg\",\"datePublished\":\"2026-09-03T14:26:11+00:00\",\"author\":{\"@id\":\"https:\\\/\\\/mocliege.be\\\/ciep\\\/#\\\/schema\\\/person\\\/1066cd6a48787ba391319ff748d4ef1f\"},\"breadcrumb\":{\"@id\":\"https:\\\/\\\/mocliege.be\\\/ciep\\\/un-collectif-de-locataires-solidaires-a-liege\\\/#breadcrumb\"},\"inLanguage\":\"fr-FR\",\"potentialAction\":[{\"@type\":\"ReadAction\",\"target\":[\"https:\\\/\\\/mocliege.be\\\/ciep\\\/un-collectif-de-locataires-solidaires-a-liege\\\/\"]}]},{\"@type\":\"ImageObject\",\"inLanguage\":\"fr-FR\",\"@id\":\"https:\\\/\\\/mocliege.be\\\/ciep\\\/un-collectif-de-locataires-solidaires-a-liege\\\/#primaryimage\",\"url\":\"https:\\\/\\\/mocliege.be\\\/ciep\\\/wp-content\\\/uploads\\\/sites\\\/2\\\/2026\\\/09\\\/IMG_20250613_152625_881-scaled.jpg\",\"contentUrl\":\"https:\\\/\\\/mocliege.be\\\/ciep\\\/wp-content\\\/uploads\\\/sites\\\/2\\\/2026\\\/09\\\/IMG_20250613_152625_881-scaled.jpg\",\"width\":2560,\"height\":1920},{\"@type\":\"BreadcrumbList\",\"@id\":\"https:\\\/\\\/mocliege.be\\\/ciep\\\/un-collectif-de-locataires-solidaires-a-liege\\\/#breadcrumb\",\"itemListElement\":[{\"@type\":\"ListItem\",\"position\":1,\"name\":\"Accueil\",\"item\":\"https:\\\/\\\/mocliege.be\\\/ciep\\\/\"},{\"@type\":\"ListItem\",\"position\":2,\"name\":\"Un Collectif de Locataires Solidaires \u00e0 Li\u00e8ge\"}]},{\"@type\":\"WebSite\",\"@id\":\"https:\\\/\\\/mocliege.be\\\/ciep\\\/#website\",\"url\":\"https:\\\/\\\/mocliege.be\\\/ciep\\\/\",\"name\":\"Ciep\",\"description\":\"Un site utilisant Sites du MOC - Li\u00e8ge\",\"potentialAction\":[{\"@type\":\"SearchAction\",\"target\":{\"@type\":\"EntryPoint\",\"urlTemplate\":\"https:\\\/\\\/mocliege.be\\\/ciep\\\/?s={search_term_string}\"},\"query-input\":{\"@type\":\"PropertyValueSpecification\",\"valueRequired\":true,\"valueName\":\"search_term_string\"}}],\"inLanguage\":\"fr-FR\"},{\"@type\":\"Person\",\"@id\":\"https:\\\/\\\/mocliege.be\\\/ciep\\\/#\\\/schema\\\/person\\\/1066cd6a48787ba391319ff748d4ef1f\",\"name\":\"dupont\",\"image\":{\"@type\":\"ImageObject\",\"inLanguage\":\"fr-FR\",\"@id\":\"https:\\\/\\\/secure.gravatar.com\\\/avatar\\\/0fd77338164080c9ebd7448404a295ff45f10f24a0a0a114a38fdf73a479489d?s=96&d=mm&r=g\",\"url\":\"https:\\\/\\\/secure.gravatar.com\\\/avatar\\\/0fd77338164080c9ebd7448404a295ff45f10f24a0a0a114a38fdf73a479489d?s=96&d=mm&r=g\",\"contentUrl\":\"https:\\\/\\\/secure.gravatar.com\\\/avatar\\\/0fd77338164080c9ebd7448404a295ff45f10f24a0a0a114a38fdf73a479489d?s=96&d=mm&r=g\",\"caption\":\"dupont\"},\"url\":\"https:\\\/\\\/mocliege.be\\\/ciep\\\/author\\\/dupont\\\/\"}]}<\/script>\n<!-- \/ Yoast SEO plugin. -->","yoast_head_json":{"title":"Un Collectif de Locataires Solidaires \u00e0 Li\u00e8ge - Ciep","robots":{"index":"index","follow":"follow","max-snippet":"max-snippet:-1","max-image-preview":"max-image-preview:large","max-video-preview":"max-video-preview:-1"},"canonical":"https:\/\/mocliege.be\/ciep\/un-collectif-de-locataires-solidaires-a-liege\/","og_locale":"fr_FR","og_type":"article","og_title":"Un Collectif de Locataires Solidaires \u00e0 Li\u00e8ge - Ciep","og_description":"Le C.I.E.P. de Li\u00e8ge soutient autant que possible le droit \u00e0 un logement d\u00e9cent et [&hellip;]","og_url":"https:\/\/mocliege.be\/ciep\/un-collectif-de-locataires-solidaires-a-liege\/","og_site_name":"Ciep","article_published_time":"2026-09-03T14:26:11+00:00","og_image":[{"width":2560,"height":1920,"url":"https:\/\/mocliege.be\/ciep\/wp-content\/uploads\/sites\/2\/2026\/09\/IMG_20250613_152625_881-scaled.jpg","type":"image\/jpeg"}],"author":"dupont","twitter_card":"summary_large_image","twitter_misc":{"\u00c9crit par":"dupont","Dur\u00e9e de lecture estim\u00e9e":"4 minutes"},"schema":{"@context":"https:\/\/schema.org","@graph":[{"@type":"Article","@id":"https:\/\/mocliege.be\/ciep\/un-collectif-de-locataires-solidaires-a-liege\/#article","isPartOf":{"@id":"https:\/\/mocliege.be\/ciep\/un-collectif-de-locataires-solidaires-a-liege\/"},"author":{"name":"dupont","@id":"https:\/\/mocliege.be\/ciep\/#\/schema\/person\/1066cd6a48787ba391319ff748d4ef1f"},"headline":"Un Collectif de Locataires Solidaires \u00e0 Li\u00e8ge","datePublished":"2026-09-03T14:26:11+00:00","mainEntityOfPage":{"@id":"https:\/\/mocliege.be\/ciep\/un-collectif-de-locataires-solidaires-a-liege\/"},"wordCount":591,"image":{"@id":"https:\/\/mocliege.be\/ciep\/un-collectif-de-locataires-solidaires-a-liege\/#primaryimage"},"thumbnailUrl":"https:\/\/mocliege.be\/ciep\/wp-content\/uploads\/sites\/2\/2026\/09\/IMG_20250613_152625_881-scaled.jpg","keywords":["Ciep"],"articleSection":["Logement"],"inLanguage":"fr-FR"},{"@type":"WebPage","@id":"https:\/\/mocliege.be\/ciep\/un-collectif-de-locataires-solidaires-a-liege\/","url":"https:\/\/mocliege.be\/ciep\/un-collectif-de-locataires-solidaires-a-liege\/","name":"Un Collectif de Locataires Solidaires \u00e0 Li\u00e8ge - Ciep","isPartOf":{"@id":"https:\/\/mocliege.be\/ciep\/#website"},"primaryImageOfPage":{"@id":"https:\/\/mocliege.be\/ciep\/un-collectif-de-locataires-solidaires-a-liege\/#primaryimage"},"image":{"@id":"https:\/\/mocliege.be\/ciep\/un-collectif-de-locataires-solidaires-a-liege\/#primaryimage"},"thumbnailUrl":"https:\/\/mocliege.be\/ciep\/wp-content\/uploads\/sites\/2\/2026\/09\/IMG_20250613_152625_881-scaled.jpg","datePublished":"2026-09-03T14:26:11+00:00","author":{"@id":"https:\/\/mocliege.be\/ciep\/#\/schema\/person\/1066cd6a48787ba391319ff748d4ef1f"},"breadcrumb":{"@id":"https:\/\/mocliege.be\/ciep\/un-collectif-de-locataires-solidaires-a-liege\/#breadcrumb"},"inLanguage":"fr-FR","potentialAction":[{"@type":"ReadAction","target":["https:\/\/mocliege.be\/ciep\/un-collectif-de-locataires-solidaires-a-liege\/"]}]},{"@type":"ImageObject","inLanguage":"fr-FR","@id":"https:\/\/mocliege.be\/ciep\/un-collectif-de-locataires-solidaires-a-liege\/#primaryimage","url":"https:\/\/mocliege.be\/ciep\/wp-content\/uploads\/sites\/2\/2026\/09\/IMG_20250613_152625_881-scaled.jpg","contentUrl":"https:\/\/mocliege.be\/ciep\/wp-content\/uploads\/sites\/2\/2026\/09\/IMG_20250613_152625_881-scaled.jpg","width":2560,"height":1920},{"@type":"BreadcrumbList","@id":"https:\/\/mocliege.be\/ciep\/un-collectif-de-locataires-solidaires-a-liege\/#breadcrumb","itemListElement":[{"@type":"ListItem","position":1,"name":"Accueil","item":"https:\/\/mocliege.be\/ciep\/"},{"@type":"ListItem","position":2,"name":"Un Collectif de Locataires Solidaires \u00e0 Li\u00e8ge"}]},{"@type":"WebSite","@id":"https:\/\/mocliege.be\/ciep\/#website","url":"https:\/\/mocliege.be\/ciep\/","name":"Ciep","description":"Un site utilisant Sites du MOC - Li\u00e8ge","potentialAction":[{"@type":"SearchAction","target":{"@type":"EntryPoint","urlTemplate":"https:\/\/mocliege.be\/ciep\/?s={search_term_string}"},"query-input":{"@type":"PropertyValueSpecification","valueRequired":true,"valueName":"search_term_string"}}],"inLanguage":"fr-FR"},{"@type":"Person","@id":"https:\/\/mocliege.be\/ciep\/#\/schema\/person\/1066cd6a48787ba391319ff748d4ef1f","name":"dupont","image":{"@type":"ImageObject","inLanguage":"fr-FR","@id":"https:\/\/secure.gravatar.com\/avatar\/0fd77338164080c9ebd7448404a295ff45f10f24a0a0a114a38fdf73a479489d?s=96&d=mm&r=g","url":"https:\/\/secure.gravatar.com\/avatar\/0fd77338164080c9ebd7448404a295ff45f10f24a0a0a114a38fdf73a479489d?s=96&d=mm&r=g","contentUrl":"https:\/\/secure.gravatar.com\/avatar\/0fd77338164080c9ebd7448404a295ff45f10f24a0a0a114a38fdf73a479489d?s=96&d=mm&r=g","caption":"dupont"},"url":"https:\/\/mocliege.be\/ciep\/author\/dupont\/"}]}},"_links":{"self":[{"href":"https:\/\/mocliege.be\/ciep\/wp-json\/wp\/v2\/posts\/2204","targetHints":{"allow":["GET"]}}],"collection":[{"href":"https:\/\/mocliege.be\/ciep\/wp-json\/wp\/v2\/posts"}],"about":[{"href":"https:\/\/mocliege.be\/ciep\/wp-json\/wp\/v2\/types\/post"}],"author":[{"embeddable":true,"href":"https:\/\/mocliege.be\/ciep\/wp-json\/wp\/v2\/users\/28"}],"replies":[{"embeddable":true,"href":"https:\/\/mocliege.be\/ciep\/wp-json\/wp\/v2\/comments?post=2204"}],"version-history":[{"count":4,"href":"https:\/\/mocliege.be\/ciep\/wp-json\/wp\/v2\/posts\/2204\/revisions"}],"predecessor-version":[{"id":2210,"href":"https:\/\/mocliege.be\/ciep\/wp-json\/wp\/v2\/posts\/2204\/revisions\/2210"}],"wp:featuredmedia":[{"embeddable":true,"href":"https:\/\/mocliege.be\/ciep\/wp-json\/wp\/v2\/media\/2207"}],"wp:attachment":[{"href":"https:\/\/mocliege.be\/ciep\/wp-json\/wp\/v2\/media?parent=2204"}],"wp:term":[{"taxonomy":"category","embeddable":true,"href":"https:\/\/mocliege.be\/ciep\/wp-json\/wp\/v2\/categories?post=2204"},{"taxonomy":"post_tag","embeddable":true,"href":"https:\/\/mocliege.be\/ciep\/wp-json\/wp\/v2\/tags?post=2204"}],"curies":[{"name":"wp","href":"https:\/\/api.w.org\/{rel}","templated":true}]}}